{"id":661770,"date":"2025-04-01T00:00:38","date_gmt":"2025-04-01T06:00:38","guid":{"rendered":"https:\/\/www.diarioimagen.net\/?p=661770"},"modified":"2025-03-31T20:20:44","modified_gmt":"2025-04-01T02:20:44","slug":"espera-edomex-derrama-economica-de-7700-mdp-durante-semana-santa","status":"publish","type":"post","link":"https:\/\/www.diarioimagen.net\/?p=661770","title":{"rendered":"Espera Edomex derrama econ\u00f3mica  de 7,700 mdp durante Semana Santa"},"content":{"rendered":"<ul>\n<li><strong>Sectores restaurantero y hotelero los m\u00e1s beneficiados<\/strong><\/li>\n<li><strong>Invita a fomentar comercio formal y visitar municipios tur\u00edsticos para reactivar econom\u00eda<\/strong><\/li>\n<\/ul>\n<div id=\"attachment_661771\" style=\"width: 361px\" class=\"wp-caption alignnone\"><img loading=\"lazy\" decoding=\"async\" aria-describedby=\"caption-attachment-661771\" class=\"wp-image-661771 size-large\" src=\"https:\/\/www.diarioimagen.net\/wp-content\/uploads\/2025\/03\/EDOMEX1-ok-351x270.jpg\" alt=\"\" width=\"351\" height=\"270\" srcset=\"https:\/\/www.diarioimagen.net\/wp-content\/uploads\/2025\/03\/EDOMEX1-ok-351x270.jpg 351w, https:\/\/www.diarioimagen.net\/wp-content\/uploads\/2025\/03\/EDOMEX1-ok-240x185.jpg 240w, https:\/\/www.diarioimagen.net\/wp-content\/uploads\/2025\/03\/EDOMEX1-ok-768x591.jpg 768w, https:\/\/www.diarioimagen.net\/wp-content\/uploads\/2025\/03\/EDOMEX1-ok.jpg 1500w\" sizes=\"auto, (max-width: 351px) 100vw, 351px\" \/><p id=\"caption-attachment-661771\" class=\"wp-caption-text\">La Secretar\u00eda de Desarrollo Econ\u00f3mico del Estado de M\u00e9xico prev\u00e9 una derrama econ\u00f3mica alrededor de los 7 mil 700 millones de pesos, lo que significar\u00eda un incremento del 10 por ciento en comparaci\u00f3n con el 2024.<\/p><\/div>\n<p>&nbsp;<\/p>\n<p>Toluca, Estado de M\u00e9xico.- Con motivo del periodo vacacional de Semana Santa, la Secretar\u00eda de Desarrollo Econ\u00f3mico (Sedeco) del Estado de M\u00e9xico prev\u00e9 una derrama econ\u00f3mica alrededor de los 7 mil 700 millones de pesos, lo que significar\u00eda un incremento del 10 por ciento en comparaci\u00f3n con el 2024.<\/p>\n<p>&nbsp;<\/p>\n<p>&nbsp;<\/p>\n<p>De acuerdo con datos del Instituto Nacional de Estad\u00edstica y Geograf\u00eda (INEGI), en la entidad mexiquense existen 93 mil 099 empresas dedicadas a servicios tur\u00edsticos de alojamiento temporal y de preparaci\u00f3n de alimentos y bebidas, es decir, de los sectores hotelero y restaurantero, que dan empleo a 532 mil 848 mexiquenses, empresas que se espera sean las m\u00e1s beneficiadas durante esos d\u00edas.<\/p>\n<p>&nbsp;<\/p>\n<p>Sin embargo, no se puede dejar de lado a quienes se dedican a actividades relacionadas con los servicios de entretenimiento, culturales y deportivos, tiendas departamentales, de autoservicio, locales con venta de art\u00edculos religiosos, teatros, cines, distribuidores de pescado y mariscos, as\u00ed como los mercados p\u00fablicos, que tambi\u00e9n tendr\u00e1n un beneficio significativo.<\/p>\n<p>&nbsp;<\/p>\n<p>Laura Gonz\u00e1lez Hern\u00e1ndez, titular de la Sedeco, invita a la poblaci\u00f3n a realizar un consumo responsable, sobre todo a adquirir productos y servicios en establecimientos reconocidos para apoyar al comercio formal; tambi\u00e9n pide planificar, para proteger la econom\u00eda personal y familiar.<\/p>\n<p>&nbsp;<\/p>\n<p>&nbsp;<\/p>\n<p>Finalmente, se recuerda que el Estado de M\u00e9xico cuenta con Pueblos M\u00e1gicos y con Encanto como Valle de Bravo, Ixtapan de la Sal, Malinalco, Tonatico y San Juan Teotihuac\u00e1n que se pueden visitar en esta temporada para reactivar la econom\u00eda mexiquense, uno de los objetivos de la administraci\u00f3n de la Gobernadora Delfina G\u00f3mez \u00c1lvarez.<\/p>\n<p>&nbsp;<\/p>\n<p><strong>\u00a0<\/strong><\/p>\n","protected":false},"excerpt":{"rendered":"<p>Sectores restaurantero y hotelero los m\u00e1s beneficiados Invita a fomentar comercio formal y visitar municipios tur\u00edsticos para reactivar econom\u00eda &nbsp; Toluca, Estado de M\u00e9xico.- Con motivo del periodo vacacional de Semana Santa, la Secretar\u00eda de Desarrollo Econ\u00f3mico (Sedeco) del Estado de M\u00e9xico prev\u00e9 una derrama econ\u00f3mica alrededor de los 7 mil 700 millones de pesos, [&hellip;]<\/p>\n","protected":false},"author":14,"featured_media":661771,"comment_status":"open","ping_status":"open","sticky":false,"template":"","format":"standard","meta":{"_monsterinsights_skip_tracking":false,"_monsterinsights_sitenote_active":false,"_monsterinsights_sitenote_note":"","_monsterinsights_sitenote_category":0,"footnotes":""},"categories":[16,5],"tags":[],"class_list":["post-661770","post","type-post","status-publish","format-standard","has-post-thumbnail","hentry","category-destacadas","category-estado-de-mexico"],"_links":{"self":[{"href":"https:\/\/www.diarioimagen.net\/index.php?rest_route=\/wp\/v2\/posts\/661770","targetHints":{"allow":["GET"]}}],"collection":[{"href":"https:\/\/www.diarioimagen.net\/index.php?rest_route=\/wp\/v2\/posts"}],"about":[{"href":"https:\/\/www.diarioimagen.net\/index.php?rest_route=\/wp\/v2\/types\/post"}],"author":[{"embeddable":true,"href":"https:\/\/www.diarioimagen.net\/index.php?rest_route=\/wp\/v2\/users\/14"}],"replies":[{"embeddable":true,"href":"https:\/\/www.diarioimagen.net\/index.php?rest_route=%2Fwp%2Fv2%2Fcomments&post=661770"}],"version-history":[{"count":1,"href":"https:\/\/www.diarioimagen.net\/index.php?rest_route=\/wp\/v2\/posts\/661770\/revisions"}],"predecessor-version":[{"id":661772,"href":"https:\/\/www.diarioimagen.net\/index.php?rest_route=\/wp\/v2\/posts\/661770\/revisions\/661772"}],"wp:featuredmedia":[{"embeddable":true,"href":"https:\/\/www.diarioimagen.net\/index.php?rest_route=\/wp\/v2\/media\/661771"}],"wp:attachment":[{"href":"https:\/\/www.diarioimagen.net\/index.php?rest_route=%2Fwp%2Fv2%2Fmedia&parent=661770"}],"wp:term":[{"taxonomy":"category","embeddable":true,"href":"https:\/\/www.diarioimagen.net\/index.php?rest_route=%2Fwp%2Fv2%2Fcategories&post=661770"},{"taxonomy":"post_tag","embeddable":true,"href":"https:\/\/www.diarioimagen.net\/index.php?rest_route=%2Fwp%2Fv2%2Ftags&post=661770"}],"curies":[{"name":"wp","href":"https:\/\/api.w.org\/{rel}","templated":true}]}}