{"id":661889,"date":"2025-04-02T00:00:04","date_gmt":"2025-04-02T06:00:04","guid":{"rendered":"https:\/\/www.diarioimagen.net\/?p=661889"},"modified":"2025-04-01T19:46:48","modified_gmt":"2025-04-02T01:46:48","slug":"ratifican-apoyo-a-pedro-rodriguez-en-eleccion-de-copacis-en-atizapan","status":"publish","type":"post","link":"https:\/\/www.diarioimagen.net\/?p=661889","title":{"rendered":"Ratifican apoyo a Pedro Rodr\u00edguez  en elecci\u00f3n de Copacis en Atizap\u00e1n"},"content":{"rendered":"<ul>\n<li><strong>Gran participaci\u00f3n ciudadana<\/strong><\/li>\n<\/ul>\n<div id=\"attachment_661890\" style=\"width: 392px\" class=\"wp-caption alignnone\"><img loading=\"lazy\" decoding=\"async\" aria-describedby=\"caption-attachment-661890\" class=\"wp-image-661890 size-large\" src=\"https:\/\/www.diarioimagen.net\/wp-content\/uploads\/2025\/04\/BAENA-3-ok-382x270.jpg\" alt=\"\" width=\"382\" height=\"270\" srcset=\"https:\/\/www.diarioimagen.net\/wp-content\/uploads\/2025\/04\/BAENA-3-ok-382x270.jpg 382w, https:\/\/www.diarioimagen.net\/wp-content\/uploads\/2025\/04\/BAENA-3-ok-240x170.jpg 240w, https:\/\/www.diarioimagen.net\/wp-content\/uploads\/2025\/04\/BAENA-3-ok-768x543.jpg 768w, https:\/\/www.diarioimagen.net\/wp-content\/uploads\/2025\/04\/BAENA-3-ok-1536x1087.jpg 1536w, https:\/\/www.diarioimagen.net\/wp-content\/uploads\/2025\/04\/BAENA-3-ok-2048x1449.jpg 2048w, https:\/\/www.diarioimagen.net\/wp-content\/uploads\/2025\/04\/BAENA-3-ok-90x65.jpg 90w\" sizes=\"auto, (max-width: 382px) 100vw, 382px\" \/><p id=\"caption-attachment-661890\" class=\"wp-caption-text\">En la elecci\u00f3n de autoridades auxiliares se registr\u00f3 una gran participaci\u00f3n de los habitantes de Atizap\u00e1n, quienes refrendaron su compromiso de trabajar de la mano del gobierno del alcalde Pedro Rodr\u00edguez Villegas.<\/p><\/div>\n<p>&nbsp;<\/p>\n<p>Por Arturo Baena<\/p>\n<p>&nbsp;<\/p>\n<p>Atizap\u00e1n de Zaragoza, M\u00e9x.- Durante la jornada en la que se llev\u00f3 a cabo la elecci\u00f3n de las autoridades auxiliares, (Copacis) se registr\u00f3 una gran participaci\u00f3n de los habitantes de este municipio, quienes refrendaron su compromiso de trabajar de la mano del gobierno que encabeza el alcalde Pedro Rodr\u00edguez Villegas.<\/p>\n<p>&nbsp;<\/p>\n<p>Al cierre de las urnas del\u00a0 domingo 30 de marzo, al filo de las 18:00 horas, en diversas colonias en donde se habilitaron las casillas, se daba cuenta a trav\u00e9s de las s\u00e1banas, el triunfo de las planillas que participaron en esta contienda. El triunfo de la ciudadan\u00eda fue inobjetable.<\/p>\n<p>&nbsp;<\/p>\n<p>El proceso de elecci\u00f3n se llev\u00f3 a cabo mediante el voto universal, libre, secreto, directo, personal e intransferible de las y los ciudadanos atizapenses.<\/p>\n<p>&nbsp;<\/p>\n<p>Prueba de lo anterior se destaca que de los 78 Copacis en disputa, 69 fueron ganados por ciudadanos que se identifican con la visi\u00f3n y los proyectos impulsados por la administraci\u00f3n actual.<\/p>\n<p>&nbsp;<\/p>\n<p>Ello representa un contundente respaldo a la forma en que se han llevado a cabo las acciones de gobierno en los \u00faltimos a\u00f1os.<\/p>\n<p>&nbsp;<\/p>\n<p>Si bien es importante reconocer la diversidad pol\u00edtica del municipio, con solo el 8 % para Morena,\u00a0\u00a0 el resultado general refleja un claro apoyo a las propuestas y el trabajo realizado por las autoridades municipales.<\/p>\n<p>&nbsp;<\/p>\n<p>Los l\u00edderes\u00a0 ganadores han destacado la importancia de trabajar de la mano con el gobierno municipal para impulsar el desarrollo de sus colonias. En sus declaraciones, han enfatizado la necesidad de una colaboraci\u00f3n estrecha y constructiva para atender las necesidades de la ciudadan\u00eda y mejorar la calidad de vida en Atizap\u00e1n de Zaragoza.<\/p>\n<p>&nbsp;<\/p>\n<p>&nbsp;<\/p>\n<p><strong>\u00a0<\/strong><\/p>\n","protected":false},"excerpt":{"rendered":"<p>Gran participaci\u00f3n ciudadana &nbsp; Por Arturo Baena &nbsp; Atizap\u00e1n de Zaragoza, M\u00e9x.- Durante la jornada en la que se llev\u00f3 a cabo la elecci\u00f3n de las autoridades auxiliares, (Copacis) se registr\u00f3 una gran participaci\u00f3n de los habitantes de este municipio, quienes refrendaron su compromiso de trabajar de la mano del gobierno que encabeza el alcalde [&hellip;]<\/p>\n","protected":false},"author":14,"featured_media":661890,"comment_status":"open","ping_status":"open","sticky":false,"template":"","format":"standard","meta":{"_monsterinsights_skip_tracking":false,"_monsterinsights_sitenote_active":false,"_monsterinsights_sitenote_note":"","_monsterinsights_sitenote_category":0,"footnotes":""},"categories":[5],"tags":[],"class_list":["post-661889","post","type-post","status-publish","format-standard","has-post-thumbnail","hentry","category-estado-de-mexico"],"_links":{"self":[{"href":"https:\/\/www.diarioimagen.net\/index.php?rest_route=\/wp\/v2\/posts\/661889","targetHints":{"allow":["GET"]}}],"collection":[{"href":"https:\/\/www.diarioimagen.net\/index.php?rest_route=\/wp\/v2\/posts"}],"about":[{"href":"https:\/\/www.diarioimagen.net\/index.php?rest_route=\/wp\/v2\/types\/post"}],"author":[{"embeddable":true,"href":"https:\/\/www.diarioimagen.net\/index.php?rest_route=\/wp\/v2\/users\/14"}],"replies":[{"embeddable":true,"href":"https:\/\/www.diarioimagen.net\/index.php?rest_route=%2Fwp%2Fv2%2Fcomments&post=661889"}],"version-history":[{"count":1,"href":"https:\/\/www.diarioimagen.net\/index.php?rest_route=\/wp\/v2\/posts\/661889\/revisions"}],"predecessor-version":[{"id":661891,"href":"https:\/\/www.diarioimagen.net\/index.php?rest_route=\/wp\/v2\/posts\/661889\/revisions\/661891"}],"wp:featuredmedia":[{"embeddable":true,"href":"https:\/\/www.diarioimagen.net\/index.php?rest_route=\/wp\/v2\/media\/661890"}],"wp:attachment":[{"href":"https:\/\/www.diarioimagen.net\/index.php?rest_route=%2Fwp%2Fv2%2Fmedia&parent=661889"}],"wp:term":[{"taxonomy":"category","embeddable":true,"href":"https:\/\/www.diarioimagen.net\/index.php?rest_route=%2Fwp%2Fv2%2Fcategories&post=661889"},{"taxonomy":"post_tag","embeddable":true,"href":"https:\/\/www.diarioimagen.net\/index.php?rest_route=%2Fwp%2Fv2%2Ftags&post=661889"}],"curies":[{"name":"wp","href":"https:\/\/api.w.org\/{rel}","templated":true}]}}