{"id":661951,"date":"2025-04-02T00:00:19","date_gmt":"2025-04-02T06:00:19","guid":{"rendered":"https:\/\/www.diarioimagen.net\/?p=661951"},"modified":"2025-04-01T20:10:20","modified_gmt":"2025-04-02T02:10:20","slug":"sin-t-mec-no-hay-4t","status":"publish","type":"post","link":"https:\/\/www.diarioimagen.net\/?p=661951","title":{"rendered":"Sin T-MEC no hay 4T\u00a0\u00a0 \u00a0\u00a0"},"content":{"rendered":"<p><strong>\u00a0TRAS LA PUERTA DEL PODER Roberto Vizca\u00edno<\/strong><\/p>\n<p><strong>\u00a0<\/strong><\/p>\n<p>&nbsp;<\/p>\n<p><strong>\u00a0<\/strong><\/p>\n<p>Hoy, finalmente, cada pa\u00eds en este mundo sabr\u00e1 que parte le tocar\u00e1 de los aranceles de\u00a0<strong>Trump<\/strong>.<\/p>\n<p>Los habr\u00e1 de todos tama\u00f1os y alcances.<\/p>\n<p>Donde no hay sorpresas es en los aranceles y gran impacto, de los m\u00e1s fuertes, que corresponde a nosotros, a M\u00e9xico.<\/p>\n<p>Hoy s\u00ed aplica el hist\u00f3rico lamento del periodista\u00a0<strong>Jos\u00e9 Nemesio Garc\u00eda Naranjo<\/strong>\u00a0-y popularmente atribuido a\u00a0<strong>Porfirio D\u00edaz-, de<\/strong>: \u201c\u00a1<em>Pobre M\u00e9xico, tan lejos de Dios y tan cerca de Estados Unidos<\/em>!\u201d\u200b\u200b<\/p>\n<p>La circunstancia por dem\u00e1s favorable que nos benefici\u00f3 durante al menos 20 a\u00f1os como vecinos y socios econ\u00f3micos principales por el\u00a0<strong>TLC-T-MEC<\/strong>\u00a0hoy se nos revierte dram\u00e1ticamente.<\/p>\n<p>Nuestras cadenas de producci\u00f3n y comercializaci\u00f3n dependen en casi 90% de esa relaci\u00f3n. Alt\u00edsima dependencia porque no aprovechamos los tiempos buenos para diversificar nuestros mercados.<\/p>\n<p>Nos engolosinamos con lo que nos representaba de ingresos el mayor mercado en el mundo, una relaci\u00f3n anual por sobre los 600 mil millones de d\u00f3lares y ahora habr\u00e1 que pagar el costo.<\/p>\n<p>Duros detractores, casi enemigos del TLC ideado, impulsado y concretado en 1994 por\u00a0<strong>Carlos Salinas de Gortari<\/strong>, muchos de quienes forman parte de las c\u00fapulas de corrientes y tribus de la 4T, especialmente del\u00a0<em>jefe pluma blanca<\/em>\u00a0de Macuspana\u00a0<strong>Andr\u00e9s Manuel L\u00f3pez Obrador<\/strong>, quien durante a\u00f1os y hasta con un libro cuestion\u00f3 ese tratado, hoy lloran y gimen ante la posibilidad de que el T-MEC se hunda y desaparezca ante el embate de\u00a0<strong>Donald Trump<\/strong>.<\/p>\n<p>Hoy, todo indica que, con sus aranceles, y con el estallido de una guerra comercial mundial, la primera de sus v\u00edctimas ser\u00e1 justamente el T-MEC.<\/p>\n<p>No hay forma de que este tratado pueda sobrevivir a esos aranceles.<\/p>\n<p>Todos, expertos o no, de uno y otro lados, de todas las corrientes y partidos, coinciden en que sin T-MEC vamos directo un desastre econ\u00f3mico: desempleo, fuga de capitales, cierre y traslado de industrias a EU, ahogamiento de poblaciones enteras que hoy viven alrededor de la actividad industrial o de producci\u00f3n que es la fuente de comercializaci\u00f3n dentro del T-MEC.<\/p>\n<p>Trastocado este contexto, el gobierno de\u00a0<strong>Claudia Sheinbaum<\/strong>\u00a0enfrentar\u00e1 -dicen quienes saben de esto- baja recaudaci\u00f3n e insuficiencia financiera para enfrentar la enorme deuda interna y externa; el sostenimiento de los programas de bienestar de reparto de dinero y todo lo que representa la administraci\u00f3n p\u00fablica -seguridad, educaci\u00f3n, salud, etc- y la realizaci\u00f3n de sus obras.<\/p>\n<p>O sea: sin T-MEC no hay 4T. As\u00ed de sencillo y crudo.<\/p>\n<p>A contrapelo de este escenario, Claudia Sheinbaum y su equipo afirman que nada de eso pasar\u00e1, que para ello tiene plan B, C, D, etc\u2026<\/p>\n<p>Y que ser\u00e1 a partir de que\u00a0<strong>Trump<\/strong>\u00a0de a conocer c\u00f3mo aplicar\u00e1 sus aranceles, que ella de a conocer el rumbo que escoger\u00e1 para M\u00e9xico.<\/p>\n<p>No nos queda mas que esperar.<\/p>\n<p>&nbsp;<\/p>\n<p>&nbsp;<\/p>\n<p><strong>Preocupaci\u00f3n fundada<\/strong><\/p>\n<p>&nbsp;<\/p>\n<p>Uno de los actores del poder de la 4T que no esconde su preocupaci\u00f3n es Ricardo Monreal, coordinador de la bancada mayoritaria de Morena en San L\u00e1zaro y presidente de la Junta de Coordinaci\u00f3n Pol\u00edtica.<\/p>\n<p>Interrogado sobre los Pre-Criterios de Pol\u00edtica Econ\u00f3mica para el 2026 que debieron llegar ya a la C\u00e1mara de Diputados, el zacatecano indic\u00f3 que pr\u00e1cticamente todo eso est\u00e1 en suspenso en el Congreso en espera de que el presidente\u00a0<strong>Trump<\/strong>\u00a0d\u00e9 a conocer sus aranceles.<\/p>\n<p>\u201cVamos a esperar\u2026 no queremos adelantar v\u00edsperas. En efecto, hay plazos que la Constituci\u00f3n y la ley establecen para recibir todo ese tipo de documentos, criterios econ\u00f3micos, criterios sociales.<\/p>\n<p>\u201cAhora estamos en la revisi\u00f3n del\u00a0<strong>Plan Nacional de Desarrollo<\/strong>, las opiniones de las comisiones, de cada una de ellas, y estamos revisando todo el Plan Nacional de Desarrollo, de aqu\u00ed a los primeros d\u00edas de este mes.<\/p>\n<p>\u201cPero todos los criterios econ\u00f3micos que nos lleguen, vamos a esperar que nos lleguen y los vamos a revisar. Evidentemente, la pol\u00edtica arancelaria, unilateral del presidente\u00a0<strong>Trump<\/strong>, que puede darse a conocer ma\u00f1ana, 2 de abril (hoy), nos afecta y repercute en el empleo, en la econom\u00eda, en el desarrollo.<\/p>\n<p>\u201cNadie puede negar, ni debe minimizar, los efectos que pueden provocar si se aplica el 25 por ciento a la industria automotriz y automotores, autopartes. Ser\u00eda muy lamentable, porque esto provocar\u00eda una agudizaci\u00f3n mayor en este sector que genera tanto empleo en el pa\u00eds.<\/p>\n<p>\u201cSon de acero y son aluminio. Esas dos materias primas son claves para cualquier industria y el hecho de que se apliquen aranceles nos afecta y disminuye el potencial que tenemos tambi\u00e9n para la industria de la construcci\u00f3n.<\/p>\n<p>\u201cNo lo sabemos. Vamos a esperar, porque, primero hay que esperar el anuncio del presidente\u00a0<strong>Trump<\/strong>\u00a0y luego esperar que nos env\u00eden los Pre-Criterios de Pol\u00edtica Econ\u00f3mica.<\/p>\n<p>&nbsp;<\/p>\n<p><strong>Intentos de \u00faltima hora<\/strong><\/p>\n<p>&nbsp;<\/p>\n<p>En este contexto, el secretario de Relaciones Exteriores, Juan Ram\u00f3n de la Fuente, busc\u00f3 y convers\u00f3 por tel\u00e9fono con el secretario de Estado de EU Marco Rubio con quien abog\u00f3 por el mantenimiento del T-MEC.<\/p>\n<p>\u00abEn cuanto a los temas econ\u00f3micos y en relaci\u00f3n al T-MEC, el canciller De la Fuente reiter\u00f3 que toda vez que el Tratado ha tra\u00eddo beneficios a los tres pa\u00edses, este deber\u00eda de mantenerse vigente e iniciar en breve su revisi\u00f3n\u00bb, refiri\u00f3 en un comunicado la Canciller\u00eda.<\/p>\n<p>\u00abEl secretario Rubio mencion\u00f3 que hab\u00eda que redoblar esfuerzos para controlar el tr\u00e1fico il\u00edcito de armas desde Estados Unidos hacia M\u00e9xico y otros pa\u00edses de la regi\u00f3n, con respeto a las soberan\u00edas\u00bb, indic\u00f3 el comunicado.<\/p>\n<p>La conversaci\u00f3n se dio al tiempo de una sorpresiva visita del secretario de Seguridad y Protecci\u00f3n Ciudadana de M\u00e9xico,<strong>\u00a0Omar Garc\u00eda Harfuch<\/strong>, a Washington, para encuentros con funcionarios del Departamento de Estado y de Seguridad.<\/p>\n<p>Lo que se sostuvo fue el aviso de que el presidente Donald Trump dar\u00e1 a conocer hoy 2 de abril de 2025 sus aranceles generalizados a partir de las 2 de la tarde hora de M\u00e9xico, para ser aplicados de inmediato.<\/p>\n<p>&nbsp;<\/p>\n<p>\/ Twitter: @_Vizcaino \/ Facebook<\/p>\n<p>\/\u00a0<a href=\"https:\/\/www.facebook.com\/rvizcainoa\">https:\/\/www.facebook.com\/rvizcainoa<\/a><\/p>\n<p>&nbsp;<\/p>\n","protected":false},"excerpt":{"rendered":"<p>\u00a0TRAS LA PUERTA DEL PODER Roberto Vizca\u00edno \u00a0 &nbsp; \u00a0 Hoy, finalmente, cada pa\u00eds en este mundo sabr\u00e1 que parte le tocar\u00e1 de los aranceles de\u00a0Trump. Los habr\u00e1 de todos tama\u00f1os y alcances. Donde no hay sorpresas es en los aranceles y gran impacto, de los m\u00e1s fuertes, que corresponde a nosotros, a M\u00e9xico. Hoy [&hellip;]<\/p>\n","protected":false},"author":14,"featured_media":0,"comment_status":"open","ping_status":"open","sticky":false,"template":"","format":"standard","meta":{"_monsterinsights_skip_tracking":false,"_monsterinsights_sitenote_active":false,"_monsterinsights_sitenote_note":"","_monsterinsights_sitenote_category":0,"footnotes":""},"categories":[4,136],"tags":[],"class_list":["post-661951","post","type-post","status-publish","format-standard","hentry","category-opinion","category-roberto-vizcaino-opinion"],"_links":{"self":[{"href":"https:\/\/www.diarioimagen.net\/index.php?rest_route=\/wp\/v2\/posts\/661951","targetHints":{"allow":["GET"]}}],"collection":[{"href":"https:\/\/www.diarioimagen.net\/index.php?rest_route=\/wp\/v2\/posts"}],"about":[{"href":"https:\/\/www.diarioimagen.net\/index.php?rest_route=\/wp\/v2\/types\/post"}],"author":[{"embeddable":true,"href":"https:\/\/www.diarioimagen.net\/index.php?rest_route=\/wp\/v2\/users\/14"}],"replies":[{"embeddable":true,"href":"https:\/\/www.diarioimagen.net\/index.php?rest_route=%2Fwp%2Fv2%2Fcomments&post=661951"}],"version-history":[{"count":1,"href":"https:\/\/www.diarioimagen.net\/index.php?rest_route=\/wp\/v2\/posts\/661951\/revisions"}],"predecessor-version":[{"id":661952,"href":"https:\/\/www.diarioimagen.net\/index.php?rest_route=\/wp\/v2\/posts\/661951\/revisions\/661952"}],"wp:attachment":[{"href":"https:\/\/www.diarioimagen.net\/index.php?rest_route=%2Fwp%2Fv2%2Fmedia&parent=661951"}],"wp:term":[{"taxonomy":"category","embeddable":true,"href":"https:\/\/www.diarioimagen.net\/index.php?rest_route=%2Fwp%2Fv2%2Fcategories&post=661951"},{"taxonomy":"post_tag","embeddable":true,"href":"https:\/\/www.diarioimagen.net\/index.php?rest_route=%2Fwp%2Fv2%2Ftags&post=661951"}],"curies":[{"name":"wp","href":"https:\/\/api.w.org\/{rel}","templated":true}]}}