{"id":662052,"date":"2025-04-03T00:00:27","date_gmt":"2025-04-03T06:00:27","guid":{"rendered":"https:\/\/www.diarioimagen.net\/?p=662052"},"modified":"2025-04-02T20:27:23","modified_gmt":"2025-04-03T02:27:23","slug":"promueve-el-bienestar-animal-con-capacitacion-y-jornadas-de-esterilizacion","status":"publish","type":"post","link":"https:\/\/www.diarioimagen.net\/?p=662052","title":{"rendered":"Promueve el bienestar animal con capacitaci\u00f3n y jornadas de esterilizaci\u00f3n"},"content":{"rendered":"<ul>\n<li><strong>Fomentan la adopci\u00f3n responsable en Ecatepec<\/strong><\/li>\n<\/ul>\n<p><strong>\u00a0<\/strong><\/p>\n<p><strong>\u00a0<\/strong><\/p>\n<p><strong>\u00a0<\/strong><\/p>\n<div id=\"attachment_662053\" style=\"width: 415px\" class=\"wp-caption alignnone\"><img loading=\"lazy\" decoding=\"async\" aria-describedby=\"caption-attachment-662053\" class=\"wp-image-662053 size-large\" src=\"https:\/\/www.diarioimagen.net\/wp-content\/uploads\/2025\/04\/EDOMEX-2-ok-1-405x270.jpg\" alt=\"\" width=\"405\" height=\"270\" srcset=\"https:\/\/www.diarioimagen.net\/wp-content\/uploads\/2025\/04\/EDOMEX-2-ok-1-405x270.jpg 405w, https:\/\/www.diarioimagen.net\/wp-content\/uploads\/2025\/04\/EDOMEX-2-ok-1-240x160.jpg 240w, https:\/\/www.diarioimagen.net\/wp-content\/uploads\/2025\/04\/EDOMEX-2-ok-1-768x511.jpg 768w, https:\/\/www.diarioimagen.net\/wp-content\/uploads\/2025\/04\/EDOMEX-2-ok-1.jpg 1500w\" sizes=\"auto, (max-width: 405px) 100vw, 405px\" \/><p id=\"caption-attachment-662053\" class=\"wp-caption-text\">Representantes de organizaciones caninas, enfocado a fortalecer el respeto, protecci\u00f3n y cuidado de los animales en situaci\u00f3n de calle, firmaron un convenio de colaboraci\u00f3n con el municipio de Ecatepec.<\/p><\/div>\n<p>&nbsp;<\/p>\n<p>&nbsp;<\/p>\n<p>&nbsp;<\/p>\n<p>Ecatepec, Estado de M\u00e9xico.\u2013 La Comisi\u00f3n Estatal de Parques Naturales y de la Fauna del Estado de M\u00e9xico (Cepanaf) firm\u00f3 un Convenio de Colaboraci\u00f3n con municipio de Ecatepec y representantes de organizaciones caninas, enfocado a fortalecer el respeto, protecci\u00f3n y cuidado de los animales en situaci\u00f3n de calle en esta demarcaci\u00f3n.<\/p>\n<p>&nbsp;<\/p>\n<p>&nbsp;<\/p>\n<p>&nbsp;<\/p>\n<p>\u201cDe la mano de la Gobernadora Delfina G\u00f3mez \u00c1lvarez, avanzamos hacia un Estado de M\u00e9xico m\u00e1s \u00e9tico, solidario y justo. Aqu\u00ed no caben la indiferencia ni el abandono. Estamos construyendo un modelo de gobernanza con rigor t\u00e9cnico, visi\u00f3n humanista y profunda sensibilidad social\u201d, se\u00f1al\u00f3 Alma Tapia Maya, Titular de Cepanaf, organismo adscrito a la Secretar\u00eda de Medio Ambiente y Desarrollo Sostenible (SMAyDS).<\/p>\n<p>&nbsp;<\/p>\n<p>&nbsp;<\/p>\n<p>&nbsp;<\/p>\n<p>La Cepanaf dar\u00e1 capacitaci\u00f3n en materia de bienestar animal a servidoras y servidores p\u00fablicos del ayuntamiento, as\u00ed como a elementos de la polic\u00eda municipal, con la finalidad de implementar un equipo de trabajo que atienda casos de maltrato; adem\u00e1s, se realizar\u00e1n reuniones mensuales con organizaciones caninas.<\/p>\n<p>&nbsp;<\/p>\n<p>&nbsp;<\/p>\n<p>&nbsp;<\/p>\n<p>Se impulsar\u00e1n campa\u00f1as de esterilizaci\u00f3n, vacunaci\u00f3n, promoci\u00f3n de la adopci\u00f3n responsable y el fortalecimiento de estrategias de prevenci\u00f3n del maltrato animal, as\u00ed lo afirm\u00f3 Alma Tapia Maya, Directora General de la Cepanaf.<\/p>\n<p>&nbsp;<\/p>\n<p>&nbsp;<\/p>\n<p>&nbsp;<\/p>\n<p>Azucena Cisneros Coss, Presidenta Municipal de Ecatepec reconoci\u00f3 el respaldo del Gobierno de la Maestra Delfina G\u00f3mez \u00c1lvarez en materia de Bienestar Animal para impulsar acciones conjuntas para garantizar la protecci\u00f3n y el trato digno de los seres sintientes; as\u00ed como disminuir la sobrepoblaci\u00f3n de perros en situaci\u00f3n de calle.<\/p>\n<p>&nbsp;<\/p>\n<p>&nbsp;<\/p>\n<p>Con estas acciones, la Cepanaf promueve el respeto y la protecci\u00f3n de los animales, alineados con la visi\u00f3n de la Gobernadora Delfina G\u00f3mez \u00c1lvarez de fomentar un Estado de M\u00e9xico m\u00e1s \u00e9tico, solidario y justo para quienes no tienen voz.<\/p>\n<p>&nbsp;<\/p>\n","protected":false},"excerpt":{"rendered":"<p>Fomentan la adopci\u00f3n responsable en Ecatepec \u00a0 \u00a0 \u00a0 &nbsp; &nbsp; &nbsp; Ecatepec, Estado de M\u00e9xico.\u2013 La Comisi\u00f3n Estatal de Parques Naturales y de la Fauna del Estado de M\u00e9xico (Cepanaf) firm\u00f3 un Convenio de Colaboraci\u00f3n con municipio de Ecatepec y representantes de organizaciones caninas, enfocado a fortalecer el respeto, protecci\u00f3n y cuidado de los [&hellip;]<\/p>\n","protected":false},"author":14,"featured_media":662053,"comment_status":"open","ping_status":"open","sticky":false,"template":"","format":"standard","meta":{"_monsterinsights_skip_tracking":false,"_monsterinsights_sitenote_active":false,"_monsterinsights_sitenote_note":"","_monsterinsights_sitenote_category":0,"footnotes":""},"categories":[5],"tags":[],"class_list":["post-662052","post","type-post","status-publish","format-standard","has-post-thumbnail","hentry","category-estado-de-mexico"],"_links":{"self":[{"href":"https:\/\/www.diarioimagen.net\/index.php?rest_route=\/wp\/v2\/posts\/662052","targetHints":{"allow":["GET"]}}],"collection":[{"href":"https:\/\/www.diarioimagen.net\/index.php?rest_route=\/wp\/v2\/posts"}],"about":[{"href":"https:\/\/www.diarioimagen.net\/index.php?rest_route=\/wp\/v2\/types\/post"}],"author":[{"embeddable":true,"href":"https:\/\/www.diarioimagen.net\/index.php?rest_route=\/wp\/v2\/users\/14"}],"replies":[{"embeddable":true,"href":"https:\/\/www.diarioimagen.net\/index.php?rest_route=%2Fwp%2Fv2%2Fcomments&post=662052"}],"version-history":[{"count":1,"href":"https:\/\/www.diarioimagen.net\/index.php?rest_route=\/wp\/v2\/posts\/662052\/revisions"}],"predecessor-version":[{"id":662054,"href":"https:\/\/www.diarioimagen.net\/index.php?rest_route=\/wp\/v2\/posts\/662052\/revisions\/662054"}],"wp:featuredmedia":[{"embeddable":true,"href":"https:\/\/www.diarioimagen.net\/index.php?rest_route=\/wp\/v2\/media\/662053"}],"wp:attachment":[{"href":"https:\/\/www.diarioimagen.net\/index.php?rest_route=%2Fwp%2Fv2%2Fmedia&parent=662052"}],"wp:term":[{"taxonomy":"category","embeddable":true,"href":"https:\/\/www.diarioimagen.net\/index.php?rest_route=%2Fwp%2Fv2%2Fcategories&post=662052"},{"taxonomy":"post_tag","embeddable":true,"href":"https:\/\/www.diarioimagen.net\/index.php?rest_route=%2Fwp%2Fv2%2Ftags&post=662052"}],"curies":[{"name":"wp","href":"https:\/\/api.w.org\/{rel}","templated":true}]}}