{"id":662210,"date":"2025-04-04T00:00:41","date_gmt":"2025-04-04T06:00:41","guid":{"rendered":"https:\/\/www.diarioimagen.net\/?p=662210"},"modified":"2025-04-03T20:06:06","modified_gmt":"2025-04-04T02:06:06","slug":"se-sigue-avanzando-en-naucalpan-en-agua-y-seguridad-isaac-montoya","status":"publish","type":"post","link":"https:\/\/www.diarioimagen.net\/?p=662210","title":{"rendered":"Se sigue avanzando en Naucalpan  en agua y seguridad: Isaac Montoya"},"content":{"rendered":"<ul>\n<li><strong>Renovaci\u00f3n de infraestructura hidr\u00e1ulica <\/strong><\/li>\n<\/ul>\n<div id=\"attachment_662211\" style=\"width: 399px\" class=\"wp-caption alignnone\"><img loading=\"lazy\" decoding=\"async\" aria-describedby=\"caption-attachment-662211\" class=\"wp-image-662211 size-large\" src=\"https:\/\/www.diarioimagen.net\/wp-content\/uploads\/2025\/04\/BAENA-2-ok-2-389x270.jpg\" alt=\"\" width=\"389\" height=\"270\" srcset=\"https:\/\/www.diarioimagen.net\/wp-content\/uploads\/2025\/04\/BAENA-2-ok-2-389x270.jpg 389w, https:\/\/www.diarioimagen.net\/wp-content\/uploads\/2025\/04\/BAENA-2-ok-2-240x167.jpg 240w, https:\/\/www.diarioimagen.net\/wp-content\/uploads\/2025\/04\/BAENA-2-ok-2-768x533.jpg 768w, https:\/\/www.diarioimagen.net\/wp-content\/uploads\/2025\/04\/BAENA-2-ok-2.jpg 1500w\" sizes=\"auto, (max-width: 389px) 100vw, 389px\" \/><p id=\"caption-attachment-662211\" class=\"wp-caption-text\">El alcalde Isaac Montoya inform\u00f3 que\u00a0 se iniciar\u00e1 con la renovaci\u00f3n de la infraestructura hidr\u00e1ulica a\u00f1eja, de m\u00e1s de 50 a\u00f1os de abandono, con una inversi\u00f3n hist\u00f3rica de m\u00e1s de 113 millones de pesos en este 2025.<\/p><\/div>\n<p>&nbsp;<\/p>\n<p>&nbsp;<\/p>\n<p>Naucalpan, M\u00e9x.-En seguridad y agua se sigue avanzando y hay resultados destac\u00f3 el presidente municipal, Isaac Montoya M\u00e1rquez, a la vez que se inform\u00f3 que\u00a0 se iniciar\u00e1 con la renovaci\u00f3n de la infraestructura hidr\u00e1ulica a\u00f1eja, de m\u00e1s de 50 a\u00f1os de abandono, con una inversi\u00f3n hist\u00f3rica en Naucalpan de m\u00e1s de 113 millones de pesos en este 2025.<\/p>\n<p>&nbsp;<\/p>\n<p>En conferencia de prensa, el alcalde anunci\u00f3 en el marco del D\u00eda Mundial de Concienciaci\u00f3n sobre el Autismo, que el gobierno que encabeza trabajar\u00e1 con una visi\u00f3n inclusiva. Hay un compromiso firme para que en Naucalpan se tenga la primera Casa del Autismo y que se pueda dar atenci\u00f3n no s\u00f3lo a ni\u00f1os y a j\u00f3venes con esta condici\u00f3n,\u00a0 sino tambi\u00e9n a familias enteras\u00a0 que viven esta situaci\u00f3n. Para ello, ya hay acercamiento con diversas instituciones.<\/p>\n<p>&nbsp;<\/p>\n<p>El alcalde, acompa\u00f1ado de los titulares de Seguridad Ciudadana y Movilidad Segura, del Organismo del Agua Municipal OAPAS, de Desarrollo y Fomento Econ\u00f3mico, del secretario del Ayuntamiento y del jefe de oficina de Presidencia, comparti\u00f3 que Naucalpan fue incluido en la Estrategia Operativa Oriente, iniciativa que impulsa la Presidenta Claudia Sheinbaum, en funci\u00f3n de lograr que en las zonas m\u00e1s densamente conflictivas del pa\u00eds se vaya recuperando gradual, pero contundentemente la paz y la tranquilidad.<\/p>\n<p>&nbsp;<\/p>\n<p>Asegur\u00f3 que est\u00e1 en marcha la\u00a0 EOO y se contin\u00faa con el trabajo interinstitucional de la Polic\u00eda Municipal, Polic\u00eda Estatal, autoridades del gobierno de M\u00e9xico y con Fiscal\u00edas, que se traducen en resultados, tan solo, al cierre del mes de marzo, hubo una disminuci\u00f3n de cerca del 7.5% en el delito de robo de veh\u00edculos, en comparaci\u00f3n con el \u00faltimo trimestre de la administraci\u00f3n saliente. Aunado a una disminuci\u00f3n de 23 por ciento en delitos de alto impacto. Se seguir\u00e1 avanzando con medidas sustanciales con el plan \u201cSeguridad con Todo\u201d.<\/p>\n<p>&nbsp;<\/p>\n<p>Montoya M\u00e1rquez\u00a0 explic\u00f3 que, pese a iniciar con una infraestructura hidr\u00e1ulica a\u00f1eja, de m\u00e1s de 50 a\u00f1os de abandono, para resolver de manera definitiva, se va ir renovando con una inversi\u00f3n hist\u00f3rica en Naucalpan, con m\u00e1s de 113 millones de pesos en este 2025. Destac\u00f3 que, se realizan acciones y medidas de prevenci\u00f3n para evitar alguna emergencia ante el estiaje y lluvias, por lo que, se llevan a cabo los desazolves preventivos.<\/p>\n<p>&nbsp;<\/p>\n<p>Agreg\u00f3 que, en la presa Los Cuartos, el gobierno municipal ya trabaja para afrontar la situaci\u00f3n del tap\u00f3n y aminorar los riesgos para las y los vecinos que habitan en las cercan\u00edas del r\u00edo. Agreg\u00f3 que, todas las acciones van encaminadas a reducir la dependencia del Sistema Cutzamala para garantizar ser m\u00e1s autosuficientes y garantizar el suministro del vital l\u00edquido.<\/p>\n<p>&nbsp;<\/p>\n<p><strong>\u00a0<\/strong><\/p>\n<p>&nbsp;<\/p>\n","protected":false},"excerpt":{"rendered":"<p>Renovaci\u00f3n de infraestructura hidr\u00e1ulica &nbsp; &nbsp; Naucalpan, M\u00e9x.-En seguridad y agua se sigue avanzando y hay resultados destac\u00f3 el presidente municipal, Isaac Montoya M\u00e1rquez, a la vez que se inform\u00f3 que\u00a0 se iniciar\u00e1 con la renovaci\u00f3n de la infraestructura hidr\u00e1ulica a\u00f1eja, de m\u00e1s de 50 a\u00f1os de abandono, con una inversi\u00f3n hist\u00f3rica en Naucalpan de [&hellip;]<\/p>\n","protected":false},"author":14,"featured_media":662211,"comment_status":"open","ping_status":"open","sticky":false,"template":"","format":"standard","meta":{"_monsterinsights_skip_tracking":false,"_monsterinsights_sitenote_active":false,"_monsterinsights_sitenote_note":"","_monsterinsights_sitenote_category":0,"footnotes":""},"categories":[5],"tags":[],"class_list":["post-662210","post","type-post","status-publish","format-standard","has-post-thumbnail","hentry","category-estado-de-mexico"],"_links":{"self":[{"href":"https:\/\/www.diarioimagen.net\/index.php?rest_route=\/wp\/v2\/posts\/662210","targetHints":{"allow":["GET"]}}],"collection":[{"href":"https:\/\/www.diarioimagen.net\/index.php?rest_route=\/wp\/v2\/posts"}],"about":[{"href":"https:\/\/www.diarioimagen.net\/index.php?rest_route=\/wp\/v2\/types\/post"}],"author":[{"embeddable":true,"href":"https:\/\/www.diarioimagen.net\/index.php?rest_route=\/wp\/v2\/users\/14"}],"replies":[{"embeddable":true,"href":"https:\/\/www.diarioimagen.net\/index.php?rest_route=%2Fwp%2Fv2%2Fcomments&post=662210"}],"version-history":[{"count":1,"href":"https:\/\/www.diarioimagen.net\/index.php?rest_route=\/wp\/v2\/posts\/662210\/revisions"}],"predecessor-version":[{"id":662212,"href":"https:\/\/www.diarioimagen.net\/index.php?rest_route=\/wp\/v2\/posts\/662210\/revisions\/662212"}],"wp:featuredmedia":[{"embeddable":true,"href":"https:\/\/www.diarioimagen.net\/index.php?rest_route=\/wp\/v2\/media\/662211"}],"wp:attachment":[{"href":"https:\/\/www.diarioimagen.net\/index.php?rest_route=%2Fwp%2Fv2%2Fmedia&parent=662210"}],"wp:term":[{"taxonomy":"category","embeddable":true,"href":"https:\/\/www.diarioimagen.net\/index.php?rest_route=%2Fwp%2Fv2%2Fcategories&post=662210"},{"taxonomy":"post_tag","embeddable":true,"href":"https:\/\/www.diarioimagen.net\/index.php?rest_route=%2Fwp%2Fv2%2Ftags&post=662210"}],"curies":[{"name":"wp","href":"https:\/\/api.w.org\/{rel}","templated":true}]}}