{"id":662216,"date":"2025-04-04T00:00:35","date_gmt":"2025-04-04T06:00:35","guid":{"rendered":"https:\/\/www.diarioimagen.net\/?p=662216"},"modified":"2025-04-03T20:08:31","modified_gmt":"2025-04-04T02:08:31","slug":"huixquilucan-destinara-59-7-mdp-para-estabilizar-taludes","status":"publish","type":"post","link":"https:\/\/www.diarioimagen.net\/?p=662216","title":{"rendered":"Huixquilucan destinar\u00e1 59.7\u00a0mdp para estabilizar taludes"},"content":{"rendered":"<p><img loading=\"lazy\" decoding=\"async\" class=\"alignnone wp-image-662217 size-large\" src=\"https:\/\/www.diarioimagen.net\/wp-content\/uploads\/2025\/04\/BAENA-4-ok-2-444x270.jpg\" alt=\"\" width=\"444\" height=\"270\" srcset=\"https:\/\/www.diarioimagen.net\/wp-content\/uploads\/2025\/04\/BAENA-4-ok-2-444x270.jpg 444w, https:\/\/www.diarioimagen.net\/wp-content\/uploads\/2025\/04\/BAENA-4-ok-2-240x146.jpg 240w, https:\/\/www.diarioimagen.net\/wp-content\/uploads\/2025\/04\/BAENA-4-ok-2-768x467.jpg 768w, https:\/\/www.diarioimagen.net\/wp-content\/uploads\/2025\/04\/BAENA-4-ok-2.jpg 1500w\" sizes=\"auto, (max-width: 444px) 100vw, 444px\" \/><\/p>\n<p>&nbsp;<\/p>\n<p>Huixquilucan, M\u00e9x.- Para garantizar un entorno m\u00e1s seguro y reducir el riesgo de deslizamientos de tierra en zonas susceptibles durante la pr\u00f3xima temporada de lluvias, el gobierno de este municipio, \u00a0anunci\u00f3 que, durante 2025, se invertir\u00e1n m\u00e1s de 59.7 millones de pesos para la estabilizaci\u00f3n de taludes, con el objetivo de atender oportunamente puntos de riesgo y evitar futuros accidentes. Al acudir al Cuarto Cuartel para supervisar los trabajos de estabilizaci\u00f3n de un talud en la avenida Crist\u00f3bal Col\u00f3n, en el Barrio de San Melchor, la alcaldesa Romina Contreras Carrasco, inform\u00f3 que esta obra forma parte de los esfuerzos que realiza su administraci\u00f3n para atender las partes afectadas por las intensas lluvias que se presentaron el a\u00f1o pasado, tales como la carretera Zacamulpa Sur, en la colindancia con la Ciudad de M\u00e9xico, as\u00ed como en la carretera R\u00edo Hondo-Huixquilucan, a la altura del paraje El Venado.<\/p>\n<p>&nbsp;<\/p>\n<p>&nbsp;<\/p>\n<p>\u201cEstas obras son de suma importancia para los huixquiluquenses, pues se realizan con el objetivo de mantener la estructura de los taludes y reducir el riesgo de deslizamientos. Nos estamos adelantando a la temporada de lluvias para prevenir situaciones como las que se presentaron el a\u00f1o pasado, ante la intensa ca\u00edda de agua. Estamos trabajando 24\/7 para contar con la infraestructura adecuada en todo el municipio y que garantice la seguridad de las familias\u201d, apunt\u00f3 la alcaldesa.<\/p>\n","protected":false},"excerpt":{"rendered":"<p>&nbsp; Huixquilucan, M\u00e9x.- Para garantizar un entorno m\u00e1s seguro y reducir el riesgo de deslizamientos de tierra en zonas susceptibles durante la pr\u00f3xima temporada de lluvias, el gobierno de este municipio, \u00a0anunci\u00f3 que, durante 2025, se invertir\u00e1n m\u00e1s de 59.7 millones de pesos para la estabilizaci\u00f3n de taludes, con el objetivo de atender oportunamente puntos [&hellip;]<\/p>\n","protected":false},"author":14,"featured_media":662217,"comment_status":"open","ping_status":"open","sticky":false,"template":"","format":"standard","meta":{"_monsterinsights_skip_tracking":false,"_monsterinsights_sitenote_active":false,"_monsterinsights_sitenote_note":"","_monsterinsights_sitenote_category":0,"footnotes":""},"categories":[5],"tags":[],"class_list":["post-662216","post","type-post","status-publish","format-standard","has-post-thumbnail","hentry","category-estado-de-mexico"],"_links":{"self":[{"href":"https:\/\/www.diarioimagen.net\/index.php?rest_route=\/wp\/v2\/posts\/662216","targetHints":{"allow":["GET"]}}],"collection":[{"href":"https:\/\/www.diarioimagen.net\/index.php?rest_route=\/wp\/v2\/posts"}],"about":[{"href":"https:\/\/www.diarioimagen.net\/index.php?rest_route=\/wp\/v2\/types\/post"}],"author":[{"embeddable":true,"href":"https:\/\/www.diarioimagen.net\/index.php?rest_route=\/wp\/v2\/users\/14"}],"replies":[{"embeddable":true,"href":"https:\/\/www.diarioimagen.net\/index.php?rest_route=%2Fwp%2Fv2%2Fcomments&post=662216"}],"version-history":[{"count":1,"href":"https:\/\/www.diarioimagen.net\/index.php?rest_route=\/wp\/v2\/posts\/662216\/revisions"}],"predecessor-version":[{"id":662218,"href":"https:\/\/www.diarioimagen.net\/index.php?rest_route=\/wp\/v2\/posts\/662216\/revisions\/662218"}],"wp:featuredmedia":[{"embeddable":true,"href":"https:\/\/www.diarioimagen.net\/index.php?rest_route=\/wp\/v2\/media\/662217"}],"wp:attachment":[{"href":"https:\/\/www.diarioimagen.net\/index.php?rest_route=%2Fwp%2Fv2%2Fmedia&parent=662216"}],"wp:term":[{"taxonomy":"category","embeddable":true,"href":"https:\/\/www.diarioimagen.net\/index.php?rest_route=%2Fwp%2Fv2%2Fcategories&post=662216"},{"taxonomy":"post_tag","embeddable":true,"href":"https:\/\/www.diarioimagen.net\/index.php?rest_route=%2Fwp%2Fv2%2Ftags&post=662216"}],"curies":[{"name":"wp","href":"https:\/\/api.w.org\/{rel}","templated":true}]}}