{"id":662577,"date":"2025-04-08T00:00:57","date_gmt":"2025-04-08T06:00:57","guid":{"rendered":"https:\/\/www.diarioimagen.net\/?p=662577"},"modified":"2025-04-07T20:35:16","modified_gmt":"2025-04-08T02:35:16","slug":"contamos-en-edomex-con-un-pan-competitivo-militantes","status":"publish","type":"post","link":"https:\/\/www.diarioimagen.net\/?p=662577","title":{"rendered":"Contamos en Edomex con un  PAN competitivo: militantes"},"content":{"rendered":"<ul>\n<li><strong>\u201cDirigencia , por el camino correcto\u201d<\/strong><\/li>\n<\/ul>\n<p>&nbsp;<\/p>\n<div id=\"attachment_662578\" style=\"width: 227px\" class=\"wp-caption alignnone\"><img loading=\"lazy\" decoding=\"async\" aria-describedby=\"caption-attachment-662578\" class=\"wp-image-662578 size-large\" src=\"https:\/\/www.diarioimagen.net\/wp-content\/uploads\/2025\/04\/BAENA-3-ok-4-217x270.jpg\" alt=\"\" width=\"217\" height=\"270\" srcset=\"https:\/\/www.diarioimagen.net\/wp-content\/uploads\/2025\/04\/BAENA-3-ok-4-217x270.jpg 217w, https:\/\/www.diarioimagen.net\/wp-content\/uploads\/2025\/04\/BAENA-3-ok-4-193x240.jpg 193w, https:\/\/www.diarioimagen.net\/wp-content\/uploads\/2025\/04\/BAENA-3-ok-4-768x957.jpg 768w, https:\/\/www.diarioimagen.net\/wp-content\/uploads\/2025\/04\/BAENA-3-ok-4-1233x1536.jpg 1233w, https:\/\/www.diarioimagen.net\/wp-content\/uploads\/2025\/04\/BAENA-3-ok-4.jpg 1500w\" sizes=\"auto, (max-width: 217px) 100vw, 217px\" \/><p id=\"caption-attachment-662578\" class=\"wp-caption-text\">El presidente del PAN en Edomex, Anuar Azar Figueroa,\u00a0 afirm\u00f3 que el Plan M\u00e9xico, anunciado por el gobierno federal frente a la ola de aranceles impulsada por el presidente Donald Trump, es insuficiente<\/p><\/div>\n<p>Por Arturo Baena<\/p>\n<p>&nbsp;<\/p>\n<p>Valle de M\u00e9xico.- \u201cEn el Estado de M\u00e9xico y en todo el pa\u00eds, contamos con un partido competitivo y unido para enfrentar los procesos electorales del 2027, toda vez que el de Acci\u00f3n Nacional ha demostrado ser eficaz en donde se gobierna. Nuestros dirigentes, Jorge Romero y Anuar Azar,\u00a0 llevan a nuestro partido por el camino correcto\u201d.<\/p>\n<p>&nbsp;<\/p>\n<p>As\u00ed lo expresaron actores pol\u00edticos, militantes y simpatizantes del PAN mexiquense, luego de destacar que este instituto pol\u00edtico, \u00abpropone acciones concretas para proteger el empleo, incentivar la producci\u00f3n nacional y respaldar al pueblo de M\u00e9xico\u00bb, aseguraron.<\/p>\n<p>&nbsp;<\/p>\n<p>En ese sentido, el presidente del Partido Acci\u00f3n Nacional, en la entidad mexiquense. Anuar Azar Figueroa,\u00a0 afirm\u00f3 que el \u00abPlan M\u00e9xico, anunciado por el Gobierno Federal frente a la nueva ola de aranceles impulsada por el presidente Donald Trump, es insuficiente para proteger la econom\u00eda nacional, por lo cual impulsaremos que se blinde el empleo de miles de familias\u00bb, dijo.<\/p>\n<p>&nbsp;<\/p>\n<p>Anuar Azar, se\u00f1al\u00f3 que el gobierno federal debe actuar con mayor firmeza y urgencia ante esta amenaza real para las exportaciones mexicanas.<\/p>\n<p>&nbsp;<\/p>\n<p>\u201cEl PAN celebra que se haya presentado un plan pero lo consideramos insuficiente. Se necesitan medidas\u00a0 que el PAN ya ha propuesto, para fortalecer\u00a0 y mitigar el impacto econ\u00f3mico\u201d, reiter\u00f3.<\/p>\n<p>&nbsp;<\/p>\n<p>Finalmente, los panistas del Estado de M\u00e9xico reiteraron su compromiso con su dirigencia y puntualizaron que \u201cel PAN est\u00e1 m\u00e1s que preparado para enfrentar los procesos venideros y demostrar que s\u00ed sabemos gobernar de la mano de las y los mexiquenses\u201d.<\/p>\n<p>&nbsp;<\/p>\n<p>&nbsp;<\/p>\n","protected":false},"excerpt":{"rendered":"<p>\u201cDirigencia , por el camino correcto\u201d &nbsp; Por Arturo Baena &nbsp; Valle de M\u00e9xico.- \u201cEn el Estado de M\u00e9xico y en todo el pa\u00eds, contamos con un partido competitivo y unido para enfrentar los procesos electorales del 2027, toda vez que el de Acci\u00f3n Nacional ha demostrado ser eficaz en donde se gobierna. Nuestros dirigentes, [&hellip;]<\/p>\n","protected":false},"author":14,"featured_media":662578,"comment_status":"open","ping_status":"open","sticky":false,"template":"","format":"standard","meta":{"_monsterinsights_skip_tracking":false,"_monsterinsights_sitenote_active":false,"_monsterinsights_sitenote_note":"","_monsterinsights_sitenote_category":0,"footnotes":""},"categories":[5],"tags":[],"class_list":["post-662577","post","type-post","status-publish","format-standard","has-post-thumbnail","hentry","category-estado-de-mexico"],"_links":{"self":[{"href":"https:\/\/www.diarioimagen.net\/index.php?rest_route=\/wp\/v2\/posts\/662577","targetHints":{"allow":["GET"]}}],"collection":[{"href":"https:\/\/www.diarioimagen.net\/index.php?rest_route=\/wp\/v2\/posts"}],"about":[{"href":"https:\/\/www.diarioimagen.net\/index.php?rest_route=\/wp\/v2\/types\/post"}],"author":[{"embeddable":true,"href":"https:\/\/www.diarioimagen.net\/index.php?rest_route=\/wp\/v2\/users\/14"}],"replies":[{"embeddable":true,"href":"https:\/\/www.diarioimagen.net\/index.php?rest_route=%2Fwp%2Fv2%2Fcomments&post=662577"}],"version-history":[{"count":1,"href":"https:\/\/www.diarioimagen.net\/index.php?rest_route=\/wp\/v2\/posts\/662577\/revisions"}],"predecessor-version":[{"id":662579,"href":"https:\/\/www.diarioimagen.net\/index.php?rest_route=\/wp\/v2\/posts\/662577\/revisions\/662579"}],"wp:featuredmedia":[{"embeddable":true,"href":"https:\/\/www.diarioimagen.net\/index.php?rest_route=\/wp\/v2\/media\/662578"}],"wp:attachment":[{"href":"https:\/\/www.diarioimagen.net\/index.php?rest_route=%2Fwp%2Fv2%2Fmedia&parent=662577"}],"wp:term":[{"taxonomy":"category","embeddable":true,"href":"https:\/\/www.diarioimagen.net\/index.php?rest_route=%2Fwp%2Fv2%2Fcategories&post=662577"},{"taxonomy":"post_tag","embeddable":true,"href":"https:\/\/www.diarioimagen.net\/index.php?rest_route=%2Fwp%2Fv2%2Ftags&post=662577"}],"curies":[{"name":"wp","href":"https:\/\/api.w.org\/{rel}","templated":true}]}}