{"id":662580,"date":"2025-04-08T00:00:28","date_gmt":"2025-04-08T06:00:28","guid":{"rendered":"https:\/\/www.diarioimagen.net\/?p=662580"},"modified":"2025-04-07T20:37:40","modified_gmt":"2025-04-08T02:37:40","slug":"nombra-el-prd-a-integrantes-de-su-primer-consejo-estatal","status":"publish","type":"post","link":"https:\/\/www.diarioimagen.net\/?p=662580","title":{"rendered":"Nombra el PRD a integrantes de su primer Consejo Estatal"},"content":{"rendered":"<p><img loading=\"lazy\" decoding=\"async\" class=\"alignnone wp-image-662581 size-large\" src=\"https:\/\/www.diarioimagen.net\/wp-content\/uploads\/2025\/04\/BAENA-4-ok-4-427x270.jpg\" alt=\"\" width=\"427\" height=\"270\" srcset=\"https:\/\/www.diarioimagen.net\/wp-content\/uploads\/2025\/04\/BAENA-4-ok-4-427x270.jpg 427w, https:\/\/www.diarioimagen.net\/wp-content\/uploads\/2025\/04\/BAENA-4-ok-4-240x152.jpg 240w, https:\/\/www.diarioimagen.net\/wp-content\/uploads\/2025\/04\/BAENA-4-ok-4-768x486.jpg 768w, https:\/\/www.diarioimagen.net\/wp-content\/uploads\/2025\/04\/BAENA-4-ok-4-1536x971.jpg 1536w, https:\/\/www.diarioimagen.net\/wp-content\/uploads\/2025\/04\/BAENA-4-ok-4-2048x1295.jpg 2048w\" sizes=\"auto, (max-width: 427px) 100vw, 427px\" \/><\/p>\n<p>&nbsp;<\/p>\n<p>&nbsp;<\/p>\n<p>Toluca, Mex.- El PRD mexiquense aprob\u00f3 e instal\u00f3 su Primer Consejo Estatal, en donde fueron aprobadas las 125 direcciones ejecutivas municipales. Ah\u00ed, la representante popular, Lucina Cort\u00e9s Cornejo, fue ratificada como dirigente de ese instituto politico en el municipio de Naucalpan. Durante la sesi\u00f3n, se nombr\u00f3 y tom\u00f3 protesta a los 180 nuevos consejeros que integran el primer Consejo Estatal del PRD, en donde tomaron \u00a0protesta como presidenta del PRD y Consejera estatal a la tambi\u00e9n regidora Lucina Cort\u00e9s y a las consejeras estatales del distrito 32 Bertha\u00a0 Herrera\u00a0 Rojas y distrito 30 Maricela Plata Diaz, entre otros. Lucina Cort\u00e9s destac\u00f3 que \u00abcon esta jornada, el sol azteca, renueva su estructura de representaci\u00f3n estatal y municipal, fortaleciendo su organizaci\u00f3n rumbo a los pr\u00f3ximos retos electorales y reafirmando su compromiso con la participaci\u00f3n democr\u00e1tica y la defensa de sus principios y estatutos\u00bb.\u00a0 (Arturo Baena)<\/p>\n<p>&nbsp;<\/p>\n<p>&nbsp;<\/p>\n<p>&nbsp;<\/p>\n<p>Al t\u00e9rmino del Consejo, Arturo Pi\u00f1a Garc\u00eda, Presidente del PRD Estado de M\u00e9xico destac\u00f3 la unidad y pleno respeto a la voluntad de las y los consejeros, marcando un precedente para los trabajos que habr\u00e1n de encabezar las nuevas dirigencias municipales e integrantes del Consejo del partido.<\/p>\n<p>&nbsp;<\/p>\n<p>Mencion\u00f3\u00a0 que la toma de protesta de las direcciones municipales y consejeros estatales no es solo un acto formal para cumplir con los lineamientos, sino tambi\u00e9n es el reflejo del compromiso de mujeres y hombres valientes que creen en la democracia, en la justicia social y en el poder de concretar nuevas realidades desde el territorio.<\/p>\n<p>&nbsp;<\/p>\n<p>\u00abLes invito a trabajar con pasi\u00f3n, con convicci\u00f3n, y sobre todo, con la certeza de que el PRD sigue siendo una voz indispensable para nuestro Estado de M\u00e9xico. \u00a1Vamos juntos por un PRD que siga siendo motor de cambio para miles de familias mexiquenses!\u00bb, concluy\u00f3.<\/p>\n","protected":false},"excerpt":{"rendered":"<p>&nbsp; &nbsp; Toluca, Mex.- El PRD mexiquense aprob\u00f3 e instal\u00f3 su Primer Consejo Estatal, en donde fueron aprobadas las 125 direcciones ejecutivas municipales. Ah\u00ed, la representante popular, Lucina Cort\u00e9s Cornejo, fue ratificada como dirigente de ese instituto politico en el municipio de Naucalpan. Durante la sesi\u00f3n, se nombr\u00f3 y tom\u00f3 protesta a los 180 nuevos [&hellip;]<\/p>\n","protected":false},"author":14,"featured_media":662581,"comment_status":"open","ping_status":"open","sticky":false,"template":"","format":"standard","meta":{"_monsterinsights_skip_tracking":false,"_monsterinsights_sitenote_active":false,"_monsterinsights_sitenote_note":"","_monsterinsights_sitenote_category":0,"footnotes":""},"categories":[5],"tags":[],"class_list":["post-662580","post","type-post","status-publish","format-standard","has-post-thumbnail","hentry","category-estado-de-mexico"],"_links":{"self":[{"href":"https:\/\/www.diarioimagen.net\/index.php?rest_route=\/wp\/v2\/posts\/662580","targetHints":{"allow":["GET"]}}],"collection":[{"href":"https:\/\/www.diarioimagen.net\/index.php?rest_route=\/wp\/v2\/posts"}],"about":[{"href":"https:\/\/www.diarioimagen.net\/index.php?rest_route=\/wp\/v2\/types\/post"}],"author":[{"embeddable":true,"href":"https:\/\/www.diarioimagen.net\/index.php?rest_route=\/wp\/v2\/users\/14"}],"replies":[{"embeddable":true,"href":"https:\/\/www.diarioimagen.net\/index.php?rest_route=%2Fwp%2Fv2%2Fcomments&post=662580"}],"version-history":[{"count":1,"href":"https:\/\/www.diarioimagen.net\/index.php?rest_route=\/wp\/v2\/posts\/662580\/revisions"}],"predecessor-version":[{"id":662582,"href":"https:\/\/www.diarioimagen.net\/index.php?rest_route=\/wp\/v2\/posts\/662580\/revisions\/662582"}],"wp:featuredmedia":[{"embeddable":true,"href":"https:\/\/www.diarioimagen.net\/index.php?rest_route=\/wp\/v2\/media\/662581"}],"wp:attachment":[{"href":"https:\/\/www.diarioimagen.net\/index.php?rest_route=%2Fwp%2Fv2%2Fmedia&parent=662580"}],"wp:term":[{"taxonomy":"category","embeddable":true,"href":"https:\/\/www.diarioimagen.net\/index.php?rest_route=%2Fwp%2Fv2%2Fcategories&post=662580"},{"taxonomy":"post_tag","embeddable":true,"href":"https:\/\/www.diarioimagen.net\/index.php?rest_route=%2Fwp%2Fv2%2Ftags&post=662580"}],"curies":[{"name":"wp","href":"https:\/\/api.w.org\/{rel}","templated":true}]}}