{"id":662789,"date":"2025-04-09T00:00:10","date_gmt":"2025-04-09T06:00:10","guid":{"rendered":"https:\/\/www.diarioimagen.net\/?p=662789"},"modified":"2025-04-08T22:24:07","modified_gmt":"2025-04-09T04:24:07","slug":"raciel-perez-abre-comedor-comunitario-en-tlalnepantla","status":"publish","type":"post","link":"https:\/\/www.diarioimagen.net\/?p=662789","title":{"rendered":"Raciel P\u00e9rez abre comedor  comunitario en Tlalnepantla"},"content":{"rendered":"<p>&nbsp;<\/p>\n<ul>\n<li><strong>Programa\u00a0\u201cCocina del Bienestar\u201d<\/strong><\/li>\n<\/ul>\n<p><strong>\u00a0<\/strong><\/p>\n<div id=\"attachment_662790\" style=\"width: 356px\" class=\"wp-caption alignnone\"><img loading=\"lazy\" decoding=\"async\" aria-describedby=\"caption-attachment-662790\" class=\"wp-image-662790 size-large\" src=\"https:\/\/www.diarioimagen.net\/wp-content\/uploads\/2025\/04\/BAENA2-OK-346x270.jpg\" alt=\"\" width=\"346\" height=\"270\" srcset=\"https:\/\/www.diarioimagen.net\/wp-content\/uploads\/2025\/04\/BAENA2-OK-346x270.jpg 346w, https:\/\/www.diarioimagen.net\/wp-content\/uploads\/2025\/04\/BAENA2-OK-240x187.jpg 240w, https:\/\/www.diarioimagen.net\/wp-content\/uploads\/2025\/04\/BAENA2-OK-768x599.jpg 768w, https:\/\/www.diarioimagen.net\/wp-content\/uploads\/2025\/04\/BAENA2-OK.jpg 1500w\" sizes=\"auto, (max-width: 346px) 100vw, 346px\" \/><p id=\"caption-attachment-662790\" class=\"wp-caption-text\">El alcalde Raciel P\u00e9rez Cruz asegur\u00f3 que el objetivo del programa Cocina del Bienestar es brindar acceso a una alimentaci\u00f3n digna, saludable, continua y a costos accesibles.<\/p><\/div>\n<p>Por Arturo Baena<\/p>\n<p>&nbsp;<\/p>\n<p>Tlalnepantla, M\u00e9x.- Diversos sectores de la poblaci\u00f3n de esta localidad vieron con buenos ojos que el gobierno que encabeza Raciel P\u00e9rez Cruz, diera apertura a un comedor comunitario, que ayudar\u00e1 en la econom\u00eda de las familias m\u00e1s vulnerables.<\/p>\n<p>&nbsp;<\/p>\n<p>Y es que, afirm\u00f3 el alcalde que \u00aben Tlalnepantla, se est\u00e1 trabajando en la construcci\u00f3n de una sociedad m\u00e1s justa y solidaria, prueba de ello es el del Comedor del Bienestar, que se abri\u00f3 en la colonia Lomas de Tepeolulco con el que se pretende combatir el hambre y la desnutrici\u00f3n, ofreciendo comida de calidad a bajo costo para que todos puedan acceder a una sana alimentaci\u00f3n\u00bb, dijo.<\/p>\n<p>&nbsp;<\/p>\n<p>P\u00e9rez Cruz inform\u00f3 que a trav\u00e9s del programa \u201cCocina del Bienestar\u201d se tiene proyectado contar con 25 comedores en distintas comunidades para que personas de escasos recursos puedan disfrutar de una comida balanceada y con sabor de hogar.<\/p>\n<p>&nbsp;<\/p>\n<p>El costo en estos comedores es de 15 pesos por raci\u00f3n; los desayunos se sirven de 8:00 a 10:00 horas y las comidas en un horario de 12:00 a 14:00 horas de lunes a viernes.<\/p>\n<p>&nbsp;<\/p>\n<p>Raciel P\u00e9rez Cruz asegur\u00f3 que el objetivo de este programa es brindar acceso a una alimentaci\u00f3n digna, saludable, continua y a costos accesibles, fomentando la econom\u00eda local y la uni\u00f3n comunitaria.<\/p>\n<p>&nbsp;<\/p>\n<p>Indic\u00f3 que con esta iniciativa social se busca generar entornos de econom\u00eda colaborativa, local y popular, al tiempo que se garantiza que las y los habitantes de Tlalnepantla cuenten con opciones alimenticias a bajo costo en un ambiente que fortalezca el tejido social.<\/p>\n<p>&nbsp;<\/p>\n<p>&nbsp;<\/p>\n<p>&nbsp;<\/p>\n","protected":false},"excerpt":{"rendered":"<p>&nbsp; Programa\u00a0\u201cCocina del Bienestar\u201d \u00a0 Por Arturo Baena &nbsp; Tlalnepantla, M\u00e9x.- Diversos sectores de la poblaci\u00f3n de esta localidad vieron con buenos ojos que el gobierno que encabeza Raciel P\u00e9rez Cruz, diera apertura a un comedor comunitario, que ayudar\u00e1 en la econom\u00eda de las familias m\u00e1s vulnerables. &nbsp; Y es que, afirm\u00f3 el alcalde que [&hellip;]<\/p>\n","protected":false},"author":14,"featured_media":662790,"comment_status":"open","ping_status":"open","sticky":false,"template":"","format":"standard","meta":{"_monsterinsights_skip_tracking":false,"_monsterinsights_sitenote_active":false,"_monsterinsights_sitenote_note":"","_monsterinsights_sitenote_category":0,"footnotes":""},"categories":[5],"tags":[],"class_list":["post-662789","post","type-post","status-publish","format-standard","has-post-thumbnail","hentry","category-estado-de-mexico"],"_links":{"self":[{"href":"https:\/\/www.diarioimagen.net\/index.php?rest_route=\/wp\/v2\/posts\/662789","targetHints":{"allow":["GET"]}}],"collection":[{"href":"https:\/\/www.diarioimagen.net\/index.php?rest_route=\/wp\/v2\/posts"}],"about":[{"href":"https:\/\/www.diarioimagen.net\/index.php?rest_route=\/wp\/v2\/types\/post"}],"author":[{"embeddable":true,"href":"https:\/\/www.diarioimagen.net\/index.php?rest_route=\/wp\/v2\/users\/14"}],"replies":[{"embeddable":true,"href":"https:\/\/www.diarioimagen.net\/index.php?rest_route=%2Fwp%2Fv2%2Fcomments&post=662789"}],"version-history":[{"count":1,"href":"https:\/\/www.diarioimagen.net\/index.php?rest_route=\/wp\/v2\/posts\/662789\/revisions"}],"predecessor-version":[{"id":662791,"href":"https:\/\/www.diarioimagen.net\/index.php?rest_route=\/wp\/v2\/posts\/662789\/revisions\/662791"}],"wp:featuredmedia":[{"embeddable":true,"href":"https:\/\/www.diarioimagen.net\/index.php?rest_route=\/wp\/v2\/media\/662790"}],"wp:attachment":[{"href":"https:\/\/www.diarioimagen.net\/index.php?rest_route=%2Fwp%2Fv2%2Fmedia&parent=662789"}],"wp:term":[{"taxonomy":"category","embeddable":true,"href":"https:\/\/www.diarioimagen.net\/index.php?rest_route=%2Fwp%2Fv2%2Fcategories&post=662789"},{"taxonomy":"post_tag","embeddable":true,"href":"https:\/\/www.diarioimagen.net\/index.php?rest_route=%2Fwp%2Fv2%2Ftags&post=662789"}],"curies":[{"name":"wp","href":"https:\/\/api.w.org\/{rel}","templated":true}]}}