{"id":662792,"date":"2025-04-09T00:00:17","date_gmt":"2025-04-09T06:00:17","guid":{"rendered":"https:\/\/www.diarioimagen.net\/?p=662792"},"modified":"2025-04-08T22:25:29","modified_gmt":"2025-04-09T04:25:29","slug":"respaldan-ciudadanos-continuidad-de-accion-nacional-en-huixquilucan","status":"publish","type":"post","link":"https:\/\/www.diarioimagen.net\/?p=662792","title":{"rendered":"Respaldan ciudadanos continuidad  de Acci\u00f3n Nacional en Huixquilucan"},"content":{"rendered":"<ul>\n<li><strong>Para que siga siendo el mejor gobierno del pa\u00eds<\/strong><\/li>\n<\/ul>\n<div id=\"attachment_662793\" style=\"width: 206px\" class=\"wp-caption alignnone\"><img loading=\"lazy\" decoding=\"async\" aria-describedby=\"caption-attachment-662793\" class=\"wp-image-662793 size-large\" src=\"https:\/\/www.diarioimagen.net\/wp-content\/uploads\/2025\/04\/BAENA-3-OK-5-196x270.jpg\" alt=\"\" width=\"196\" height=\"270\" srcset=\"https:\/\/www.diarioimagen.net\/wp-content\/uploads\/2025\/04\/BAENA-3-OK-5-196x270.jpg 196w, https:\/\/www.diarioimagen.net\/wp-content\/uploads\/2025\/04\/BAENA-3-OK-5-174x240.jpg 174w, https:\/\/www.diarioimagen.net\/wp-content\/uploads\/2025\/04\/BAENA-3-OK-5-768x1059.jpg 768w, https:\/\/www.diarioimagen.net\/wp-content\/uploads\/2025\/04\/BAENA-3-OK-5-1114x1536.jpg 1114w, https:\/\/www.diarioimagen.net\/wp-content\/uploads\/2025\/04\/BAENA-3-OK-5-1485x2048.jpg 1485w, https:\/\/www.diarioimagen.net\/wp-content\/uploads\/2025\/04\/BAENA-3-OK-5-scaled.jpg 1856w\" sizes=\"auto, (max-width: 196px) 100vw, 196px\" \/><p id=\"caption-attachment-662793\" class=\"wp-caption-text\">Enrique Vargas del Villar afirm\u00f3 que en 2027 regresar\u00e1 para continuar trabajando por Huixquilucan y que siga siendo un referente a nivel nacional de c\u00f3mo se debe gobernar.<\/p><\/div>\n<p>&nbsp;<\/p>\n<p>Por Arturo Baena<\/p>\n<p>&nbsp;<\/p>\n<p>Huixquilucan, M\u00e9x.- L\u00edderes sociales, empresariales, delegados y Copacis de este municipio, reiteraron su respaldo para que el Partido Acci\u00f3n Nacional siga gobernando en favor de los huixquiluquenses.<\/p>\n<p>&nbsp;<\/p>\n<p>Durante el evento de los 100 d\u00edas de gobierno de la alcaldesa Romina Contreras, el senador Enrique Vargas del Villar dijo que en los pasados comicios para elegir autoridades auxiliares. \u00abQued\u00f3 demostrado de qu\u00e9 lado est\u00e1 el trabajo y as\u00ed seguir\u00e1 durante los pr\u00f3ximos tres a\u00f1os para que Huixquilucan siga siendo el mejor gobierno del pa\u00eds\u00bb, dijo.<\/p>\n<p>&nbsp;<\/p>\n<p>Vargas del Villar dej\u00f3 en claro que en el 2027 regresar\u00e1 para continuar trabajando por Huixquilucan y siga siendo un referente a nivel nacional de c\u00f3mo se debe gobernar. \u201cDecirle a M\u00e9xico que Acci\u00f3n Nacional est\u00e1 fortalecido con los mejores gobiernos y en el 2027 la ciudadan\u00eda nos va a dar su voto de confianza\u201d.<\/p>\n<p>&nbsp;<\/p>\n<p>El tambi\u00e9n vicecoordinador del grupo parlamentario de Acci\u00f3n Nacional en el Senado de la Rep\u00fablica, dijo que todos los d\u00edas trabaja desde la m\u00e1xima tribuna del pa\u00eds a favor de las familias mexicanas y huixquiluquenses y as\u00ed seguir\u00e1 para que el municipio siga creciendo.<\/p>\n<p>&nbsp;<\/p>\n<p>Enrique Vargas felicit\u00f3 a la presidenta municipal Romina Contreras por el buen gobierno que lleva lo que acredit\u00f3 con el trabajo realizado en los primeros 100 d\u00edas de su segunda administraci\u00f3n.<\/p>\n<p>&nbsp;<\/p>\n<p>\u201cEs un gran d\u00eda para Huixquilucan al entregar patrullas nuevas y armamento para los polic\u00edas para que sigamos siendo un municipio seguro con la mejor polic\u00eda de todo el estado de M\u00e9xico \u201c, puntualiz\u00f3.<\/p>\n<p>&nbsp;<\/p>\n<p>&nbsp;<\/p>\n","protected":false},"excerpt":{"rendered":"<p>Para que siga siendo el mejor gobierno del pa\u00eds &nbsp; Por Arturo Baena &nbsp; Huixquilucan, M\u00e9x.- L\u00edderes sociales, empresariales, delegados y Copacis de este municipio, reiteraron su respaldo para que el Partido Acci\u00f3n Nacional siga gobernando en favor de los huixquiluquenses. &nbsp; Durante el evento de los 100 d\u00edas de gobierno de la alcaldesa Romina [&hellip;]<\/p>\n","protected":false},"author":14,"featured_media":662793,"comment_status":"open","ping_status":"open","sticky":false,"template":"","format":"standard","meta":{"_monsterinsights_skip_tracking":false,"_monsterinsights_sitenote_active":false,"_monsterinsights_sitenote_note":"","_monsterinsights_sitenote_category":0,"footnotes":""},"categories":[5],"tags":[],"class_list":["post-662792","post","type-post","status-publish","format-standard","has-post-thumbnail","hentry","category-estado-de-mexico"],"_links":{"self":[{"href":"https:\/\/www.diarioimagen.net\/index.php?rest_route=\/wp\/v2\/posts\/662792","targetHints":{"allow":["GET"]}}],"collection":[{"href":"https:\/\/www.diarioimagen.net\/index.php?rest_route=\/wp\/v2\/posts"}],"about":[{"href":"https:\/\/www.diarioimagen.net\/index.php?rest_route=\/wp\/v2\/types\/post"}],"author":[{"embeddable":true,"href":"https:\/\/www.diarioimagen.net\/index.php?rest_route=\/wp\/v2\/users\/14"}],"replies":[{"embeddable":true,"href":"https:\/\/www.diarioimagen.net\/index.php?rest_route=%2Fwp%2Fv2%2Fcomments&post=662792"}],"version-history":[{"count":1,"href":"https:\/\/www.diarioimagen.net\/index.php?rest_route=\/wp\/v2\/posts\/662792\/revisions"}],"predecessor-version":[{"id":662794,"href":"https:\/\/www.diarioimagen.net\/index.php?rest_route=\/wp\/v2\/posts\/662792\/revisions\/662794"}],"wp:featuredmedia":[{"embeddable":true,"href":"https:\/\/www.diarioimagen.net\/index.php?rest_route=\/wp\/v2\/media\/662793"}],"wp:attachment":[{"href":"https:\/\/www.diarioimagen.net\/index.php?rest_route=%2Fwp%2Fv2%2Fmedia&parent=662792"}],"wp:term":[{"taxonomy":"category","embeddable":true,"href":"https:\/\/www.diarioimagen.net\/index.php?rest_route=%2Fwp%2Fv2%2Fcategories&post=662792"},{"taxonomy":"post_tag","embeddable":true,"href":"https:\/\/www.diarioimagen.net\/index.php?rest_route=%2Fwp%2Fv2%2Ftags&post=662792"}],"curies":[{"name":"wp","href":"https:\/\/api.w.org\/{rel}","templated":true}]}}