{"id":662816,"date":"2025-04-09T00:00:53","date_gmt":"2025-04-09T06:00:53","guid":{"rendered":"https:\/\/www.diarioimagen.net\/?p=662816"},"modified":"2025-04-08T22:38:02","modified_gmt":"2025-04-09T04:38:02","slug":"se-crearon-226-mil-731-empleos-durante-el-primer-trimestre-imss","status":"publish","type":"post","link":"https:\/\/www.diarioimagen.net\/?p=662816","title":{"rendered":"Se crearon 226 mil 731 empleos  durante el primer trimestre: IMSS"},"content":{"rendered":"<p><strong>\u00a0<\/strong><\/p>\n<p>&nbsp;<\/p>\n<ul>\n<li><strong>El sector de comercio lider\u00f3 la generaci\u00f3n de plazas laborales formales en el pa\u00eds<\/strong><\/li>\n<\/ul>\n<div id=\"attachment_662817\" style=\"width: 415px\" class=\"wp-caption alignnone\"><img loading=\"lazy\" decoding=\"async\" aria-describedby=\"caption-attachment-662817\" class=\"wp-image-662817 size-large\" src=\"https:\/\/www.diarioimagen.net\/wp-content\/uploads\/2025\/04\/EMPLEO-1-405x270.jpeg\" alt=\"\" width=\"405\" height=\"270\" srcset=\"https:\/\/www.diarioimagen.net\/wp-content\/uploads\/2025\/04\/EMPLEO-1-405x270.jpeg 405w, https:\/\/www.diarioimagen.net\/wp-content\/uploads\/2025\/04\/EMPLEO-1-240x160.jpeg 240w, https:\/\/www.diarioimagen.net\/wp-content\/uploads\/2025\/04\/EMPLEO-1-768x512.jpeg 768w, https:\/\/www.diarioimagen.net\/wp-content\/uploads\/2025\/04\/EMPLEO-1.jpeg 1333w\" sizes=\"auto, (max-width: 405px) 100vw, 405px\" \/><p id=\"caption-attachment-662817\" class=\"wp-caption-text\">El Instituto Mexicano del Seguro Social indic\u00f3 que durante el primer trimestre de 2025 se generaron 226 mil 731 puestos de trabajo, de los cuales el 67.6 por ciento fueron puestos permanentes.<\/p><\/div>\n<p>En el primer trimestre de este a\u00f1o, el empleo formal en el pa\u00eds tuvo un crecimiento del 0.8 por ciento interanual, aun con las alertas de una posible recesi\u00f3n econ\u00f3mica en M\u00e9xico a causa de los aranceles impuestos por el presidente de Estados Unidos, Donald Trump, inform\u00f3 el Instituto Mexicano del Seguro Social (IMSS).<\/p>\n<p>La dependencia indic\u00f3 que durante el primer trimestre de 2025 se generaron 226 mil 731 puestos de trabajo, de los cuales el 67.6 por ciento fueron puestos permanentes.<\/p>\n<p>Hasta el 31 de marzo, en total se han afiliado al IMSS m\u00e1s de 22 millones 465 mil empleados, de los cuales el 86.8 por ciento ocupan puestos de trabajo permanentes, mientras que el 13.2 por ciento corresponde a puestos eventuales.<\/p>\n<p>El IMSS inform\u00f3 que durante marzo se crearon m\u00e1s de 34 mil puestos de trabajo, un 0.2 por ciento m\u00e1s que los registrados durante el mismo periodo del a\u00f1o anterior.<\/p>\n<p>El sector de comercio lider\u00f3 la creaci\u00f3n de empleos formales en el pa\u00eds, al tener un crecimiento interanual del 2.6 por ciento, seguido del sector de transportes y comunicaciones, con un alza del 2.3 por ciento, mientras que el sector de servicios sociales y comunales creci\u00f3 un 2.1 por ciento.<\/p>\n<p>Guerrero, Estado de M\u00e9xico, Colima y Nuevo Le\u00f3n destacaron en el reporte del IMSS al ser las entidades que m\u00e1s puestos de trabajo crearon en el primer trimestre del a\u00f1o, al tener un crecimiento superior al 3 por ciento.<\/p>\n<p>El salario base de cotizaci\u00f3n promedio en el IMSS ascendi\u00f3 a 619.3 pesos diarios, un aumento nominal del 7.3 por ciento interanual, por lo que es \u201cel cuarto m\u00e1s alto registrado de los \u00faltimos 23 a\u00f1os, considerando solo los meses de marzo\u201d, indic\u00f3 el IMSS.<\/p>\n<p><strong>\u00a0<\/strong><\/p>\n<p><strong>Claudia Sheinbaum destaca cifras de la creaci\u00f3n de empleo en marzo<\/strong><\/p>\n<p>&nbsp;<\/p>\n<p>La semana pasada, la presidenta Claudia Sheinbaum presumi\u00f3 el fortalecimiento de la econom\u00eda mexicana al destacar el crecimiento en la generaci\u00f3n de empleos y el alza del 19 por ciento en los ingresos del gobierno federal.<\/p>\n<p>\u201cLa econom\u00eda mexicana est\u00e1 muy bien. C\u00f3mo el modelo de econom\u00eda moral, de Humanismo Mexicano, del principio de \u2018Por el bien de todos, primero los pobres\u2019, da resultados\u201d, coment\u00f3 la mandataria.<\/p>\n<p>A pesar del repunte durante marzo, la cifra total de empleos formales a\u00fan se encuentra por debajo del r\u00e9cord hist\u00f3rico de los 22.6 millones de personas afiliadas al IMSS alcanzado en noviembre de 2024.<\/p>\n<p>&nbsp;<\/p>\n<p><strong>Se mantiene la desaceleraci\u00f3n, seg\u00fan ManpowerGroup<\/strong><\/p>\n<p>&nbsp;<\/p>\n<p>Por su parte, ManpowerGroup afirm\u00f3 que la creaci\u00f3n de puestos de trabajo en el tercer mes represent\u00f3 una desaceleraci\u00f3n luego de que en el mes anterior (febrero) se reportaron 119 mil empleos formales m\u00e1s, pero resulta ser una cifra positiva en comparaci\u00f3n con el mismo mes de 2024, cuando se perdieron 465 puestos de trabajo formales.<\/p>\n<p>\u201cEl primer trimestre de cada a\u00f1o es un periodo importante para la creaci\u00f3n de empleo porque es donde se concentra la mayor generaci\u00f3n de oportunidades de trabajo; sin embargo, este a\u00f1o no se alcanz\u00f3 el impulso en el ritmo de contrataciones superiores al a\u00f1o pasado\u201d, indic\u00f3 Alberto Alesi, Director General de ManpowerGroup para M\u00e9xico, Caribe y Centroam\u00e9rica.<\/p>\n<p>De acuerdo con la organizaci\u00f3n, los empleos que se crearon entre enero y marzo, representan 55.9 por ciento de los empleos que se perdieron en diciembre de 2024, cuando se registr\u00f3 una ca\u00edda de 405 mil 259 puestos de trabajo formales, \u201cla peor p\u00e9rdida de empleos formales registrada en los \u00faltimos 20 a\u00f1os para un mes de diciembre\u201d.<\/p>\n<p>Mientras tanto, Gabriela Siller Pagaza, directora de An\u00e1lisis Econ\u00f3mico Financiero de Banco Base, se\u00f1al\u00f3 que \u201ces preocupante que la creaci\u00f3n de empleo en el primer trimestre del 2025 sea tan baja que solamente se encuentran datos peores en a\u00f1os de fuertes crisis econ\u00f3micas, cuando al igual se tuvo muy poco dinamismo econ\u00f3mico\u201d.<\/p>\n<p>Las entidades federativas que tuvieron un crecimiento en el n\u00famero de puestos de trabajo respecto de marzo de 2024, son Guerrero, con 5.39 por ciento; Estado de M\u00e9xico, 4.03 por ciento; Colima, 3.79 por ciento; Nuevo Le\u00f3n, 3.49 por ciento; Hidalgo, 2.38 por ciento y Chiapas, 2.0 por ciento.<\/p>\n<p>Mientras que los estados del pa\u00eds con cifras negativas son Tabasco, 8.64 por ciento; Campeche, 6.16 por ciento; Zacatecas, 3.16 por ciento; Baja California, 2.86 por ciento; Sinaloa, 1.87 por ciento y Sonora, 1.62 por ciento.<\/p>\n<p>Tambi\u00e9n, en el primer trimestre de 2025, los estados que crearon m\u00e1s empleo formal ante el IMSS son Guerrero, 5.73 por ciento; Sonora, 3.17 por ciento; Colima y Quintana Roo, 2.90 por ciento, respectivamente; San Luis Potos\u00ed, 2.61 por ciento y Nayarit, 2.13 por ciento.<\/p>\n<p>&nbsp;<\/p>\n<p>&nbsp;<\/p>\n<p><strong>\u00a0<\/strong><\/p>\n","protected":false},"excerpt":{"rendered":"<p>\u00a0 &nbsp; El sector de comercio lider\u00f3 la generaci\u00f3n de plazas laborales formales en el pa\u00eds En el primer trimestre de este a\u00f1o, el empleo formal en el pa\u00eds tuvo un crecimiento del 0.8 por ciento interanual, aun con las alertas de una posible recesi\u00f3n econ\u00f3mica en M\u00e9xico a causa de los aranceles impuestos por [&hellip;]<\/p>\n","protected":false},"author":14,"featured_media":662817,"comment_status":"open","ping_status":"open","sticky":false,"template":"","format":"standard","meta":{"_monsterinsights_skip_tracking":false,"_monsterinsights_sitenote_active":false,"_monsterinsights_sitenote_note":"","_monsterinsights_sitenote_category":0,"footnotes":""},"categories":[3],"tags":[],"class_list":["post-662816","post","type-post","status-publish","format-standard","has-post-thumbnail","hentry","category-nacional"],"_links":{"self":[{"href":"https:\/\/www.diarioimagen.net\/index.php?rest_route=\/wp\/v2\/posts\/662816","targetHints":{"allow":["GET"]}}],"collection":[{"href":"https:\/\/www.diarioimagen.net\/index.php?rest_route=\/wp\/v2\/posts"}],"about":[{"href":"https:\/\/www.diarioimagen.net\/index.php?rest_route=\/wp\/v2\/types\/post"}],"author":[{"embeddable":true,"href":"https:\/\/www.diarioimagen.net\/index.php?rest_route=\/wp\/v2\/users\/14"}],"replies":[{"embeddable":true,"href":"https:\/\/www.diarioimagen.net\/index.php?rest_route=%2Fwp%2Fv2%2Fcomments&post=662816"}],"version-history":[{"count":1,"href":"https:\/\/www.diarioimagen.net\/index.php?rest_route=\/wp\/v2\/posts\/662816\/revisions"}],"predecessor-version":[{"id":662818,"href":"https:\/\/www.diarioimagen.net\/index.php?rest_route=\/wp\/v2\/posts\/662816\/revisions\/662818"}],"wp:featuredmedia":[{"embeddable":true,"href":"https:\/\/www.diarioimagen.net\/index.php?rest_route=\/wp\/v2\/media\/662817"}],"wp:attachment":[{"href":"https:\/\/www.diarioimagen.net\/index.php?rest_route=%2Fwp%2Fv2%2Fmedia&parent=662816"}],"wp:term":[{"taxonomy":"category","embeddable":true,"href":"https:\/\/www.diarioimagen.net\/index.php?rest_route=%2Fwp%2Fv2%2Fcategories&post=662816"},{"taxonomy":"post_tag","embeddable":true,"href":"https:\/\/www.diarioimagen.net\/index.php?rest_route=%2Fwp%2Fv2%2Ftags&post=662816"}],"curies":[{"name":"wp","href":"https:\/\/api.w.org\/{rel}","templated":true}]}}