{"id":662963,"date":"2025-04-10T00:00:34","date_gmt":"2025-04-10T06:00:34","guid":{"rendered":"https:\/\/www.diarioimagen.net\/?p=662963"},"modified":"2025-04-09T21:05:44","modified_gmt":"2025-04-10T03:05:44","slug":"reconoce-el-sector-empresarial-las-acciones-de-gobierno-de-tlalnepantla","status":"publish","type":"post","link":"https:\/\/www.diarioimagen.net\/?p=662963","title":{"rendered":"\u00a0  Reconoce el sector empresarial las  acciones de gobierno de Tlalnepantla"},"content":{"rendered":"<ul>\n<li><strong>Campa\u00f1a \u201cRegulariza tu Negocio, Protege tu Patrimonio\u201d<\/strong><\/li>\n<\/ul>\n<div id=\"attachment_662964\" style=\"width: 407px\" class=\"wp-caption alignnone\"><img loading=\"lazy\" decoding=\"async\" aria-describedby=\"caption-attachment-662964\" class=\"wp-image-662964 size-large\" src=\"https:\/\/www.diarioimagen.net\/wp-content\/uploads\/2025\/04\/BAENA-2-ok-5-397x270.jpg\" alt=\"\" width=\"397\" height=\"270\" srcset=\"https:\/\/www.diarioimagen.net\/wp-content\/uploads\/2025\/04\/BAENA-2-ok-5-397x270.jpg 397w, https:\/\/www.diarioimagen.net\/wp-content\/uploads\/2025\/04\/BAENA-2-ok-5-240x163.jpg 240w, https:\/\/www.diarioimagen.net\/wp-content\/uploads\/2025\/04\/BAENA-2-ok-5-768x522.jpg 768w, https:\/\/www.diarioimagen.net\/wp-content\/uploads\/2025\/04\/BAENA-2-ok-5.jpg 1500w\" sizes=\"auto, (max-width: 397px) 100vw, 397px\" \/><p id=\"caption-attachment-662964\" class=\"wp-caption-text\">El presidente municipal de Tlalnepantla, Raciel P\u00e9rez Cruz, se reuni\u00f3 con empresarios durante la presentaci\u00f3n de la campa\u00f1a \u201cRegulariza tu Negocio, Protege tu Patrimonio\u201d.<\/p><\/div>\n<p>&nbsp;<\/p>\n<p>Tlalnepantla, M\u00e9x.- La comunidad empresarial de este municipio recibi\u00f3 al presidente municipal Raciel P\u00e9rez Cruz durante la presentaci\u00f3n de la campa\u00f1a \u201cRegulariza tu Negocio, Protege tu Patrimonio\u201d, mediante la cual se otorgan m\u00faltiples beneficios para que las y los propietarios de unidades econ\u00f3micas no operen al margen del marco normativo que regula los comercios en la demarcaci\u00f3n.<\/p>\n<p>&nbsp;<\/p>\n<p>El edil puntualiz\u00f3 que esta campa\u00f1a tiene como prop\u00f3sito la detonaci\u00f3n de la actividad econ\u00f3mica en el municipio, \u201cm\u00e1s a\u00fan cuando el panorama nacional se enfrenta a cierta incertidumbre derivada de la guerra comercial que se inici\u00f3 en estos d\u00edas por parte del presidente Trump y aqu\u00ed tenemos que estar preparados\u201d.<\/p>\n<p>&nbsp;<\/p>\n<p>Agreg\u00f3 que Tlalnepantla se encuentra en una encrucijada, por lo que en los pr\u00f3ximos tres a\u00f1os se redoblar\u00e1n esfuerzos para estabilizar al municipio y entablar di\u00e1logo con la comunidad empresarial para dar soluci\u00f3n a sus demandas, toda vez que son ellos quienes invierten y generan mejores oportunidades de empleo para las y los habitantes.<\/p>\n<p>&nbsp;<\/p>\n<p>P\u00e9rez Cruz coment\u00f3 que se han presentado avances importantes en materia de digitalizaci\u00f3n de procesos para que se reduzca el contacto y criterio humano que en ocasiones genera corrupci\u00f3n, \u201cesto es lo que principalmente afecta la confianza en las instituciones porque no genera incentivos y esta campa\u00f1a precisamente est\u00e1 dise\u00f1ada para dar un paso en contra de la corrupci\u00f3n\u201d.<\/p>\n<p>&nbsp;<\/p>\n<p>\u201cTodas y todos ustedes son el motor de nuestra ciudad, generan empleos, invierten, arriesgan y merecen las mejores condiciones, necesitan a un gobierno de su lado y precisamente nosotros estamos aqu\u00ed para que trabajemos juntos, que entre todas y todos construyamos un municipio m\u00e1s justo, equitativo, sustentable y seguro\u201d, se\u00f1al\u00f3 el alcalde al dirigirse a la comunidad empresarial.<\/p>\n<p>&nbsp;<\/p>\n<p>La subdirectora del Centro de Atenci\u00f3n Empresarial de Tlalnepantla (CAET), X\u00f3chitl Maldonado, record\u00f3 que al inicio de la administraci\u00f3n pocos emprendedores y empresarios se acercaban a esta dependencia por el temor a ser extorsionados como sucedi\u00f3 en el gobierno anterior, pero como resultado de una nueva etapa de transformaci\u00f3n, se recobr\u00f3 la confianza de quienes generan una econom\u00eda din\u00e1mica en el municipio.<\/p>\n<p>&nbsp;<\/p>\n<p>&nbsp;<\/p>\n","protected":false},"excerpt":{"rendered":"<p>Campa\u00f1a \u201cRegulariza tu Negocio, Protege tu Patrimonio\u201d &nbsp; Tlalnepantla, M\u00e9x.- La comunidad empresarial de este municipio recibi\u00f3 al presidente municipal Raciel P\u00e9rez Cruz durante la presentaci\u00f3n de la campa\u00f1a \u201cRegulariza tu Negocio, Protege tu Patrimonio\u201d, mediante la cual se otorgan m\u00faltiples beneficios para que las y los propietarios de unidades econ\u00f3micas no operen al margen [&hellip;]<\/p>\n","protected":false},"author":14,"featured_media":662964,"comment_status":"open","ping_status":"open","sticky":false,"template":"","format":"standard","meta":{"_monsterinsights_skip_tracking":false,"_monsterinsights_sitenote_active":false,"_monsterinsights_sitenote_note":"","_monsterinsights_sitenote_category":0,"footnotes":""},"categories":[5],"tags":[],"class_list":["post-662963","post","type-post","status-publish","format-standard","has-post-thumbnail","hentry","category-estado-de-mexico"],"_links":{"self":[{"href":"https:\/\/www.diarioimagen.net\/index.php?rest_route=\/wp\/v2\/posts\/662963","targetHints":{"allow":["GET"]}}],"collection":[{"href":"https:\/\/www.diarioimagen.net\/index.php?rest_route=\/wp\/v2\/posts"}],"about":[{"href":"https:\/\/www.diarioimagen.net\/index.php?rest_route=\/wp\/v2\/types\/post"}],"author":[{"embeddable":true,"href":"https:\/\/www.diarioimagen.net\/index.php?rest_route=\/wp\/v2\/users\/14"}],"replies":[{"embeddable":true,"href":"https:\/\/www.diarioimagen.net\/index.php?rest_route=%2Fwp%2Fv2%2Fcomments&post=662963"}],"version-history":[{"count":1,"href":"https:\/\/www.diarioimagen.net\/index.php?rest_route=\/wp\/v2\/posts\/662963\/revisions"}],"predecessor-version":[{"id":662965,"href":"https:\/\/www.diarioimagen.net\/index.php?rest_route=\/wp\/v2\/posts\/662963\/revisions\/662965"}],"wp:featuredmedia":[{"embeddable":true,"href":"https:\/\/www.diarioimagen.net\/index.php?rest_route=\/wp\/v2\/media\/662964"}],"wp:attachment":[{"href":"https:\/\/www.diarioimagen.net\/index.php?rest_route=%2Fwp%2Fv2%2Fmedia&parent=662963"}],"wp:term":[{"taxonomy":"category","embeddable":true,"href":"https:\/\/www.diarioimagen.net\/index.php?rest_route=%2Fwp%2Fv2%2Fcategories&post=662963"},{"taxonomy":"post_tag","embeddable":true,"href":"https:\/\/www.diarioimagen.net\/index.php?rest_route=%2Fwp%2Fv2%2Ftags&post=662963"}],"curies":[{"name":"wp","href":"https:\/\/api.w.org\/{rel}","templated":true}]}}