{"id":662966,"date":"2025-04-10T00:00:54","date_gmt":"2025-04-10T06:00:54","guid":{"rendered":"https:\/\/www.diarioimagen.net\/?p=662966"},"modified":"2025-04-09T21:07:05","modified_gmt":"2025-04-10T03:07:05","slug":"en-breve-entrara-en-funciones-la-guardia-municipal-de-naucalpan","status":"publish","type":"post","link":"https:\/\/www.diarioimagen.net\/?p=662966","title":{"rendered":"\u00a0  En breve, entrar\u00e1 en funciones  la Guardia Municipal de Naucalpan"},"content":{"rendered":"<ul>\n<li><strong>Se reforzar\u00e1 seguridad: Isaac Montoya<\/strong><\/li>\n<\/ul>\n<div id=\"attachment_662967\" style=\"width: 422px\" class=\"wp-caption alignnone\"><img loading=\"lazy\" decoding=\"async\" aria-describedby=\"caption-attachment-662967\" class=\"wp-image-662967 size-large\" src=\"https:\/\/www.diarioimagen.net\/wp-content\/uploads\/2025\/04\/BAENA-3-ok-6-412x270.jpg\" alt=\"\" width=\"412\" height=\"270\" srcset=\"https:\/\/www.diarioimagen.net\/wp-content\/uploads\/2025\/04\/BAENA-3-ok-6-412x270.jpg 412w, https:\/\/www.diarioimagen.net\/wp-content\/uploads\/2025\/04\/BAENA-3-ok-6-240x157.jpg 240w, https:\/\/www.diarioimagen.net\/wp-content\/uploads\/2025\/04\/BAENA-3-ok-6-768x504.jpg 768w, https:\/\/www.diarioimagen.net\/wp-content\/uploads\/2025\/04\/BAENA-3-ok-6.jpg 1500w\" sizes=\"auto, (max-width: 412px) 100vw, 412px\" \/><p id=\"caption-attachment-662967\" class=\"wp-caption-text\">El alcalde Isaac Montoya anunci\u00f3 que la Guardia Municipal no ser\u00e1 solo un cambio de nombre, sino de operatividad y estructura, como parte del plan Seguridad con Todo.<\/p><\/div>\n<p>&nbsp;<\/p>\n<p>Naucalpan, M\u00e9x.- El presidente municipal Isaac Montoya M\u00e1rquez comparti\u00f3 avances sustanciales y estructurales durante el primer trimestre de su administraci\u00f3n, destacando logros en materia de seguridad, protecci\u00f3n civil, medio ambiente y desarrollo urbano.<\/p>\n<p>&nbsp;<\/p>\n<p>Acompa\u00f1ado por los titulares de las distintas \u00e1reas, present\u00f3 las acciones emprendidas en dichos rubros y present\u00f3 una comparativa entre el primer trimestre de su gobierno y destac\u00f3 una reducci\u00f3n del 19% en delitos de alto impacto: el robo de veh\u00edculo disminuy\u00f3 un 9%; el robo a comercio, un 108%; el robo a transe\u00fante, un 72%; y el robo a casa habitaci\u00f3n, un 111%.<\/p>\n<p>&nbsp;<\/p>\n<p>Destac\u00f3 que se espera el respaldo del Cabildo para el nacimiento de la Guardia Municipal, la cual no ser\u00e1 solo un cambio de nombre, sino de operatividad y estructura, como parte del plan Seguridad con Todo.<\/p>\n<p>&nbsp;<\/p>\n<p>Subray\u00f3 que hac\u00eda falta una l\u00ednea de mando clara, orientada a erradicar pr\u00e1cticas como la extorsi\u00f3n o el abuso de autoridad. Cit\u00f3 el caso del juez c\u00edvico calificador, donde anteriormente se impon\u00edan cuotas a los elementos para presentar detenidos; al eliminarse esa pr\u00e1ctica, las multas se redujeron en un 60%.<\/p>\n<p>&nbsp;<\/p>\n<p>La Guardia Municipal contar\u00e1 con m\u00e1s de 200 elementos adicionales, as\u00ed como 250 patrullas, motos y camionetas para reforzar la seguridad. Se realizar\u00e1 una rezonificaci\u00f3n del municipio, reduciendo las 31 regiones actuales a 25, lo que permitir\u00e1 presencia policial en aproximadamente 200 puntos estrat\u00e9gicos durante las 24 horas del d\u00eda.<\/p>\n<p>&nbsp;<\/p>\n<p>Adem\u00e1s, se contempla la instalaci\u00f3n de al menos 500 c\u00e1maras de videovigilancia.<\/p>\n<p>&nbsp;<\/p>\n<p>&nbsp;<\/p>\n<p>&nbsp;<\/p>\n","protected":false},"excerpt":{"rendered":"<p>Se reforzar\u00e1 seguridad: Isaac Montoya &nbsp; Naucalpan, M\u00e9x.- El presidente municipal Isaac Montoya M\u00e1rquez comparti\u00f3 avances sustanciales y estructurales durante el primer trimestre de su administraci\u00f3n, destacando logros en materia de seguridad, protecci\u00f3n civil, medio ambiente y desarrollo urbano. &nbsp; Acompa\u00f1ado por los titulares de las distintas \u00e1reas, present\u00f3 las acciones emprendidas en dichos rubros [&hellip;]<\/p>\n","protected":false},"author":14,"featured_media":662967,"comment_status":"open","ping_status":"open","sticky":false,"template":"","format":"standard","meta":{"_monsterinsights_skip_tracking":false,"_monsterinsights_sitenote_active":false,"_monsterinsights_sitenote_note":"","_monsterinsights_sitenote_category":0,"footnotes":""},"categories":[5],"tags":[],"class_list":["post-662966","post","type-post","status-publish","format-standard","has-post-thumbnail","hentry","category-estado-de-mexico"],"_links":{"self":[{"href":"https:\/\/www.diarioimagen.net\/index.php?rest_route=\/wp\/v2\/posts\/662966","targetHints":{"allow":["GET"]}}],"collection":[{"href":"https:\/\/www.diarioimagen.net\/index.php?rest_route=\/wp\/v2\/posts"}],"about":[{"href":"https:\/\/www.diarioimagen.net\/index.php?rest_route=\/wp\/v2\/types\/post"}],"author":[{"embeddable":true,"href":"https:\/\/www.diarioimagen.net\/index.php?rest_route=\/wp\/v2\/users\/14"}],"replies":[{"embeddable":true,"href":"https:\/\/www.diarioimagen.net\/index.php?rest_route=%2Fwp%2Fv2%2Fcomments&post=662966"}],"version-history":[{"count":1,"href":"https:\/\/www.diarioimagen.net\/index.php?rest_route=\/wp\/v2\/posts\/662966\/revisions"}],"predecessor-version":[{"id":662968,"href":"https:\/\/www.diarioimagen.net\/index.php?rest_route=\/wp\/v2\/posts\/662966\/revisions\/662968"}],"wp:featuredmedia":[{"embeddable":true,"href":"https:\/\/www.diarioimagen.net\/index.php?rest_route=\/wp\/v2\/media\/662967"}],"wp:attachment":[{"href":"https:\/\/www.diarioimagen.net\/index.php?rest_route=%2Fwp%2Fv2%2Fmedia&parent=662966"}],"wp:term":[{"taxonomy":"category","embeddable":true,"href":"https:\/\/www.diarioimagen.net\/index.php?rest_route=%2Fwp%2Fv2%2Fcategories&post=662966"},{"taxonomy":"post_tag","embeddable":true,"href":"https:\/\/www.diarioimagen.net\/index.php?rest_route=%2Fwp%2Fv2%2Ftags&post=662966"}],"curies":[{"name":"wp","href":"https:\/\/api.w.org\/{rel}","templated":true}]}}