{"id":662969,"date":"2025-04-10T00:00:17","date_gmt":"2025-04-10T06:00:17","guid":{"rendered":"https:\/\/www.diarioimagen.net\/?p=662969"},"modified":"2025-04-09T21:08:22","modified_gmt":"2025-04-10T03:08:22","slug":"necesaria-la-independencia-de-la-scjn-ricardo-sodi","status":"publish","type":"post","link":"https:\/\/www.diarioimagen.net\/?p=662969","title":{"rendered":"Necesaria, la independencia de la SCJN: Ricardo Sodi"},"content":{"rendered":"<p><img loading=\"lazy\" decoding=\"async\" class=\"alignnone wp-image-662970 size-large\" src=\"https:\/\/www.diarioimagen.net\/wp-content\/uploads\/2025\/04\/BAENA-4-ok-6-387x270.jpg\" alt=\"\" width=\"387\" height=\"270\" srcset=\"https:\/\/www.diarioimagen.net\/wp-content\/uploads\/2025\/04\/BAENA-4-ok-6-387x270.jpg 387w, https:\/\/www.diarioimagen.net\/wp-content\/uploads\/2025\/04\/BAENA-4-ok-6-240x167.jpg 240w, https:\/\/www.diarioimagen.net\/wp-content\/uploads\/2025\/04\/BAENA-4-ok-6-768x536.jpg 768w, https:\/\/www.diarioimagen.net\/wp-content\/uploads\/2025\/04\/BAENA-4-ok-6.jpg 1500w\" sizes=\"auto, (max-width: 387px) 100vw, 387px\" \/><\/p>\n<p>&nbsp;<\/p>\n<p>Atizap\u00e1n de Zaragoza, M\u00e9x.- Ricardo Sodi Cu\u00e9llar, candidato a ministro de la Suprema Corte de Justicia de la Naci\u00f3n (SCJN), particip\u00f3 en una reuni\u00f3n con\u00a0 empresarios, estudiantes y l\u00edderes vecinales de 20 fraccionamientos\u00a0 donde escuch\u00f3 y convers\u00f3 sobre la elecci\u00f3n judicial. El ex presidente del Poder Judicial del Estado de M\u00e9xico, asegur\u00f3 que para garantizar un aut\u00e9ntico acceso a la justicia es necesario lograr una verdadera\u00a0 independencia en el Poder Judicial. Sodi Cu\u00e9llar, asegur\u00f3 que \u00ablos ministros deben tener criterio pol\u00edtico, pero no posici\u00f3n pol\u00edtica; no deben ser miembros de partidos, ni deben de servir ideolog\u00edas de ning\u00fan partido pol\u00edtico\u201d . Asegur\u00f3 que urge construir una nueva corte que est\u00e9 sustentada sobre bases de profesionalismo, de racionalidad y de ingenio. Asegur\u00f3 que la justicia se va a perder en formalismos, esas son las dos cosas que tenemos que evitar, que haya m\u00e1s acceso a la justicia<\/p>\n","protected":false},"excerpt":{"rendered":"<p>&nbsp; Atizap\u00e1n de Zaragoza, M\u00e9x.- Ricardo Sodi Cu\u00e9llar, candidato a ministro de la Suprema Corte de Justicia de la Naci\u00f3n (SCJN), particip\u00f3 en una reuni\u00f3n con\u00a0 empresarios, estudiantes y l\u00edderes vecinales de 20 fraccionamientos\u00a0 donde escuch\u00f3 y convers\u00f3 sobre la elecci\u00f3n judicial. El ex presidente del Poder Judicial del Estado de M\u00e9xico, asegur\u00f3 que para [&hellip;]<\/p>\n","protected":false},"author":14,"featured_media":662970,"comment_status":"open","ping_status":"open","sticky":false,"template":"","format":"standard","meta":{"_monsterinsights_skip_tracking":false,"_monsterinsights_sitenote_active":false,"_monsterinsights_sitenote_note":"","_monsterinsights_sitenote_category":0,"footnotes":""},"categories":[5],"tags":[],"class_list":["post-662969","post","type-post","status-publish","format-standard","has-post-thumbnail","hentry","category-estado-de-mexico"],"_links":{"self":[{"href":"https:\/\/www.diarioimagen.net\/index.php?rest_route=\/wp\/v2\/posts\/662969","targetHints":{"allow":["GET"]}}],"collection":[{"href":"https:\/\/www.diarioimagen.net\/index.php?rest_route=\/wp\/v2\/posts"}],"about":[{"href":"https:\/\/www.diarioimagen.net\/index.php?rest_route=\/wp\/v2\/types\/post"}],"author":[{"embeddable":true,"href":"https:\/\/www.diarioimagen.net\/index.php?rest_route=\/wp\/v2\/users\/14"}],"replies":[{"embeddable":true,"href":"https:\/\/www.diarioimagen.net\/index.php?rest_route=%2Fwp%2Fv2%2Fcomments&post=662969"}],"version-history":[{"count":1,"href":"https:\/\/www.diarioimagen.net\/index.php?rest_route=\/wp\/v2\/posts\/662969\/revisions"}],"predecessor-version":[{"id":662971,"href":"https:\/\/www.diarioimagen.net\/index.php?rest_route=\/wp\/v2\/posts\/662969\/revisions\/662971"}],"wp:featuredmedia":[{"embeddable":true,"href":"https:\/\/www.diarioimagen.net\/index.php?rest_route=\/wp\/v2\/media\/662970"}],"wp:attachment":[{"href":"https:\/\/www.diarioimagen.net\/index.php?rest_route=%2Fwp%2Fv2%2Fmedia&parent=662969"}],"wp:term":[{"taxonomy":"category","embeddable":true,"href":"https:\/\/www.diarioimagen.net\/index.php?rest_route=%2Fwp%2Fv2%2Fcategories&post=662969"},{"taxonomy":"post_tag","embeddable":true,"href":"https:\/\/www.diarioimagen.net\/index.php?rest_route=%2Fwp%2Fv2%2Ftags&post=662969"}],"curies":[{"name":"wp","href":"https:\/\/api.w.org\/{rel}","templated":true}]}}