{"id":663147,"date":"2025-04-11T00:00:41","date_gmt":"2025-04-11T06:00:41","guid":{"rendered":"https:\/\/www.diarioimagen.net\/?p=663147"},"modified":"2025-04-10T19:55:01","modified_gmt":"2025-04-11T01:55:01","slug":"lideres-sociales-y-empresarial-destacan-baja-en-incidencia-delictiva-en-tlalnepantla","status":"publish","type":"post","link":"https:\/\/www.diarioimagen.net\/?p=663147","title":{"rendered":"L\u00edderes sociales y empresarial destacan  baja en incidencia delictiva en Tlalnepantla"},"content":{"rendered":"<ul>\n<li><strong>Reconocen estrategia del alcalde Raciel P\u00e9rez <\/strong><\/li>\n<\/ul>\n<div id=\"attachment_663148\" style=\"width: 470px\" class=\"wp-caption alignnone\"><img loading=\"lazy\" decoding=\"async\" aria-describedby=\"caption-attachment-663148\" class=\"wp-image-663148 size-large\" src=\"https:\/\/www.diarioimagen.net\/wp-content\/uploads\/2025\/04\/BAENA-1-ok-7-460x249.jpg\" alt=\"\" width=\"460\" height=\"249\" srcset=\"https:\/\/www.diarioimagen.net\/wp-content\/uploads\/2025\/04\/BAENA-1-ok-7-460x249.jpg 460w, https:\/\/www.diarioimagen.net\/wp-content\/uploads\/2025\/04\/BAENA-1-ok-7-240x130.jpg 240w, https:\/\/www.diarioimagen.net\/wp-content\/uploads\/2025\/04\/BAENA-1-ok-7-768x416.jpg 768w, https:\/\/www.diarioimagen.net\/wp-content\/uploads\/2025\/04\/BAENA-1-ok-7.jpg 1500w\" sizes=\"auto, (max-width: 460px) 100vw, 460px\" \/><p id=\"caption-attachment-663148\" class=\"wp-caption-text\"><br \/>De acuerdo con cifras del Secretariado Ejecutivo del Sistema Nacional de Seguridad P\u00fablica, el municipio de Tlalnepantla, la planificaci\u00f3n en materia de seguridad p\u00fablica ha dado buenos resultados.<\/p><\/div>\n<p>&nbsp;<\/p>\n<p>&nbsp;<\/p>\n<p>&nbsp;<\/p>\n<p>Por Arturo Baena<\/p>\n<p>&nbsp;<\/p>\n<p>Tlalnepantla, Mex.- L\u00edderes de todos los sectores, pero sobre el empresarial y la sociedad civil, reconocieron la estrategia de seguridad implementada por el alcalde Raciel P\u00e9rez Cruz, la cual\u00a0 ha\u00a0 reducido delitos en las comunidades.<\/p>\n<p>&nbsp;<\/p>\n<p>Y es que de acuerdo con cifras del Secretariado Ejecutivo del Sistema Nacional de Seguridad P\u00fablica, el municipio de Tlalnepantla, la planificaci\u00f3n en materia de seguridad p\u00fablica ha dado buenos resultados.<\/p>\n<p>&nbsp;<\/p>\n<p>Sobre el particular, el titular de la Comisar\u00eda General de Proximidad y Seguridad Ciudadana, Jorge Alberto G\u00f3mez Estrella , inform\u00f3 que durante febrero del presente a\u00f1o se registraron un total de 733 delitos de alto valor, un decremento del 15 por ciento en la comisi\u00f3n de il\u00edcitos.<\/p>\n<p>&nbsp;<\/p>\n<p>En cuanto al robo de veh\u00edculos, el comisario refiri\u00f3 que en febrero del a\u00f1o pasado se reportaron 174 veh\u00edculos robados, en comparaci\u00f3n con los 149 autos registrados como robados en el presente a\u00f1o, lo que quiere decir que hay una disminuci\u00f3n del 14 por ciento en este delito.<\/p>\n<p>&nbsp;<\/p>\n<p>Agreg\u00f3 que una de las estrategias que han permitido la reducci\u00f3n de il\u00edcitos es la creaci\u00f3n de redes vecinales, las cuales generan proximidad con la ciudadan\u00eda \u201clo que hacemos es presentar a los oficiales encargados de ese per\u00edmetro en donde llevamos a cabo las reuniones, desde la parte operativa m\u00e1s b\u00e1sica hasta jefes de sector y regi\u00f3n\u201d.<\/p>\n<p>&nbsp;<\/p>\n<p>G\u00f3mez Estrella indic\u00f3 que al interior de la corporaci\u00f3n existen \u00e1reas indispensables para la prevenci\u00f3n de il\u00edcitos como la subdirecci\u00f3n de an\u00e1lisis estrat\u00e9gico encargada de la operatividad y constante comunicaci\u00f3n con las y los vecinos para atender oportunamente cualquier eventualidad. Tambi\u00e9n, a trav\u00e9s del \u00e1rea de inteligencia en b\u00fasqueda de personas, se reportan casos de desaparici\u00f3n para su pronta localizaci\u00f3n y reintegraci\u00f3n a su n\u00facleo familiar.<\/p>\n<p>&nbsp;<\/p>\n<p>&nbsp;<\/p>\n<p><strong>\u00a0<\/strong><\/p>\n","protected":false},"excerpt":{"rendered":"<p>Reconocen estrategia del alcalde Raciel P\u00e9rez &nbsp; &nbsp; &nbsp; Por Arturo Baena &nbsp; Tlalnepantla, Mex.- L\u00edderes de todos los sectores, pero sobre el empresarial y la sociedad civil, reconocieron la estrategia de seguridad implementada por el alcalde Raciel P\u00e9rez Cruz, la cual\u00a0 ha\u00a0 reducido delitos en las comunidades. &nbsp; Y es que de acuerdo con [&hellip;]<\/p>\n","protected":false},"author":14,"featured_media":663148,"comment_status":"open","ping_status":"open","sticky":false,"template":"","format":"standard","meta":{"_monsterinsights_skip_tracking":false,"_monsterinsights_sitenote_active":false,"_monsterinsights_sitenote_note":"","_monsterinsights_sitenote_category":0,"footnotes":""},"categories":[5],"tags":[],"class_list":["post-663147","post","type-post","status-publish","format-standard","has-post-thumbnail","hentry","category-estado-de-mexico"],"_links":{"self":[{"href":"https:\/\/www.diarioimagen.net\/index.php?rest_route=\/wp\/v2\/posts\/663147","targetHints":{"allow":["GET"]}}],"collection":[{"href":"https:\/\/www.diarioimagen.net\/index.php?rest_route=\/wp\/v2\/posts"}],"about":[{"href":"https:\/\/www.diarioimagen.net\/index.php?rest_route=\/wp\/v2\/types\/post"}],"author":[{"embeddable":true,"href":"https:\/\/www.diarioimagen.net\/index.php?rest_route=\/wp\/v2\/users\/14"}],"replies":[{"embeddable":true,"href":"https:\/\/www.diarioimagen.net\/index.php?rest_route=%2Fwp%2Fv2%2Fcomments&post=663147"}],"version-history":[{"count":1,"href":"https:\/\/www.diarioimagen.net\/index.php?rest_route=\/wp\/v2\/posts\/663147\/revisions"}],"predecessor-version":[{"id":663149,"href":"https:\/\/www.diarioimagen.net\/index.php?rest_route=\/wp\/v2\/posts\/663147\/revisions\/663149"}],"wp:featuredmedia":[{"embeddable":true,"href":"https:\/\/www.diarioimagen.net\/index.php?rest_route=\/wp\/v2\/media\/663148"}],"wp:attachment":[{"href":"https:\/\/www.diarioimagen.net\/index.php?rest_route=%2Fwp%2Fv2%2Fmedia&parent=663147"}],"wp:term":[{"taxonomy":"category","embeddable":true,"href":"https:\/\/www.diarioimagen.net\/index.php?rest_route=%2Fwp%2Fv2%2Fcategories&post=663147"},{"taxonomy":"post_tag","embeddable":true,"href":"https:\/\/www.diarioimagen.net\/index.php?rest_route=%2Fwp%2Fv2%2Ftags&post=663147"}],"curies":[{"name":"wp","href":"https:\/\/api.w.org\/{rel}","templated":true}]}}