{"id":663150,"date":"2025-04-11T00:00:10","date_gmt":"2025-04-11T06:00:10","guid":{"rendered":"https:\/\/www.diarioimagen.net\/?p=663150"},"modified":"2025-04-10T19:56:00","modified_gmt":"2025-04-11T01:56:00","slug":"supervisa-isaac-montoya-trabajos-de-desazolve-en-la-presa-los-cuartos","status":"publish","type":"post","link":"https:\/\/www.diarioimagen.net\/?p=663150","title":{"rendered":"Supervisa Isaac Montoya trabajos  de desazolve en la Presa Los Cuartos"},"content":{"rendered":"<ul>\n<li><strong>Prevenci\u00f3n de posibles riesgos<\/strong><\/li>\n<\/ul>\n<p><strong>\u00a0<\/strong><\/p>\n<div id=\"attachment_663151\" style=\"width: 435px\" class=\"wp-caption alignnone\"><img loading=\"lazy\" decoding=\"async\" aria-describedby=\"caption-attachment-663151\" class=\"wp-image-663151 size-large\" src=\"https:\/\/www.diarioimagen.net\/wp-content\/uploads\/2025\/04\/BAENA-2-ok-6-425x270.jpg\" alt=\"\" width=\"425\" height=\"270\" srcset=\"https:\/\/www.diarioimagen.net\/wp-content\/uploads\/2025\/04\/BAENA-2-ok-6-425x270.jpg 425w, https:\/\/www.diarioimagen.net\/wp-content\/uploads\/2025\/04\/BAENA-2-ok-6-240x153.jpg 240w, https:\/\/www.diarioimagen.net\/wp-content\/uploads\/2025\/04\/BAENA-2-ok-6-768x488.jpg 768w, https:\/\/www.diarioimagen.net\/wp-content\/uploads\/2025\/04\/BAENA-2-ok-6.jpg 1500w\" sizes=\"auto, (max-width: 425px) 100vw, 425px\" \/><p id=\"caption-attachment-663151\" class=\"wp-caption-text\">El alcalde Isaac Montoya M\u00e1rquez acudi\u00f3 a la Presa Los Cuartos\u00a0 para supervisar los trabajos que ya se iniciaron por parte de Conagua para el desalojo de agua en el embalse, con el fin de prevenir posibles riesgos.<\/p><\/div>\n<p>&nbsp;<\/p>\n<p>Naucalpan, M\u00e9x.- El presidente municipal, Isaac Montoya M\u00e1rquez, acudi\u00f3 por segunda ocasi\u00f3n a la Presa Los Cuartos,\u00a0 para supervisar los trabajos que ya se iniciaron por parte de Conagua para el desalojo de agua en el embalse, con el fin de prevenir posibles riesgos y afectaciones a la poblaci\u00f3n.<\/p>\n<p>&nbsp;<\/p>\n<p>El alcalde inform\u00f3 a las y los vecinos de San Rafael Chamapa y comunidades aleda\u00f1as que con el bombeo que se implement\u00f3 desde el viernes pasado, permite el desalojo de 2 mil metros c\u00fabicos por jornada. Y se calcula que con estos trabajos, se tienen aproximadamente 40 cent\u00edmetros menos de agua.<\/p>\n<p>&nbsp;<\/p>\n<p>Montoya M\u00e1rquez coment\u00f3 que tras la licitaci\u00f3n de los trabajos, por parte de Conagua ya se encuentra laborando el contratista y de esta manera se incrementar\u00e1 el desalojo de las aguas, de 2 mil a 4 mil metros c\u00fabicos. La liberaci\u00f3n de los vol\u00famenes de agua para disminuir los riesgos se lograr\u00e1 con equipo especializado.<\/p>\n<p>&nbsp;<\/p>\n<p>Asimismo, el presidente municipal se\u00f1al\u00f3 la importancia de que el gobierno municipal, a trav\u00e9s de de OAPAS, Protecci\u00f3n Civil y Servicios P\u00fablicos, anticipar\u00e1 los trabajos, a fin de disminuir afectaciones a la poblaci\u00f3n.<\/p>\n<p>&nbsp;<\/p>\n<p>Destac\u00f3 que gracias a la cooperaci\u00f3n que se tiene con la Conagua, as\u00ed como con el OCAVM (Organismo de Cuenca Aguas del Valle de M\u00e9xico), quienes se hacen cargo de vigilar las presas y r\u00edos en el Valle de M\u00e9xico, ya est\u00e1n presentes para realizar el trabajo necesario y liberar el tap\u00f3n de basura que impide el desalojo del agua.<\/p>\n<p>&nbsp;<\/p>\n<p>&nbsp;<\/p>\n<p>Por otra parte, mencion\u00f3 que en atenci\u00f3n al se\u00f1alamiento de una vecina sobre la existencia de otro tap\u00f3n de basura, trabajadores en la presa ya revisaron la situaci\u00f3n.<\/p>\n<p>&nbsp;<\/p>\n<p>El alcalde apunt\u00f3 que la administraci\u00f3n municipal pasada, no hizo un solo desazolve en la red de drenaje, pero en su gobierno, desde los primeros tres meses, est\u00e1 avanzando con el desazolve integral, en todos los puntos estrat\u00e9gicos del municipio.<\/p>\n<p>&nbsp;<\/p>\n<p>&nbsp;<\/p>\n<p>&nbsp;<\/p>\n","protected":false},"excerpt":{"rendered":"<p>Prevenci\u00f3n de posibles riesgos \u00a0 &nbsp; Naucalpan, M\u00e9x.- El presidente municipal, Isaac Montoya M\u00e1rquez, acudi\u00f3 por segunda ocasi\u00f3n a la Presa Los Cuartos,\u00a0 para supervisar los trabajos que ya se iniciaron por parte de Conagua para el desalojo de agua en el embalse, con el fin de prevenir posibles riesgos y afectaciones a la poblaci\u00f3n. [&hellip;]<\/p>\n","protected":false},"author":14,"featured_media":663151,"comment_status":"open","ping_status":"open","sticky":false,"template":"","format":"standard","meta":{"_monsterinsights_skip_tracking":false,"_monsterinsights_sitenote_active":false,"_monsterinsights_sitenote_note":"","_monsterinsights_sitenote_category":0,"footnotes":""},"categories":[5],"tags":[],"class_list":["post-663150","post","type-post","status-publish","format-standard","has-post-thumbnail","hentry","category-estado-de-mexico"],"_links":{"self":[{"href":"https:\/\/www.diarioimagen.net\/index.php?rest_route=\/wp\/v2\/posts\/663150","targetHints":{"allow":["GET"]}}],"collection":[{"href":"https:\/\/www.diarioimagen.net\/index.php?rest_route=\/wp\/v2\/posts"}],"about":[{"href":"https:\/\/www.diarioimagen.net\/index.php?rest_route=\/wp\/v2\/types\/post"}],"author":[{"embeddable":true,"href":"https:\/\/www.diarioimagen.net\/index.php?rest_route=\/wp\/v2\/users\/14"}],"replies":[{"embeddable":true,"href":"https:\/\/www.diarioimagen.net\/index.php?rest_route=%2Fwp%2Fv2%2Fcomments&post=663150"}],"version-history":[{"count":1,"href":"https:\/\/www.diarioimagen.net\/index.php?rest_route=\/wp\/v2\/posts\/663150\/revisions"}],"predecessor-version":[{"id":663152,"href":"https:\/\/www.diarioimagen.net\/index.php?rest_route=\/wp\/v2\/posts\/663150\/revisions\/663152"}],"wp:featuredmedia":[{"embeddable":true,"href":"https:\/\/www.diarioimagen.net\/index.php?rest_route=\/wp\/v2\/media\/663151"}],"wp:attachment":[{"href":"https:\/\/www.diarioimagen.net\/index.php?rest_route=%2Fwp%2Fv2%2Fmedia&parent=663150"}],"wp:term":[{"taxonomy":"category","embeddable":true,"href":"https:\/\/www.diarioimagen.net\/index.php?rest_route=%2Fwp%2Fv2%2Fcategories&post=663150"},{"taxonomy":"post_tag","embeddable":true,"href":"https:\/\/www.diarioimagen.net\/index.php?rest_route=%2Fwp%2Fv2%2Ftags&post=663150"}],"curies":[{"name":"wp","href":"https:\/\/api.w.org\/{rel}","templated":true}]}}