{"id":663153,"date":"2025-04-11T00:00:10","date_gmt":"2025-04-11T06:00:10","guid":{"rendered":"https:\/\/www.diarioimagen.net\/?p=663153"},"modified":"2025-04-10T19:57:13","modified_gmt":"2025-04-11T01:57:13","slug":"el-plan-de-proximidad-social-llego-para-quedarse-azucena-cisneros","status":"publish","type":"post","link":"https:\/\/www.diarioimagen.net\/?p=663153","title":{"rendered":"El Plan de Proximidad Social lleg\u00f3  para quedarse: Azucena Cisneros"},"content":{"rendered":"<ul>\n<li><strong>Inicia nueva etapa en la vida ecatepenses<\/strong><\/li>\n<\/ul>\n<div id=\"attachment_663154\" style=\"width: 404px\" class=\"wp-caption alignnone\"><img loading=\"lazy\" decoding=\"async\" aria-describedby=\"caption-attachment-663154\" class=\"wp-image-663154 size-large\" src=\"https:\/\/www.diarioimagen.net\/wp-content\/uploads\/2025\/04\/BAENA-3-ok-7-394x270.jpg\" alt=\"\" width=\"394\" height=\"270\" srcset=\"https:\/\/www.diarioimagen.net\/wp-content\/uploads\/2025\/04\/BAENA-3-ok-7-394x270.jpg 394w, https:\/\/www.diarioimagen.net\/wp-content\/uploads\/2025\/04\/BAENA-3-ok-7-240x164.jpg 240w, https:\/\/www.diarioimagen.net\/wp-content\/uploads\/2025\/04\/BAENA-3-ok-7-768x526.jpg 768w, https:\/\/www.diarioimagen.net\/wp-content\/uploads\/2025\/04\/BAENA-3-ok-7-1536x1052.jpg 1536w, https:\/\/www.diarioimagen.net\/wp-content\/uploads\/2025\/04\/BAENA-3-ok-7-2048x1403.jpg 2048w\" sizes=\"auto, (max-width: 394px) 100vw, 394px\" \/><p id=\"caption-attachment-663154\" class=\"wp-caption-text\">La presidenta municipal Azucena Cisneros afirm\u00f3 que con el Plan de Proximidad Social\u00a0 inicia una nueva etapa en la vida de Ecatepec, ya que la polic\u00eda municipal estar\u00e1 m\u00e1s cerca de la gente.<\/p><\/div>\n<p>&nbsp;<\/p>\n<p>Ecatepec, M\u00e9x.- Durante la instalaci\u00f3n del Plan de Proximidad Social en la colonia Esfuerzo Nacional, en la zona de Xalostoc, la presidenta municipal Azucena Cisneros afirm\u00f3 que con este modelo inicia una nueva etapa en la vida de Ecatepec, ya que la polic\u00eda municipal estar\u00e1 m\u00e1s cerca de la gente.<\/p>\n<p>&nbsp;<\/p>\n<p>El proyecto de proximidad social lleg\u00f3 para quedarse, se\u00f1al\u00f3 la alcaldesa frente a los uniformados que se dieron cita en el m\u00f3dulo de la Direcci\u00f3n General de Seguridad Ciudadana y Tr\u00e1nsito Municipal, donde se destac\u00f3 que con la creaci\u00f3n de los cuadrantes, los elementos de la polic\u00eda municipal deben de atender una llamada de auxilio en m\u00e1ximo 5 minutos.<\/p>\n<p>&nbsp;<\/p>\n<p>Cisneros Coss reiter\u00f3 que los polic\u00edas ser\u00e1n evaluados constantemente, para saber cu\u00e1les son los delitos que m\u00e1s se cometen, \u201cen donde no lleg\u00f3 (la patrulla) en 5 minutos\u201d y c\u00f3mo se comportan los elementos de seguridad; sin embargo, dijo que el Gobierno del Cambio con Honestidad asume su compromiso de fortalecer a los cuerpos policiacos, con la entrega de uniformes y seguros, adem\u00e1s de que se entregar\u00e1n m\u00e1s patrullas.<\/p>\n<p>&nbsp;<\/p>\n<p>La primera presidenta municipal de Ecatepec destac\u00f3 que \u201choy no estamos solos, formamos parte de una estrategia federal, somos prioridad para la presidenta de la Rep\u00fablica Claudia Sheinbaum, somos prioridad tambi\u00e9n en el Estado de M\u00e9xico. Somos 11 municipios, pero Ecatepec es prioridad en el tema del agua y la seguridad\u201d.<\/p>\n<p>&nbsp;<\/p>\n<p>Al hacer uso del micr\u00f3fono, el Comisario de la Direcci\u00f3n de Seguridad Ciudadana y Tr\u00e1nsito Municipal, Edgar Machado Pe\u00f1a, enfatiz\u00f3 que la proximidad social es la materializaci\u00f3n de un proyecto dise\u00f1ado para dar respuesta inmediata a las necesidades de la sociedad y agreg\u00f3 que en Ecatepec se ha hecho un gran trabajo para poder distribuir y cambiar de las 7 regiones que exist\u00edan a 27 sectores y de los 71 cuadrantes a 230, adem\u00e1s de la creaci\u00f3n de redes vecinales.<\/p>\n<p>&nbsp;<\/p>\n<p>&nbsp;<\/p>\n<p>&nbsp;<\/p>\n","protected":false},"excerpt":{"rendered":"<p>Inicia nueva etapa en la vida ecatepenses &nbsp; Ecatepec, M\u00e9x.- Durante la instalaci\u00f3n del Plan de Proximidad Social en la colonia Esfuerzo Nacional, en la zona de Xalostoc, la presidenta municipal Azucena Cisneros afirm\u00f3 que con este modelo inicia una nueva etapa en la vida de Ecatepec, ya que la polic\u00eda municipal estar\u00e1 m\u00e1s cerca [&hellip;]<\/p>\n","protected":false},"author":14,"featured_media":663154,"comment_status":"open","ping_status":"open","sticky":false,"template":"","format":"standard","meta":{"_monsterinsights_skip_tracking":false,"_monsterinsights_sitenote_active":false,"_monsterinsights_sitenote_note":"","_monsterinsights_sitenote_category":0,"footnotes":""},"categories":[5],"tags":[],"class_list":["post-663153","post","type-post","status-publish","format-standard","has-post-thumbnail","hentry","category-estado-de-mexico"],"_links":{"self":[{"href":"https:\/\/www.diarioimagen.net\/index.php?rest_route=\/wp\/v2\/posts\/663153","targetHints":{"allow":["GET"]}}],"collection":[{"href":"https:\/\/www.diarioimagen.net\/index.php?rest_route=\/wp\/v2\/posts"}],"about":[{"href":"https:\/\/www.diarioimagen.net\/index.php?rest_route=\/wp\/v2\/types\/post"}],"author":[{"embeddable":true,"href":"https:\/\/www.diarioimagen.net\/index.php?rest_route=\/wp\/v2\/users\/14"}],"replies":[{"embeddable":true,"href":"https:\/\/www.diarioimagen.net\/index.php?rest_route=%2Fwp%2Fv2%2Fcomments&post=663153"}],"version-history":[{"count":1,"href":"https:\/\/www.diarioimagen.net\/index.php?rest_route=\/wp\/v2\/posts\/663153\/revisions"}],"predecessor-version":[{"id":663155,"href":"https:\/\/www.diarioimagen.net\/index.php?rest_route=\/wp\/v2\/posts\/663153\/revisions\/663155"}],"wp:featuredmedia":[{"embeddable":true,"href":"https:\/\/www.diarioimagen.net\/index.php?rest_route=\/wp\/v2\/media\/663154"}],"wp:attachment":[{"href":"https:\/\/www.diarioimagen.net\/index.php?rest_route=%2Fwp%2Fv2%2Fmedia&parent=663153"}],"wp:term":[{"taxonomy":"category","embeddable":true,"href":"https:\/\/www.diarioimagen.net\/index.php?rest_route=%2Fwp%2Fv2%2Fcategories&post=663153"},{"taxonomy":"post_tag","embeddable":true,"href":"https:\/\/www.diarioimagen.net\/index.php?rest_route=%2Fwp%2Fv2%2Ftags&post=663153"}],"curies":[{"name":"wp","href":"https:\/\/api.w.org\/{rel}","templated":true}]}}