{"id":663156,"date":"2025-04-11T00:00:37","date_gmt":"2025-04-11T06:00:37","guid":{"rendered":"https:\/\/www.diarioimagen.net\/?p=663156"},"modified":"2025-04-10T19:58:53","modified_gmt":"2025-04-11T01:58:53","slug":"arranco-en-atizapan-el-programa-de-entrega-de-tinacos-2025","status":"publish","type":"post","link":"https:\/\/www.diarioimagen.net\/?p=663156","title":{"rendered":"Arranc\u00f3 en Atizap\u00e1n el programa de entrega de tinacos 2025"},"content":{"rendered":"<div id=\"attachment_663157\" style=\"width: 413px\" class=\"wp-caption alignnone\"><img loading=\"lazy\" decoding=\"async\" aria-describedby=\"caption-attachment-663157\" class=\"wp-image-663157 size-large\" src=\"https:\/\/www.diarioimagen.net\/wp-content\/uploads\/2025\/04\/BAENA-4-ok-7-403x270.jpg\" alt=\"\" width=\"403\" height=\"270\" srcset=\"https:\/\/www.diarioimagen.net\/wp-content\/uploads\/2025\/04\/BAENA-4-ok-7-403x270.jpg 403w, https:\/\/www.diarioimagen.net\/wp-content\/uploads\/2025\/04\/BAENA-4-ok-7-240x161.jpg 240w, https:\/\/www.diarioimagen.net\/wp-content\/uploads\/2025\/04\/BAENA-4-ok-7-768x515.jpg 768w, https:\/\/www.diarioimagen.net\/wp-content\/uploads\/2025\/04\/BAENA-4-ok-7.jpg 1500w\" sizes=\"auto, (max-width: 403px) 100vw, 403px\" \/><p id=\"caption-attachment-663157\" class=\"wp-caption-text\">Arranc\u00f3 en Atizap\u00e1n el programa de entrega de tinacos 2025<\/p><\/div>\n<p>Atizap\u00e1n de Zaragoza, Mex.- El gobierno de esta localidad, bajo la administraci\u00f3n del alcalde Pedro Rodr\u00edguez Villegas, inform\u00f3 sobre la apertura de la convocatoria para el programa de entrega de tinacos, una iniciativa dise\u00f1ada para fortalecer el almacenamiento de agua en los hogares del municipio. Este programa refrenda el compromiso de la actual gesti\u00f3n con las familias atizapenses, buscando asegurar un mejor acceso y disposici\u00f3n de agua potable. Se destaca que el proceso de registro para los ciudadanos interesados ha sido optimizado mediante el uso de tecnolog\u00eda, incluyendo Inteligencia Artificial (IA), para hacerlo m\u00e1s \u00e1gil y sencillo.<\/p>\n<p>&nbsp;<\/p>\n<p>&nbsp;<\/p>\n<p>Esta modernizaci\u00f3n forma parte de las acciones del gobierno del Presidente Rodr\u00edguez Villegas para facilitar el acceso de la ciudadan\u00eda a los programas y servicios municipales. C\u00f3mo Participar: Los residentes de Atizap\u00e1n de Zaragoza interesados en obtener un tinaco deben: Consultar los requisitos y bases completas en la convocatoria oficial. Completar el proceso de registro seg\u00fan se indica en la misma. La convocatoria est\u00e1 disponible para consulta en el portal web oficial del Ayuntamiento: Se invita a todas las familias interesadas a no dejar pasar esta oportunidad para mejorar la infraestructura de almacenamiento de agua en sus viviendas.<\/p>\n","protected":false},"excerpt":{"rendered":"<p>Atizap\u00e1n de Zaragoza, Mex.- El gobierno de esta localidad, bajo la administraci\u00f3n del alcalde Pedro Rodr\u00edguez Villegas, inform\u00f3 sobre la apertura de la convocatoria para el programa de entrega de tinacos, una iniciativa dise\u00f1ada para fortalecer el almacenamiento de agua en los hogares del municipio. Este programa refrenda el compromiso de la actual gesti\u00f3n con [&hellip;]<\/p>\n","protected":false},"author":14,"featured_media":663157,"comment_status":"open","ping_status":"open","sticky":false,"template":"","format":"standard","meta":{"_monsterinsights_skip_tracking":false,"_monsterinsights_sitenote_active":false,"_monsterinsights_sitenote_note":"","_monsterinsights_sitenote_category":0,"footnotes":""},"categories":[5],"tags":[],"class_list":["post-663156","post","type-post","status-publish","format-standard","has-post-thumbnail","hentry","category-estado-de-mexico"],"_links":{"self":[{"href":"https:\/\/www.diarioimagen.net\/index.php?rest_route=\/wp\/v2\/posts\/663156","targetHints":{"allow":["GET"]}}],"collection":[{"href":"https:\/\/www.diarioimagen.net\/index.php?rest_route=\/wp\/v2\/posts"}],"about":[{"href":"https:\/\/www.diarioimagen.net\/index.php?rest_route=\/wp\/v2\/types\/post"}],"author":[{"embeddable":true,"href":"https:\/\/www.diarioimagen.net\/index.php?rest_route=\/wp\/v2\/users\/14"}],"replies":[{"embeddable":true,"href":"https:\/\/www.diarioimagen.net\/index.php?rest_route=%2Fwp%2Fv2%2Fcomments&post=663156"}],"version-history":[{"count":1,"href":"https:\/\/www.diarioimagen.net\/index.php?rest_route=\/wp\/v2\/posts\/663156\/revisions"}],"predecessor-version":[{"id":663158,"href":"https:\/\/www.diarioimagen.net\/index.php?rest_route=\/wp\/v2\/posts\/663156\/revisions\/663158"}],"wp:featuredmedia":[{"embeddable":true,"href":"https:\/\/www.diarioimagen.net\/index.php?rest_route=\/wp\/v2\/media\/663157"}],"wp:attachment":[{"href":"https:\/\/www.diarioimagen.net\/index.php?rest_route=%2Fwp%2Fv2%2Fmedia&parent=663156"}],"wp:term":[{"taxonomy":"category","embeddable":true,"href":"https:\/\/www.diarioimagen.net\/index.php?rest_route=%2Fwp%2Fv2%2Fcategories&post=663156"},{"taxonomy":"post_tag","embeddable":true,"href":"https:\/\/www.diarioimagen.net\/index.php?rest_route=%2Fwp%2Fv2%2Ftags&post=663156"}],"curies":[{"name":"wp","href":"https:\/\/api.w.org\/{rel}","templated":true}]}}