{"id":663316,"date":"2025-04-14T00:00:19","date_gmt":"2025-04-14T06:00:19","guid":{"rendered":"https:\/\/www.diarioimagen.net\/?p=663316"},"modified":"2025-04-13T20:08:41","modified_gmt":"2025-04-14T02:08:41","slug":"estrategia-de-seguridad-del-alcalde-pedro-rodriguez-es-modelo-nacional","status":"publish","type":"post","link":"https:\/\/www.diarioimagen.net\/?p=663316","title":{"rendered":"Estrategia de seguridad del alcalde  Pedro Rodr\u00edguez es modelo nacional"},"content":{"rendered":"<ul>\n<li><strong>Capacitaci\u00f3n de la Marina en Atizap\u00e1n<\/strong><\/li>\n<\/ul>\n<div id=\"attachment_663317\" style=\"width: 433px\" class=\"wp-caption alignnone\"><img loading=\"lazy\" decoding=\"async\" aria-describedby=\"caption-attachment-663317\" class=\"wp-image-663317 size-large\" src=\"https:\/\/www.diarioimagen.net\/wp-content\/uploads\/2025\/04\/BAENA-2-ok-7-423x270.jpg\" alt=\"\" width=\"423\" height=\"270\" srcset=\"https:\/\/www.diarioimagen.net\/wp-content\/uploads\/2025\/04\/BAENA-2-ok-7-423x270.jpg 423w, https:\/\/www.diarioimagen.net\/wp-content\/uploads\/2025\/04\/BAENA-2-ok-7-240x153.jpg 240w, https:\/\/www.diarioimagen.net\/wp-content\/uploads\/2025\/04\/BAENA-2-ok-7-768x490.jpg 768w, https:\/\/www.diarioimagen.net\/wp-content\/uploads\/2025\/04\/BAENA-2-ok-7.jpg 1500w\" sizes=\"auto, (max-width: 423px) 100vw, 423px\" \/><p id=\"caption-attachment-663317\" class=\"wp-caption-text\">El alcalde Pedro Rodr\u00edguez Villegas reafirm\u00f3 su compromiso con la seguridad de los atizapenses durante la ceremonia de clausura del Curso de Inmersi\u00f3n en Seguridad P\u00fablica: Plan Municipal de Vigilancia Comunitaria por Cuadrantes.<\/p><\/div>\n<p>&nbsp;<\/p>\n<p>&nbsp;<\/p>\n<p>&nbsp;<\/p>\n<p>Atizap\u00e1n de Zaragoza, M\u00e9x.- En un acto trascendental para la seguridad del municipio, se llev\u00f3 a cabo\u00a0 la ceremonia de clausura del Curso de Inmersi\u00f3n en Seguridad P\u00fablica: Plan Municipal de Vigilancia Comunitaria por Cuadrantes.<\/p>\n<p>&nbsp;<\/p>\n<p>El evento cont\u00f3 con la presencia del presidente municipal, Pedro Rodr\u00edguez Villegas, quien reafirm\u00f3 su compromiso con la seguridad de las familias atizapenses.<\/p>\n<p>&nbsp;<\/p>\n<p>Este curso intensivo, dise\u00f1ado para fortalecer las capacidades de los cuerpos de seguridad, capacit\u00f3 a un total de 04 capitanes y 08 oficiales pertenecientes a la Secretar\u00eda de Marina-Armada de M\u00e9xico. El objetivo principal fue brindarles los conocimientos, herramientas y estrategias necesarias para la implementaci\u00f3n efectiva del Plan Municipal de Vigilancia Comunitaria por Cuadrantes, un modelo exitoso que ha demostrado su eficacia en Atizap\u00e1n de Zaragoza.<\/p>\n<p>&nbsp;<\/p>\n<p>Durante cinco semanas, el personal de la Semar recibi\u00f3 una formaci\u00f3n integral que combin\u00f3 la teor\u00eda con la pr\u00e1ctica en campo. Esta metodolog\u00eda permiti\u00f3 no s\u00f3lo la adquisici\u00f3n de conocimientos, sino tambi\u00e9n la aplicaci\u00f3n real de las t\u00e9cnicas y estrategias aprendidas, generando una cohesi\u00f3n ejemplar entre los elementos de seguridad locales y federales. El ambiente de colaboraci\u00f3n y motivaci\u00f3n mutua fue palpable, reflejando el compromiso compartido por trabajar incansablemente en favor de la seguridad de los ciudadanos.<\/p>\n<p>&nbsp;<\/p>\n<p>El presidente Pedro Rodr\u00edguez Villegas destac\u00f3 la importancia de esta capacitaci\u00f3n, se\u00f1alando que \u00abeste curso busca generar un cambio positivo mediante la profesionalizaci\u00f3n de nuestros elementos de seguridad y la aplicaci\u00f3n de buenas pr\u00e1cticas operativas. La colaboraci\u00f3n con la Secretar\u00eda de Marina es fundamental para fortalecer nuestra estrategia de vigilancia comunitaria y garantizar un entorno m\u00e1s seguro para todos los atizapenses\u00bb.<\/p>\n<p>&nbsp;<\/p>\n<p>Un logro significativo de este programa es su potencial de replicaci\u00f3n en otros municipios del pa\u00eds. Gracias a la experiencia y los resultados obtenidos en Atizap\u00e1n, localidades de los estados de M\u00e9xico, Veracruz, Puebla, Morelos, Michoac\u00e1n, Colima, Oaxaca y Quintana Roo podr\u00e1n implementar este modelo de vigilancia comunitaria, extendiendo as\u00ed sus beneficios a un mayor n\u00famero de ciudadanos.<\/p>\n<p>&nbsp;<\/p>\n<p>&nbsp;<\/p>\n<p><strong>\u00a0<\/strong><\/p>\n<p>&nbsp;<\/p>\n","protected":false},"excerpt":{"rendered":"<p>Capacitaci\u00f3n de la Marina en Atizap\u00e1n &nbsp; &nbsp; &nbsp; Atizap\u00e1n de Zaragoza, M\u00e9x.- En un acto trascendental para la seguridad del municipio, se llev\u00f3 a cabo\u00a0 la ceremonia de clausura del Curso de Inmersi\u00f3n en Seguridad P\u00fablica: Plan Municipal de Vigilancia Comunitaria por Cuadrantes. &nbsp; El evento cont\u00f3 con la presencia del presidente municipal, Pedro [&hellip;]<\/p>\n","protected":false},"author":14,"featured_media":663317,"comment_status":"open","ping_status":"open","sticky":false,"template":"","format":"standard","meta":{"_monsterinsights_skip_tracking":false,"_monsterinsights_sitenote_active":false,"_monsterinsights_sitenote_note":"","_monsterinsights_sitenote_category":0,"footnotes":""},"categories":[5],"tags":[],"class_list":["post-663316","post","type-post","status-publish","format-standard","has-post-thumbnail","hentry","category-estado-de-mexico"],"_links":{"self":[{"href":"https:\/\/www.diarioimagen.net\/index.php?rest_route=\/wp\/v2\/posts\/663316","targetHints":{"allow":["GET"]}}],"collection":[{"href":"https:\/\/www.diarioimagen.net\/index.php?rest_route=\/wp\/v2\/posts"}],"about":[{"href":"https:\/\/www.diarioimagen.net\/index.php?rest_route=\/wp\/v2\/types\/post"}],"author":[{"embeddable":true,"href":"https:\/\/www.diarioimagen.net\/index.php?rest_route=\/wp\/v2\/users\/14"}],"replies":[{"embeddable":true,"href":"https:\/\/www.diarioimagen.net\/index.php?rest_route=%2Fwp%2Fv2%2Fcomments&post=663316"}],"version-history":[{"count":1,"href":"https:\/\/www.diarioimagen.net\/index.php?rest_route=\/wp\/v2\/posts\/663316\/revisions"}],"predecessor-version":[{"id":663318,"href":"https:\/\/www.diarioimagen.net\/index.php?rest_route=\/wp\/v2\/posts\/663316\/revisions\/663318"}],"wp:featuredmedia":[{"embeddable":true,"href":"https:\/\/www.diarioimagen.net\/index.php?rest_route=\/wp\/v2\/media\/663317"}],"wp:attachment":[{"href":"https:\/\/www.diarioimagen.net\/index.php?rest_route=%2Fwp%2Fv2%2Fmedia&parent=663316"}],"wp:term":[{"taxonomy":"category","embeddable":true,"href":"https:\/\/www.diarioimagen.net\/index.php?rest_route=%2Fwp%2Fv2%2Fcategories&post=663316"},{"taxonomy":"post_tag","embeddable":true,"href":"https:\/\/www.diarioimagen.net\/index.php?rest_route=%2Fwp%2Fv2%2Ftags&post=663316"}],"curies":[{"name":"wp","href":"https:\/\/api.w.org\/{rel}","templated":true}]}}