{"id":663322,"date":"2025-04-14T00:00:09","date_gmt":"2025-04-14T06:00:09","guid":{"rendered":"https:\/\/www.diarioimagen.net\/?p=663322"},"modified":"2025-04-13T20:11:19","modified_gmt":"2025-04-14T02:11:19","slug":"llaman-a-los-copacis-a-trabajar-por-huixquilucan","status":"publish","type":"post","link":"https:\/\/www.diarioimagen.net\/?p=663322","title":{"rendered":"Llaman a los Copacis a trabajar por Huixquilucan"},"content":{"rendered":"<div id=\"attachment_663323\" style=\"width: 470px\" class=\"wp-caption alignnone\"><img loading=\"lazy\" decoding=\"async\" aria-describedby=\"caption-attachment-663323\" class=\"wp-image-663323 size-large\" src=\"https:\/\/www.diarioimagen.net\/wp-content\/uploads\/2025\/04\/BAENA-4-ok-8-460x262.jpg\" alt=\"\" width=\"460\" height=\"262\" srcset=\"https:\/\/www.diarioimagen.net\/wp-content\/uploads\/2025\/04\/BAENA-4-ok-8-460x262.jpg 460w, https:\/\/www.diarioimagen.net\/wp-content\/uploads\/2025\/04\/BAENA-4-ok-8-240x136.jpg 240w, https:\/\/www.diarioimagen.net\/wp-content\/uploads\/2025\/04\/BAENA-4-ok-8-768x437.jpg 768w, https:\/\/www.diarioimagen.net\/wp-content\/uploads\/2025\/04\/BAENA-4-ok-8-202x114.jpg 202w, https:\/\/www.diarioimagen.net\/wp-content\/uploads\/2025\/04\/BAENA-4-ok-8.jpg 1500w\" sizes=\"auto, (max-width: 460px) 100vw, 460px\" \/><p id=\"caption-attachment-663323\" class=\"wp-caption-text\">Llaman a los Copacis a trabajar por Huixquilucan<\/p><\/div>\n<p>Huixquilucan, M\u00e9x.- Al tomar la protesta de ley a las Autoridades Auxiliares Municipales e integrantes de los Consejos de Participaci\u00f3n Ciudadana (Copacis) para el periodo 2025-2027, la presidenta municipal Romina Contreras Carrasco los\u00a0 convoc\u00f3 a trabajar unidos para seguir dando resultados eficientes a la ciudadan\u00eda, con la finalidad de lograr que siga avanzando, consolidar un Huixquilucan fuerte a nivel estatal y federal. Acompa\u00f1ada por el vicecoordinador del Grupo Parlamentario del PAN en el Senado de la Rep\u00fablica, Enrique Vargas del Villar; el coordinador de los diputados locales del PAN en el Estado de M\u00e9xico, Pablo Fern\u00e1ndez de Cevallos; y por la diputada federal, Teresa Ginez Serrano; Romina Contreras refrend\u00f3 su apoyo a los 540 ciudadanos que representar\u00e1n a las 49 comunidades que conforman el territorio.<\/p>\n<p>&nbsp;<\/p>\n<p>&nbsp;<\/p>\n<p>&nbsp;<\/p>\n<p>\u201cEl pasado 30 de marzo, Huixquilucan vivi\u00f3 una jornada electoral ejemplar, en donde los ciudadanos acudieron a las casillas para elegir a los vecinos que los representar\u00e1n en las Delegaciones Municipales y Consejos de Participaci\u00f3n Ciudadana, durante los siguientes tres a\u00f1os. En dicha jornada, Huixquilucan mostr\u00f3 nuevamente su capacidad para organizar procesos electorales democr\u00e1ticos y en donde prevaleci\u00f3 la paz y el orden\u201d, sentenci\u00f3 la presidenta municipal.<\/p>\n","protected":false},"excerpt":{"rendered":"<p>Huixquilucan, M\u00e9x.- Al tomar la protesta de ley a las Autoridades Auxiliares Municipales e integrantes de los Consejos de Participaci\u00f3n Ciudadana (Copacis) para el periodo 2025-2027, la presidenta municipal Romina Contreras Carrasco los\u00a0 convoc\u00f3 a trabajar unidos para seguir dando resultados eficientes a la ciudadan\u00eda, con la finalidad de lograr que siga avanzando, consolidar un [&hellip;]<\/p>\n","protected":false},"author":14,"featured_media":663323,"comment_status":"open","ping_status":"open","sticky":false,"template":"","format":"standard","meta":{"_monsterinsights_skip_tracking":false,"_monsterinsights_sitenote_active":false,"_monsterinsights_sitenote_note":"","_monsterinsights_sitenote_category":0,"footnotes":""},"categories":[5],"tags":[],"class_list":["post-663322","post","type-post","status-publish","format-standard","has-post-thumbnail","hentry","category-estado-de-mexico"],"_links":{"self":[{"href":"https:\/\/www.diarioimagen.net\/index.php?rest_route=\/wp\/v2\/posts\/663322","targetHints":{"allow":["GET"]}}],"collection":[{"href":"https:\/\/www.diarioimagen.net\/index.php?rest_route=\/wp\/v2\/posts"}],"about":[{"href":"https:\/\/www.diarioimagen.net\/index.php?rest_route=\/wp\/v2\/types\/post"}],"author":[{"embeddable":true,"href":"https:\/\/www.diarioimagen.net\/index.php?rest_route=\/wp\/v2\/users\/14"}],"replies":[{"embeddable":true,"href":"https:\/\/www.diarioimagen.net\/index.php?rest_route=%2Fwp%2Fv2%2Fcomments&post=663322"}],"version-history":[{"count":1,"href":"https:\/\/www.diarioimagen.net\/index.php?rest_route=\/wp\/v2\/posts\/663322\/revisions"}],"predecessor-version":[{"id":663324,"href":"https:\/\/www.diarioimagen.net\/index.php?rest_route=\/wp\/v2\/posts\/663322\/revisions\/663324"}],"wp:featuredmedia":[{"embeddable":true,"href":"https:\/\/www.diarioimagen.net\/index.php?rest_route=\/wp\/v2\/media\/663323"}],"wp:attachment":[{"href":"https:\/\/www.diarioimagen.net\/index.php?rest_route=%2Fwp%2Fv2%2Fmedia&parent=663322"}],"wp:term":[{"taxonomy":"category","embeddable":true,"href":"https:\/\/www.diarioimagen.net\/index.php?rest_route=%2Fwp%2Fv2%2Fcategories&post=663322"},{"taxonomy":"post_tag","embeddable":true,"href":"https:\/\/www.diarioimagen.net\/index.php?rest_route=%2Fwp%2Fv2%2Ftags&post=663322"}],"curies":[{"name":"wp","href":"https:\/\/api.w.org\/{rel}","templated":true}]}}