{"id":663562,"date":"2025-04-15T00:00:15","date_gmt":"2025-04-15T06:00:15","guid":{"rendered":"https:\/\/www.diarioimagen.net\/?p=663562"},"modified":"2025-04-14T21:39:10","modified_gmt":"2025-04-15T03:39:10","slug":"egresados-uaemex-construyen-espacios-de-paz-para-la-comunidad-lgbttiq","status":"publish","type":"post","link":"https:\/\/www.diarioimagen.net\/?p=663562","title":{"rendered":"Egresados UAEM\u00e9x construyen espacios de paz para la comunidad LGBTTIQ+"},"content":{"rendered":"<p><strong>\u00a0<\/strong><\/p>\n<p>&nbsp;<\/p>\n<ul>\n<li><strong>Fuera del Cl\u00f3set se han dedicado a dar atenci\u00f3n\u00a0m\u00e9dica, jur\u00eddica y psicol\u00f3gica a personas, derivado de la falta de confianza en las instituciones p\u00fablicas, adem\u00e1s de la b\u00fasqueda de espacios en donde las personas se sientan seguras.\u00a0<\/strong><\/li>\n<li><strong>Como parte de los cambios culturales y estructurales es que nace \u201cCalli\u201d, una iniciativa de Fuera del Closet para crear el primer centro comunitario de atenci\u00f3n para personas de la diversidad sexual en el Valle de Toluca.\u00a0\u00a0<\/strong><\/li>\n<\/ul>\n<p><img loading=\"lazy\" decoding=\"async\" class=\"alignnone wp-image-663563 size-large\" src=\"https:\/\/www.diarioimagen.net\/wp-content\/uploads\/2025\/04\/UAEM-01-1-405x270.jpg\" alt=\"\" width=\"405\" height=\"270\" srcset=\"https:\/\/www.diarioimagen.net\/wp-content\/uploads\/2025\/04\/UAEM-01-1-405x270.jpg 405w, https:\/\/www.diarioimagen.net\/wp-content\/uploads\/2025\/04\/UAEM-01-1-240x160.jpg 240w, https:\/\/www.diarioimagen.net\/wp-content\/uploads\/2025\/04\/UAEM-01-1-768x512.jpg 768w, https:\/\/www.diarioimagen.net\/wp-content\/uploads\/2025\/04\/UAEM-01-1.jpg 1333w\" sizes=\"auto, (max-width: 405px) 100vw, 405px\" \/><\/p>\n<p>*Toluca, M\u00e9x; 14 de abril de 2025.* Hace 15 a\u00f1os Ricardo Coyotzin Torres y Ernesto Montes de Oca Bernal, egresados de la Facultad de Ciencias Pol\u00edticas y Sociales de la Universidad Aut\u00f3noma del Estado de M\u00e9xico (UAEM\u00e9x), crearon Fuera del Cl\u00f3set, que a ocho a\u00f1os de su constituci\u00f3n como asociaci\u00f3n civil, abre las puertas de \u201cCalli\u201d, el\u00a0 primer centro comunitario de personas LGBTTTIQ+ del Valle de Toluca.<\/p>\n<p>Fuera del Cl\u00f3set comenz\u00f3 como una iniciativa estudiantil que surgi\u00f3 en la Facultad de Ciencias Pol\u00edticas y Sociales como un programa radiof\u00f3nico dentro de la barra program\u00e1tica de H\u00edbrido Radio, que buscaba informar a la poblaci\u00f3n en general sobre temas LGBTTTIQ+. Posteriormente, se consolid\u00f3 como un colectivo que trabajaba con eventos culturales y en 2017 se consolid\u00f3 como una asociaci\u00f3n civil.<\/p>\n<p>Coyotzin Torres destac\u00f3 que como asociaci\u00f3n se han dedicado a dar atenci\u00f3n m\u00e9dica, jur\u00eddica y psicol\u00f3gica a personas, derivado de la falta de confianza en las instituciones p\u00fablicas, adem\u00e1s de la b\u00fasqueda de espacios en donde las personas se sientan seguras para tener una resoluci\u00f3n de los fen\u00f3menos que las atraviesan.<\/p>\n<p>\u201cEl Estado de M\u00e9xico sigue siendo una de las entidades en las cuales la violencia f\u00edsica est\u00e1 demasiado presente y, sobre todo, aquellas que afectan de manera directa los derechos de las personas LGBTTTIQ+ en temas sociales, laborales, culturales, educaci\u00f3n\u201d, enfatiz\u00f3.<\/p>\n<p>En este sentido, Montes de Oca Bernal explic\u00f3 que los principales casos que atiende la asociaci\u00f3n son de discriminaci\u00f3n o violencia hacia las personas por su orientaci\u00f3n sexual, identidad sexual o expresi\u00f3n de g\u00e9nero, ello abarca desde personas que les corren de sus casas,\u00a0 que viven violencia o son rechazadas por parte de sus familias, hasta despidos injustificados, agresiones en los espacios p\u00fablicos, de violencia dentro de espacios escolares al alumnado, profesorado y personal administrativo, desaparici\u00f3n forzada, terapias de conversi\u00f3n y cr\u00edmenes de odio.<\/p>\n<p>\u201cA pesar de los avances legislativos en materia de diversidad sexual y de g\u00e9nero, en el Estado de M\u00e9xico nos hemos dado cuenta que culturalmente las cosas no han cambiado en la realidad. Ello nos obliga a implementar acciones e instar a las instituciones a defender los derechos humanos de la poblaci\u00f3n LGBTTIQ+ \u201d, afirm\u00f3.<\/p>\n<p>Ante los avances en materia legislativa en el Estado de M\u00e9xico, Ricardo Torres enfatiz\u00f3 que ello no significa un progreso similar en cuestiones estructurales y culturales, es decir, todav\u00eda existen contextos de discriminaci\u00f3n y violencia hacia las personas de la diversidad sexual, lo cual genera que no haya aceptaci\u00f3n, respeto y tolerancia hacia la diversidad, pero tambi\u00e9n hacia la otredad.<\/p>\n<p>\u201cEsto nos da pauta para que como asociaci\u00f3n civil sigamos instando a las autoridades e instituciones p\u00fablicas a generar pol\u00edticas p\u00fablicas, programas de acci\u00f3n, atenci\u00f3n y protocolos que vayan de la mano con la realidad\u201d, puntualiz\u00f3.<\/p>\n<p>\u201cCalli\u201d, un hogar dedicado a la memoria de la vida, obra y lucha de personas LGBTTTIQ+<\/p>\n<p>Como parte de los cambios culturales y estructurales es que nace \u201cCalli\u201d, una iniciativa de Fuera del Closet para crear un centro comunitario de atenci\u00f3n para personas de la diversidad sexual en el Valle de Toluca.<\/p>\n<p>Ernesto Montes de Oca mencion\u00f3 que este es el primero en su tipo gestionado por la sociedad civil de la entidad, el cual ofrece servicios especializados en materia jur\u00eddica, psicol\u00f3gica y m\u00e9dica, particularmente en la atenci\u00f3n al VIH, adem\u00e1s de albergar actividades culturales, acad\u00e9micas, recreativas y formativas.<\/p>\n<p>\u201cEsto se trata de cambiar el contexto social y de apostarle a fortalecer la cultura de paz y el tejido social para robustecer el respeto a los derechos humanos y lo comunitario. Queremos que Calli sea colectivo y lo vayamos construyendo entre todas las personas\u201d, afirm\u00f3.<\/p>\n<p>En n\u00e1huatl Calli significa hogar y para Richo Torres y Neto Montes de Oca este es un espacio que busca ser seguro en donde las personas se puedan expresar libremente sin discriminaci\u00f3n y encontrar redes de apoyo. Si bien es una iniciativa que nace de Fuera del Closet, abrir\u00e1 sus puertas a cualquier persona, organizaci\u00f3n y colectivo en donde su voz ser\u00e1 escuchada.<\/p>\n<p>Este espacio est\u00e1 dedicado a la memoria, vida y obra de Israfil Filos, Nancy C\u00e1rdenas, Carlos Monsiv\u00e1is, Gerardo Ortega \u201cla mema\u201d, entre otros, quienes desde su trinchera sumaron esfuerzos para crear un mundo m\u00e1s justo e igualitario para todos, todas y todes.<\/p>\n<p>Para conocer m\u00e1s informaci\u00f3n sobre Fuera del Closet y Calli, las personas interesadas pueden consultar el sitio:<a href=\"https:\/\/www.facebook.com\/fueradelclosetradio\">https:\/\/www.facebook.com\/fueradelclosetradio<\/a><\/p>\n<p>&nbsp;<\/p>\n<p>&nbsp;<\/p>\n","protected":false},"excerpt":{"rendered":"<p>\u00a0 &nbsp; Fuera del Cl\u00f3set se han dedicado a dar atenci\u00f3n\u00a0m\u00e9dica, jur\u00eddica y psicol\u00f3gica a personas, derivado de la falta de confianza en las instituciones p\u00fablicas, adem\u00e1s de la b\u00fasqueda de espacios en donde las personas se sientan seguras.\u00a0 Como parte de los cambios culturales y estructurales es que nace \u201cCalli\u201d, una iniciativa de Fuera [&hellip;]<\/p>\n","protected":false},"author":14,"featured_media":663563,"comment_status":"open","ping_status":"open","sticky":false,"template":"","format":"standard","meta":{"_monsterinsights_skip_tracking":false,"_monsterinsights_sitenote_active":false,"_monsterinsights_sitenote_note":"","_monsterinsights_sitenote_category":0,"footnotes":""},"categories":[16,5],"tags":[],"class_list":["post-663562","post","type-post","status-publish","format-standard","has-post-thumbnail","hentry","category-destacadas","category-estado-de-mexico"],"_links":{"self":[{"href":"https:\/\/www.diarioimagen.net\/index.php?rest_route=\/wp\/v2\/posts\/663562","targetHints":{"allow":["GET"]}}],"collection":[{"href":"https:\/\/www.diarioimagen.net\/index.php?rest_route=\/wp\/v2\/posts"}],"about":[{"href":"https:\/\/www.diarioimagen.net\/index.php?rest_route=\/wp\/v2\/types\/post"}],"author":[{"embeddable":true,"href":"https:\/\/www.diarioimagen.net\/index.php?rest_route=\/wp\/v2\/users\/14"}],"replies":[{"embeddable":true,"href":"https:\/\/www.diarioimagen.net\/index.php?rest_route=%2Fwp%2Fv2%2Fcomments&post=663562"}],"version-history":[{"count":1,"href":"https:\/\/www.diarioimagen.net\/index.php?rest_route=\/wp\/v2\/posts\/663562\/revisions"}],"predecessor-version":[{"id":663564,"href":"https:\/\/www.diarioimagen.net\/index.php?rest_route=\/wp\/v2\/posts\/663562\/revisions\/663564"}],"wp:featuredmedia":[{"embeddable":true,"href":"https:\/\/www.diarioimagen.net\/index.php?rest_route=\/wp\/v2\/media\/663563"}],"wp:attachment":[{"href":"https:\/\/www.diarioimagen.net\/index.php?rest_route=%2Fwp%2Fv2%2Fmedia&parent=663562"}],"wp:term":[{"taxonomy":"category","embeddable":true,"href":"https:\/\/www.diarioimagen.net\/index.php?rest_route=%2Fwp%2Fv2%2Fcategories&post=663562"},{"taxonomy":"post_tag","embeddable":true,"href":"https:\/\/www.diarioimagen.net\/index.php?rest_route=%2Fwp%2Fv2%2Ftags&post=663562"}],"curies":[{"name":"wp","href":"https:\/\/api.w.org\/{rel}","templated":true}]}}