{"id":663628,"date":"2025-04-16T00:00:27","date_gmt":"2025-04-16T06:00:27","guid":{"rendered":"https:\/\/www.diarioimagen.net\/?p=663628"},"modified":"2025-04-15T18:14:40","modified_gmt":"2025-04-16T00:14:40","slug":"llamado-a-aprovechar-descuentos-del-mexibus-y-mexicable","status":"publish","type":"post","link":"https:\/\/www.diarioimagen.net\/?p=663628","title":{"rendered":"Llamado a aprovechar descuentos del Mexib\u00fas y Mexicable"},"content":{"rendered":"<ul>\n<li><strong>En estas vacaciones, viaja gratis en Edomex<\/strong><\/li>\n<\/ul>\n<p><strong>\u00a0<\/strong><\/p>\n<p>&nbsp;<\/p>\n<div id=\"attachment_663629\" style=\"width: 415px\" class=\"wp-caption alignnone\"><img loading=\"lazy\" decoding=\"async\" aria-describedby=\"caption-attachment-663629\" class=\"wp-image-663629 size-large\" src=\"https:\/\/www.diarioimagen.net\/wp-content\/uploads\/2025\/04\/EDOMEX-2-ok-6-405x270.jpg\" alt=\"\" width=\"405\" height=\"270\" srcset=\"https:\/\/www.diarioimagen.net\/wp-content\/uploads\/2025\/04\/EDOMEX-2-ok-6-405x270.jpg 405w, https:\/\/www.diarioimagen.net\/wp-content\/uploads\/2025\/04\/EDOMEX-2-ok-6-240x160.jpg 240w, https:\/\/www.diarioimagen.net\/wp-content\/uploads\/2025\/04\/EDOMEX-2-ok-6-768x512.jpg 768w, https:\/\/www.diarioimagen.net\/wp-content\/uploads\/2025\/04\/EDOMEX-2-ok-6.jpg 1500w\" sizes=\"auto, (max-width: 405px) 100vw, 405px\" \/><p id=\"caption-attachment-663629\" class=\"wp-caption-text\">El gobierno de Delfina G\u00f3mez \u00c1lvarez invita a viajar gratis y utilizar los libres transbordos en Mexib\u00fas y Mexicable a las personas con discapacidad, tercer edad y ni\u00f1os menores de cinco a\u00f1os y a las y los mexiquenses del Valle de M\u00e9xico.<\/p><\/div>\n<p><strong>\u00a0<\/strong><\/p>\n<p><strong>\u00a0<\/strong><\/p>\n<p>Naucalpan, Estado de M\u00e9xico.\u2013 En este periodo vacacional de Semana Santa, el Gobierno de la Maestra Delfina G\u00f3mez \u00c1lvarez, invita a viajar gratis y utilizar los libres transbordos en Mexib\u00fas y Mexicable a las personas con discapacidad, tercer edad y ni\u00f1os menores de cinco a\u00f1os y a las y los mexiquenses del Valle de M\u00e9xico.<\/p>\n<p>&nbsp;<\/p>\n<p>El Gobierno del Estado de M\u00e9xico mantendr\u00e1 vigentes los descuentos en el transporte p\u00fablico masivo, durante el periodo vacacional, para seguir beneficiando a los sectores m\u00e1s desprotegidos y que requieren de un transporte digno, econ\u00f3mico y eficiente.<\/p>\n<p>&nbsp;<\/p>\n<p>Daniel Sibaja, Secretario de Movilidad, asegur\u00f3 que, como resultado de esta pol\u00edtica social, del 1 de julio de 2024 al 6 de abril de 2025, se han realizado m\u00e1s de 21 millones de viajes gratuitos y libres transbordos, con lo que se atiende una demanda hist\u00f3rica y se da sentido social a las acciones emprendidas por la administraci\u00f3n de la Gobernadora Delfina G\u00f3mez \u00c1lvarez.<\/p>\n<p>&nbsp;<\/p>\n<p>Con estas acciones, las familias mexiquenses de Ecatepec, Coacalco, Tec\u00e1mac, Tlalnepantla, Cuautitl\u00e1n Izcalli, Nezahualc\u00f3yotl y Chimalhuac\u00e1n han recibido subsidios en transporte por m\u00e1s de 200 millones pesos, en estos nueve meses.<\/p>\n<p>&nbsp;<\/p>\n<p>El Titular de Movilidad explic\u00f3 que, de los 21 millones de viajes realizados, nueve millones 929 mil 885 fueron gratis y 11 millones 72 mil 573, libres transbordos en los sistemas de transporte masivo Mexib\u00fas y Mexicable.<\/p>\n<p>&nbsp;<\/p>\n<p>Mencion\u00f3 que el programa de gratuidad en el transporte p\u00fablico representa un ahorro significativo en la econom\u00eda de las personas de la tercera edad, con discapacidad y las familias con hijas e hijos menores de cinco a\u00f1os; as\u00ed como a estudiantes del Valle de M\u00e9xico.<\/p>\n<p>&nbsp;<\/p>\n<p>Finalmente, dijo que por cada viaje gratuito o libre transbordo, un usuario puede ahorrar nueve pesos o m\u00e1s; debido a que en las cuatro l\u00edneas de Mexib\u00fas y dos de Mexicable tiene la posibilidad de utilizar de manera indistinta uno o varios de estos sistemas, sin pagar de nueva cuenta, como se hac\u00eda antes de que se implementara el programa.<\/p>\n<p>&nbsp;<\/p>\n<p>&nbsp;<\/p>\n<p>&nbsp;<\/p>\n","protected":false},"excerpt":{"rendered":"<p>En estas vacaciones, viaja gratis en Edomex \u00a0 &nbsp; \u00a0 \u00a0 Naucalpan, Estado de M\u00e9xico.\u2013 En este periodo vacacional de Semana Santa, el Gobierno de la Maestra Delfina G\u00f3mez \u00c1lvarez, invita a viajar gratis y utilizar los libres transbordos en Mexib\u00fas y Mexicable a las personas con discapacidad, tercer edad y ni\u00f1os menores de cinco [&hellip;]<\/p>\n","protected":false},"author":14,"featured_media":663629,"comment_status":"open","ping_status":"open","sticky":false,"template":"","format":"standard","meta":{"_monsterinsights_skip_tracking":false,"_monsterinsights_sitenote_active":false,"_monsterinsights_sitenote_note":"","_monsterinsights_sitenote_category":0,"footnotes":""},"categories":[5],"tags":[],"class_list":["post-663628","post","type-post","status-publish","format-standard","has-post-thumbnail","hentry","category-estado-de-mexico"],"_links":{"self":[{"href":"https:\/\/www.diarioimagen.net\/index.php?rest_route=\/wp\/v2\/posts\/663628","targetHints":{"allow":["GET"]}}],"collection":[{"href":"https:\/\/www.diarioimagen.net\/index.php?rest_route=\/wp\/v2\/posts"}],"about":[{"href":"https:\/\/www.diarioimagen.net\/index.php?rest_route=\/wp\/v2\/types\/post"}],"author":[{"embeddable":true,"href":"https:\/\/www.diarioimagen.net\/index.php?rest_route=\/wp\/v2\/users\/14"}],"replies":[{"embeddable":true,"href":"https:\/\/www.diarioimagen.net\/index.php?rest_route=%2Fwp%2Fv2%2Fcomments&post=663628"}],"version-history":[{"count":1,"href":"https:\/\/www.diarioimagen.net\/index.php?rest_route=\/wp\/v2\/posts\/663628\/revisions"}],"predecessor-version":[{"id":663630,"href":"https:\/\/www.diarioimagen.net\/index.php?rest_route=\/wp\/v2\/posts\/663628\/revisions\/663630"}],"wp:featuredmedia":[{"embeddable":true,"href":"https:\/\/www.diarioimagen.net\/index.php?rest_route=\/wp\/v2\/media\/663629"}],"wp:attachment":[{"href":"https:\/\/www.diarioimagen.net\/index.php?rest_route=%2Fwp%2Fv2%2Fmedia&parent=663628"}],"wp:term":[{"taxonomy":"category","embeddable":true,"href":"https:\/\/www.diarioimagen.net\/index.php?rest_route=%2Fwp%2Fv2%2Fcategories&post=663628"},{"taxonomy":"post_tag","embeddable":true,"href":"https:\/\/www.diarioimagen.net\/index.php?rest_route=%2Fwp%2Fv2%2Ftags&post=663628"}],"curies":[{"name":"wp","href":"https:\/\/api.w.org\/{rel}","templated":true}]}}