{"id":663649,"date":"2025-04-16T00:00:30","date_gmt":"2025-04-16T06:00:30","guid":{"rendered":"https:\/\/www.diarioimagen.net\/?p=663649"},"modified":"2025-04-15T18:27:48","modified_gmt":"2025-04-16T00:27:48","slug":"preparate-para-la-ultima-temporada-de-stranger-things","status":"publish","type":"post","link":"https:\/\/www.diarioimagen.net\/?p=663649","title":{"rendered":"Preparate para la ultima  temporada de Stranger Things"},"content":{"rendered":"<p><strong>\u00a0<\/strong><\/p>\n<ul>\n<li><strong>La quinta entrega llegar\u00e1 a finales del 2025 \u00a0<\/strong><\/li>\n<\/ul>\n<div id=\"attachment_663650\" style=\"width: 222px\" class=\"wp-caption alignnone\"><img loading=\"lazy\" decoding=\"async\" aria-describedby=\"caption-attachment-663650\" class=\"wp-image-663650 size-large\" src=\"https:\/\/www.diarioimagen.net\/wp-content\/uploads\/2025\/04\/STRANGER01-ok-212x270.jpg\" alt=\"\" width=\"212\" height=\"270\" srcset=\"https:\/\/www.diarioimagen.net\/wp-content\/uploads\/2025\/04\/STRANGER01-ok-212x270.jpg 212w, https:\/\/www.diarioimagen.net\/wp-content\/uploads\/2025\/04\/STRANGER01-ok-188x240.jpg 188w, https:\/\/www.diarioimagen.net\/wp-content\/uploads\/2025\/04\/STRANGER01-ok-768x979.jpg 768w, https:\/\/www.diarioimagen.net\/wp-content\/uploads\/2025\/04\/STRANGER01-ok-1204x1536.jpg 1204w, https:\/\/www.diarioimagen.net\/wp-content\/uploads\/2025\/04\/STRANGER01-ok.jpg 1500w\" sizes=\"auto, (max-width: 212px) 100vw, 212px\" \/><p id=\"caption-attachment-663650\" class=\"wp-caption-text\">La quinta temporada de \u201cStranger Things\u201d ser\u00e1 la \u00faltima entrega de la aclamada serie de ciencia ficci\u00f3n creada por los Hermanos Duffer.<\/p><\/div>\n<p><strong>Por Arturo Arellano<\/strong><\/p>\n<p>&nbsp;<\/p>\n<p>La quinta temporada de \u201cStranger Things\u201d ser\u00e1 la \u00faltima entrega de la aclamada serie de ciencia ficci\u00f3n creada por los Hermanos Duffer. Despu\u00e9s de la cuarta temporada, que nos dej\u00f3 con un emocionante enfrentamiento y la amenaza persistente de Vecna, los fans esperan ansiosos el desenlace en Hawkins, que tentativamente no ser\u00e1 lanzado sino hasta finales de este 2025.<\/p>\n<p>&nbsp;<\/p>\n<p>Mientras tanto, hagamos un recuento de lo que han sido las temporadas anteriores para que te pongas al d\u00eda.<\/p>\n<p>&nbsp;<\/p>\n<p><strong>Temporada 1:<\/strong><\/p>\n<p>La serie comienza en 1983 en Hawkins, Indiana. Un ni\u00f1o llamado Will Byers desaparece misteriosamente. Sus amigos, Mike, Dustin y Lucas, se embarcan en una b\u00fasqueda para encontrarlo. Encuentran a una ni\u00f1a con habilidades ps\u00edquicas llamada Eleven, quien est\u00e1 relacionada con los extra\u00f1os eventos que ocurren en la ciudad. Descubren la existencia del Mundo del Rev\u00e9s y enfrentan al monstruo conocido como el Demogorgon.<\/p>\n<p>&nbsp;<\/p>\n<p><strong>Temporada 2:<\/strong><\/p>\n<p>La historia contin\u00faa en 1984. Will sigue experimentando visiones del Mundo del Rev\u00e9s. Eleven regresa y se une al grupo para enfrentar una nueva amenaza: el Mind Flayer. Los personajes luchan contra criaturas y conspiraciones gubernamentales mientras intentan proteger a Hawkins.<\/p>\n<p>&nbsp;<\/p>\n<p><strong>Temporada 3:<\/strong><\/p>\n<p>Ambientada en 1985, esta temporada se centra en el verano. El centro comercial Starcourt Mall se convierte en un lugar clave. El Mind Flayer regresa y posee a Billy, el hermano de Max. Los personajes enfrentan peligros sobrenaturales y problemas personales mientras intentan detener la invasi\u00f3n del Mundo del Rev\u00e9s.<\/p>\n<p>&nbsp;<\/p>\n<p><strong>Temporada 4:<\/strong><\/p>\n<p>La cuarta temporada de Stranger Things se desarrolla varios meses despu\u00e9s de los eventos de la tercera temporada. Los amigos se han separado y est\u00e1n tratando de adaptarse a sus nuevas vidas en diferentes lugares. Sin embargo, pronto se ven obligados a reunirse nuevamente para enfrentar una nueva amenaza sobrenatural que acecha en Hawkins.<\/p>\n<p>&nbsp;<\/p>\n<p>Un nuevo villano, Vecna, emerge de la Upside Down y comienza a aterrorizar a la ciudad, utilizando poderes telep\u00e1ticos y telequin\u00e9ticos para matar a sus v\u00edctimas. Mientras tanto, Eleven est\u00e1 tratando de recuperar sus poderes y descubre que Vecna est\u00e1 conectado a su pasado.<\/p>\n<p>&nbsp;<\/p>\n<p>Finalmente, sobre la temporada 5 no se tienen tantos detalles, pero se espera que tras la batalla con Vecna, Hawkins enfrente una uni\u00f3n entre el Mundo del Rev\u00e9s y el mundo real. Once y otros personajes forman parte de la Resistencia para detener a Vecna, pero Max sigue en coma, y su destino es incierto.<\/p>\n<p>&nbsp;<\/p>\n<p><strong>Finn Wolfhard \u201cconfundido\u201d con el final <\/strong><\/p>\n<p>&nbsp;<\/p>\n<p>A medida que se acerca el estreno de la quinta y \u00faltima temporada de Stranger Things, Finn Wolfhard, quien ha interpretado a Mike Wheeler desde el inicio de la serie en 2016, ha revelado sus sentimientos encontrados sobre el desenlace de su personaje. En una entrevista reciente con la revista People, el actor canadiense describi\u00f3 el cierre de la historia como una experiencia surrealista y emocionalmente intensa.<\/p>\n<p>&nbsp;<\/p>\n<p>Wolfhard confes\u00f3 que el final de Mike lo dej\u00f3 \u00abconfundido y triste\u00bb, pero tambi\u00e9n satisfecho y feliz. Seg\u00fan el actor, el rodaje de la \u00faltima temporada fue como estar en un sue\u00f1o, donde nada parec\u00eda real. Aunque el desenlace de su personaje le gener\u00f3 emociones mixtas, el actor destac\u00f3 que el cierre fue perfecto y que tiene muchas cosas positivas que decir sobre el elenco y el equipo de producci\u00f3n.<\/p>\n<p>&nbsp;<\/p>\n<p>&nbsp;<\/p>\n<p><strong>\u00a0<\/strong><\/p>\n","protected":false},"excerpt":{"rendered":"<p>\u00a0 La quinta entrega llegar\u00e1 a finales del 2025 \u00a0 Por Arturo Arellano &nbsp; La quinta temporada de \u201cStranger Things\u201d ser\u00e1 la \u00faltima entrega de la aclamada serie de ciencia ficci\u00f3n creada por los Hermanos Duffer. Despu\u00e9s de la cuarta temporada, que nos dej\u00f3 con un emocionante enfrentamiento y la amenaza persistente de Vecna, los [&hellip;]<\/p>\n","protected":false},"author":14,"featured_media":663650,"comment_status":"open","ping_status":"open","sticky":false,"template":"","format":"standard","meta":{"_monsterinsights_skip_tracking":false,"_monsterinsights_sitenote_active":false,"_monsterinsights_sitenote_note":"","_monsterinsights_sitenote_category":0,"footnotes":""},"categories":[16,12],"tags":[],"class_list":["post-663649","post","type-post","status-publish","format-standard","has-post-thumbnail","hentry","category-destacadas","category-espectaculos"],"_links":{"self":[{"href":"https:\/\/www.diarioimagen.net\/index.php?rest_route=\/wp\/v2\/posts\/663649","targetHints":{"allow":["GET"]}}],"collection":[{"href":"https:\/\/www.diarioimagen.net\/index.php?rest_route=\/wp\/v2\/posts"}],"about":[{"href":"https:\/\/www.diarioimagen.net\/index.php?rest_route=\/wp\/v2\/types\/post"}],"author":[{"embeddable":true,"href":"https:\/\/www.diarioimagen.net\/index.php?rest_route=\/wp\/v2\/users\/14"}],"replies":[{"embeddable":true,"href":"https:\/\/www.diarioimagen.net\/index.php?rest_route=%2Fwp%2Fv2%2Fcomments&post=663649"}],"version-history":[{"count":1,"href":"https:\/\/www.diarioimagen.net\/index.php?rest_route=\/wp\/v2\/posts\/663649\/revisions"}],"predecessor-version":[{"id":663651,"href":"https:\/\/www.diarioimagen.net\/index.php?rest_route=\/wp\/v2\/posts\/663649\/revisions\/663651"}],"wp:featuredmedia":[{"embeddable":true,"href":"https:\/\/www.diarioimagen.net\/index.php?rest_route=\/wp\/v2\/media\/663650"}],"wp:attachment":[{"href":"https:\/\/www.diarioimagen.net\/index.php?rest_route=%2Fwp%2Fv2%2Fmedia&parent=663649"}],"wp:term":[{"taxonomy":"category","embeddable":true,"href":"https:\/\/www.diarioimagen.net\/index.php?rest_route=%2Fwp%2Fv2%2Fcategories&post=663649"},{"taxonomy":"post_tag","embeddable":true,"href":"https:\/\/www.diarioimagen.net\/index.php?rest_route=%2Fwp%2Fv2%2Ftags&post=663649"}],"curies":[{"name":"wp","href":"https:\/\/api.w.org\/{rel}","templated":true}]}}