{"id":663796,"date":"2025-04-17T00:00:20","date_gmt":"2025-04-17T06:00:20","guid":{"rendered":"https:\/\/www.diarioimagen.net\/?p=663796"},"modified":"2025-04-16T17:24:14","modified_gmt":"2025-04-16T23:24:14","slug":"invertiran-en-tlalnepantla-mas-de-9-millones-de-pesos-andadores","status":"publish","type":"post","link":"https:\/\/www.diarioimagen.net\/?p=663796","title":{"rendered":"Invertir\u00e1n en Tlalnepantla m\u00e1s  de 9 millones de pesos andadores"},"content":{"rendered":"<ul>\n<li><strong>Beneficio de m\u00e1s de 11 mil habitantes<\/strong><\/li>\n<\/ul>\n<div id=\"attachment_663797\" style=\"width: 407px\" class=\"wp-caption alignnone\"><img loading=\"lazy\" decoding=\"async\" aria-describedby=\"caption-attachment-663797\" class=\"wp-image-663797 size-large\" src=\"https:\/\/www.diarioimagen.net\/wp-content\/uploads\/2025\/04\/BAENA-2-JUEVES-OK-397x270.jpg\" alt=\"\" width=\"397\" height=\"270\" srcset=\"https:\/\/www.diarioimagen.net\/wp-content\/uploads\/2025\/04\/BAENA-2-JUEVES-OK-397x270.jpg 397w, https:\/\/www.diarioimagen.net\/wp-content\/uploads\/2025\/04\/BAENA-2-JUEVES-OK-240x163.jpg 240w, https:\/\/www.diarioimagen.net\/wp-content\/uploads\/2025\/04\/BAENA-2-JUEVES-OK-768x522.jpg 768w, https:\/\/www.diarioimagen.net\/wp-content\/uploads\/2025\/04\/BAENA-2-JUEVES-OK.jpg 815w\" sizes=\"auto, (max-width: 397px) 100vw, 397px\" \/><p id=\"caption-attachment-663797\" class=\"wp-caption-text\">Arranc\u00f3 la rehabilitaci\u00f3n de andadores urbanos en Tlalnepantla, obra en la que se invertir\u00e1n m\u00e1s de 9.5 millones de pesos en beneficio de m\u00e1s de 11 mil habitantes.<\/p><\/div>\n<p>&nbsp;<\/p>\n<p>Tlalnepantla, M\u00e9x.- Para garantizar una mejor movilidad de las y los habitantes de la colonia L\u00e1zaro C\u00e1rdenas 1a Secci\u00f3n, el presidente municipal Raciel P\u00e9rez Cruz dio el banderazo de arranque de la construcci\u00f3n y\/o rehabilitaci\u00f3n de andadores urbanos, obra en la que se invertir\u00e1n m\u00e1s de 9.5 millones de pesos en beneficio de m\u00e1s de 11 mil habitantes.<\/p>\n<p>&nbsp;<\/p>\n<p>El alcalde inform\u00f3 que estos recursos son parte del Fondo de Aportaciones para el Fortalecimiento de los Municipios (FORTAMUN) y los trabajos se realizar\u00e1n en los andadores ubicados en las calles Club Ocelotl, Club Alud y Club Hiloche.<\/p>\n<p>&nbsp;<\/p>\n<p>Agreg\u00f3 que otras acciones a realizar en esta comunidad son la reparaci\u00f3n o reconstrucci\u00f3n de escalones en mal estado, colocaci\u00f3n de barandales, luminarias LED solares, mantenimiento de \u00e1reas verdes, as\u00ed como la rehabilitaci\u00f3n de l\u00ednea de drenaje y de agua potable para mitigar la escasez del vital l\u00edquido en los hogares.<\/p>\n<p>&nbsp;<\/p>\n<p>Al respecto, el mun\u00edcipe coment\u00f3 que con el apoyo del Gobierno Federal que encabeza la Doctora Claudia Sheinbaum \u201cest\u00e1 comprometida la exploraci\u00f3n y construcci\u00f3n de cinco pozos que van a ayudarnos con el tema del agua, queremos dejar atr\u00e1s eso que se vive en las comunidades, en donde no se tiene garantizado el abasto, es el a\u00f1o del Oriente en el tema del agua potable\u201d.<\/p>\n<p>&nbsp;<\/p>\n<p>Tambi\u00e9n indic\u00f3 que a trav\u00e9s del programa \u201cIluminando Nuestra Ciudad\u201d, se colocar\u00e1n nuevas luminarias y se dar\u00e1 mantenimiento a las ya existentes para disminuir la incidencia delictiva en la comunidad L\u00e1zaro C\u00e1rdenas y de manera gradual en todo Tlalnepantla Oriente.<\/p>\n<p>&nbsp;<\/p>\n<p>En calle Argentina ubicada en la colonia San Jos\u00e9 Ixhuatepec, entre las vialidades Maracaibo y Honduras, iniciaron los trabajos de repavimentaci\u00f3n de concreto hidr\u00e1ulico en beneficio de m\u00e1s de 1 mil 133 habitantes con una inversi\u00f3n superior a los 8.2 millones de pesos.<\/p>\n<p>&nbsp;<\/p>\n<p>&nbsp;<\/p>\n<p><strong>\u00a0<\/strong><\/p>\n<p>&nbsp;<\/p>\n","protected":false},"excerpt":{"rendered":"<p>Beneficio de m\u00e1s de 11 mil habitantes &nbsp; Tlalnepantla, M\u00e9x.- Para garantizar una mejor movilidad de las y los habitantes de la colonia L\u00e1zaro C\u00e1rdenas 1a Secci\u00f3n, el presidente municipal Raciel P\u00e9rez Cruz dio el banderazo de arranque de la construcci\u00f3n y\/o rehabilitaci\u00f3n de andadores urbanos, obra en la que se invertir\u00e1n m\u00e1s de 9.5 [&hellip;]<\/p>\n","protected":false},"author":14,"featured_media":663797,"comment_status":"open","ping_status":"open","sticky":false,"template":"","format":"standard","meta":{"_monsterinsights_skip_tracking":false,"_monsterinsights_sitenote_active":false,"_monsterinsights_sitenote_note":"","_monsterinsights_sitenote_category":0,"footnotes":""},"categories":[5],"tags":[],"class_list":["post-663796","post","type-post","status-publish","format-standard","has-post-thumbnail","hentry","category-estado-de-mexico"],"_links":{"self":[{"href":"https:\/\/www.diarioimagen.net\/index.php?rest_route=\/wp\/v2\/posts\/663796","targetHints":{"allow":["GET"]}}],"collection":[{"href":"https:\/\/www.diarioimagen.net\/index.php?rest_route=\/wp\/v2\/posts"}],"about":[{"href":"https:\/\/www.diarioimagen.net\/index.php?rest_route=\/wp\/v2\/types\/post"}],"author":[{"embeddable":true,"href":"https:\/\/www.diarioimagen.net\/index.php?rest_route=\/wp\/v2\/users\/14"}],"replies":[{"embeddable":true,"href":"https:\/\/www.diarioimagen.net\/index.php?rest_route=%2Fwp%2Fv2%2Fcomments&post=663796"}],"version-history":[{"count":1,"href":"https:\/\/www.diarioimagen.net\/index.php?rest_route=\/wp\/v2\/posts\/663796\/revisions"}],"predecessor-version":[{"id":663798,"href":"https:\/\/www.diarioimagen.net\/index.php?rest_route=\/wp\/v2\/posts\/663796\/revisions\/663798"}],"wp:featuredmedia":[{"embeddable":true,"href":"https:\/\/www.diarioimagen.net\/index.php?rest_route=\/wp\/v2\/media\/663797"}],"wp:attachment":[{"href":"https:\/\/www.diarioimagen.net\/index.php?rest_route=%2Fwp%2Fv2%2Fmedia&parent=663796"}],"wp:term":[{"taxonomy":"category","embeddable":true,"href":"https:\/\/www.diarioimagen.net\/index.php?rest_route=%2Fwp%2Fv2%2Fcategories&post=663796"},{"taxonomy":"post_tag","embeddable":true,"href":"https:\/\/www.diarioimagen.net\/index.php?rest_route=%2Fwp%2Fv2%2Ftags&post=663796"}],"curies":[{"name":"wp","href":"https:\/\/api.w.org\/{rel}","templated":true}]}}