{"id":663861,"date":"2025-04-18T00:00:39","date_gmt":"2025-04-18T06:00:39","guid":{"rendered":"https:\/\/www.diarioimagen.net\/?p=663861"},"modified":"2025-04-16T19:10:20","modified_gmt":"2025-04-17T01:10:20","slug":"en-huixquilucan-se-trabaja-por-la-educacion-romina-contreras","status":"publish","type":"post","link":"https:\/\/www.diarioimagen.net\/?p=663861","title":{"rendered":"En Huixquilucan se trabaja por la educaci\u00f3n: Romina Contreras\u00a0"},"content":{"rendered":"<p>&nbsp;<\/p>\n<div id=\"attachment_663862\" style=\"width: 415px\" class=\"wp-caption alignnone\"><img loading=\"lazy\" decoding=\"async\" aria-describedby=\"caption-attachment-663862\" class=\"wp-image-663862 size-large\" src=\"https:\/\/www.diarioimagen.net\/wp-content\/uploads\/2025\/04\/BAENA-4-VIERNES-ok-405x270.jpg\" alt=\"\" width=\"405\" height=\"270\" srcset=\"https:\/\/www.diarioimagen.net\/wp-content\/uploads\/2025\/04\/BAENA-4-VIERNES-ok-405x270.jpg 405w, https:\/\/www.diarioimagen.net\/wp-content\/uploads\/2025\/04\/BAENA-4-VIERNES-ok-240x160.jpg 240w, https:\/\/www.diarioimagen.net\/wp-content\/uploads\/2025\/04\/BAENA-4-VIERNES-ok-768x511.jpg 768w, https:\/\/www.diarioimagen.net\/wp-content\/uploads\/2025\/04\/BAENA-4-VIERNES-ok.jpg 1500w\" sizes=\"auto, (max-width: 405px) 100vw, 405px\" \/><p id=\"caption-attachment-663862\" class=\"wp-caption-text\">En Huixquilucan se trabaja por la educaci\u00f3n: Romina Contreras<\/p><\/div>\n<p>Huixquilucan, M\u00e9x.- Al concluir los trabajos de pintura, herrer\u00eda, mantenimiento en sanitarios, conexi\u00f3n de drenaje, colocaci\u00f3n de l\u00e1mparas y la construcci\u00f3n de una rampa para sillas de ruedas para promover la inclusi\u00f3n, entre otras acciones, el gobierno de Huixquilucan entreg\u00f3 la rehabilitaci\u00f3n de la Primaria \u201cMelchor M\u00fazquiz\u201d, la cual fue beneficiada con el programa \u201cAcci\u00f3n por la Educaci\u00f3n\u201d, con el prop\u00f3sito de brindar espacios dignos y seguros a los estudiantes y, con ello, impulsar su aprendizaje. Durante la visita a la comunidad de La Ca\u00f1ada, la presidenta municipal afirm\u00f3 que, desde el inicio de su primera administraci\u00f3n, su gobierno apuesta por la educaci\u00f3n, por lo que, en esta ocasi\u00f3n, m\u00e1s de 130 estudiantes resultaron beneficiados con diversos trabajos que contribuyen a su desarrollo y formaci\u00f3n acad\u00e9mica, al contar con las herramientas necesarias para un estudio de calidad que los preparen para los futuros retos.<\/p>\n<p>&nbsp;<\/p>\n<p>&nbsp;<\/p>\n<p>&nbsp;<\/p>\n<p>\u201c\u00c9ste es nuestro compromiso con la educaci\u00f3n; por eso que decidimos apoyar a las escuelas p\u00fablicas del municipio de los niveles educativos de preescolar, primaria, secundaria y preparatoria, porque nosotros, en Huixquilucan, le apostamos a la educaci\u00f3n y lo m\u00e1s importante es que nuestras ni\u00f1as y ni\u00f1os est\u00e9n preparados para el futuro y qu\u00e9 mejor que con estas herramientas que usan todos los d\u00edas, pues \u00e9sta es la llave que, al final del d\u00eda, les va abrir muchas puertas\u201d, se\u00f1al\u00f3 la alcaldesa.<\/p>\n","protected":false},"excerpt":{"rendered":"<p>&nbsp; Huixquilucan, M\u00e9x.- Al concluir los trabajos de pintura, herrer\u00eda, mantenimiento en sanitarios, conexi\u00f3n de drenaje, colocaci\u00f3n de l\u00e1mparas y la construcci\u00f3n de una rampa para sillas de ruedas para promover la inclusi\u00f3n, entre otras acciones, el gobierno de Huixquilucan entreg\u00f3 la rehabilitaci\u00f3n de la Primaria \u201cMelchor M\u00fazquiz\u201d, la cual fue beneficiada con el programa [&hellip;]<\/p>\n","protected":false},"author":14,"featured_media":663862,"comment_status":"open","ping_status":"open","sticky":false,"template":"","format":"standard","meta":{"_monsterinsights_skip_tracking":false,"_monsterinsights_sitenote_active":false,"_monsterinsights_sitenote_note":"","_monsterinsights_sitenote_category":0,"footnotes":""},"categories":[5],"tags":[],"class_list":["post-663861","post","type-post","status-publish","format-standard","has-post-thumbnail","hentry","category-estado-de-mexico"],"_links":{"self":[{"href":"https:\/\/www.diarioimagen.net\/index.php?rest_route=\/wp\/v2\/posts\/663861","targetHints":{"allow":["GET"]}}],"collection":[{"href":"https:\/\/www.diarioimagen.net\/index.php?rest_route=\/wp\/v2\/posts"}],"about":[{"href":"https:\/\/www.diarioimagen.net\/index.php?rest_route=\/wp\/v2\/types\/post"}],"author":[{"embeddable":true,"href":"https:\/\/www.diarioimagen.net\/index.php?rest_route=\/wp\/v2\/users\/14"}],"replies":[{"embeddable":true,"href":"https:\/\/www.diarioimagen.net\/index.php?rest_route=%2Fwp%2Fv2%2Fcomments&post=663861"}],"version-history":[{"count":1,"href":"https:\/\/www.diarioimagen.net\/index.php?rest_route=\/wp\/v2\/posts\/663861\/revisions"}],"predecessor-version":[{"id":663863,"href":"https:\/\/www.diarioimagen.net\/index.php?rest_route=\/wp\/v2\/posts\/663861\/revisions\/663863"}],"wp:featuredmedia":[{"embeddable":true,"href":"https:\/\/www.diarioimagen.net\/index.php?rest_route=\/wp\/v2\/media\/663862"}],"wp:attachment":[{"href":"https:\/\/www.diarioimagen.net\/index.php?rest_route=%2Fwp%2Fv2%2Fmedia&parent=663861"}],"wp:term":[{"taxonomy":"category","embeddable":true,"href":"https:\/\/www.diarioimagen.net\/index.php?rest_route=%2Fwp%2Fv2%2Fcategories&post=663861"},{"taxonomy":"post_tag","embeddable":true,"href":"https:\/\/www.diarioimagen.net\/index.php?rest_route=%2Fwp%2Fv2%2Ftags&post=663861"}],"curies":[{"name":"wp","href":"https:\/\/api.w.org\/{rel}","templated":true}]}}