{"id":663887,"date":"2025-04-18T00:00:50","date_gmt":"2025-04-18T06:00:50","guid":{"rendered":"https:\/\/www.diarioimagen.net\/?p=663887"},"modified":"2025-04-16T19:38:33","modified_gmt":"2025-04-17T01:38:33","slug":"proponen-en-uaemex-colocar-en-biberones-marcador-para-identificar-cuando-es-necesario-desecharlos","status":"publish","type":"post","link":"https:\/\/www.diarioimagen.net\/?p=663887","title":{"rendered":"Proponen en UAEM\u00e9x colocar en biberones marcador para identificar cu\u00e1ndo es necesario desecharlos"},"content":{"rendered":"<ul>\n<li><strong>Unidad Acad\u00e9mica Profesional Tianguistenco<\/strong><\/li>\n<li><strong>\u201cLa luz ultravioleta, el calor y la humedad aceleran el envejecimiento de un pl\u00e1stico y cuando esterilizamos un biber\u00f3n, lo sometemos a esos factores, lo cual provoca que dure menos\u201d, sostuvo la experta universitaria Ana Lilia Flores V\u00e1zquez<\/strong><\/li>\n<\/ul>\n<div id=\"attachment_663888\" style=\"width: 415px\" class=\"wp-caption alignnone\"><img loading=\"lazy\" decoding=\"async\" aria-describedby=\"caption-attachment-663888\" class=\"wp-image-663888 size-large\" src=\"https:\/\/www.diarioimagen.net\/wp-content\/uploads\/2025\/04\/UAEM-1-VIERNES-405x270.jpg\" alt=\"\" width=\"405\" height=\"270\" srcset=\"https:\/\/www.diarioimagen.net\/wp-content\/uploads\/2025\/04\/UAEM-1-VIERNES-405x270.jpg 405w, https:\/\/www.diarioimagen.net\/wp-content\/uploads\/2025\/04\/UAEM-1-VIERNES-240x160.jpg 240w, https:\/\/www.diarioimagen.net\/wp-content\/uploads\/2025\/04\/UAEM-1-VIERNES-768x512.jpg 768w, https:\/\/www.diarioimagen.net\/wp-content\/uploads\/2025\/04\/UAEM-1-VIERNES.jpg 1333w\" sizes=\"auto, (max-width: 405px) 100vw, 405px\" \/><p id=\"caption-attachment-663888\" class=\"wp-caption-text\">Ana Lilia Flores V\u00e1zquez, acad\u00e9mica e investigadora de la Unidad Acad\u00e9mica Profesional Tianguistenco de la UAEM\u00e9x, inici\u00f3 un trabajo de investigaci\u00f3n que tiene como propuesta final colocar a los biberones un marcador que permita identificar el momento en que es necesario desecharlos.<\/p><\/div>\n<p>Tianguistenco, M\u00e9x.- Cuando un pl\u00e1stico envejece desprende part\u00edculas que pueden ser da\u00f1inas para la salud de las personas, principalmente para la de las m\u00e1s peque\u00f1as, sostuvo Ana Lilia Flores V\u00e1zquez, acad\u00e9mica e investigadora de la Unidad Acad\u00e9mica Profesional Tianguistenco de la Universidad Aut\u00f3noma del Estado de M\u00e9xico (UAEM\u00e9x), donde inici\u00f3 un trabajo de investigaci\u00f3n que tiene como propuesta final colocar a los biberones un marcador que permita identificar el momento en que es necesario desecharlos.<\/p>\n<p>La experta subray\u00f3 que \u201cla luz ultravioleta, el calor y la humedad aceleran el envejecimiento de un pl\u00e1stico y cuando esterilizamos un biber\u00f3n, ya sea con un m\u00e9todo tradicional -hervirlo- o moderno, lo sometemos a esos factores, lo cual provoca que dure menos\u201d.<\/p>\n<p>As\u00ed, enfatiz\u00f3, el marcador nos indicar\u00e1 cuando el biber\u00f3n est\u00e9 \u201cviejo\u201d y, aunque no tenga marcas visibles, rayas o elementos de opacidad, puede estar soltando micropart\u00edculas y, por lo tanto, es momento de cambiarlo<\/p>\n<p>Detall\u00f3 que las part\u00edculas que desprende un pl\u00e1stico viejo son variadas, dependiendo tambi\u00e9n del material del que est\u00e1 elaborado el biber\u00f3n. \u201cLos de marcas caras, se supone, est\u00e1n fabricados de silic\u00f3n y, por lo tanto, sueltan menos part\u00edculas da\u00f1inas\u201d, dijo.<\/p>\n<p>La universitaria indic\u00f3 que en este trabajo de investigaci\u00f3n participan dos profesores de la carrera de Ingenier\u00eda en Pl\u00e1sticos, que se ofrece en la Unidad Acad\u00e9mica Profesional Tianguistenco, uno experto en qu\u00edmica, y otro profesor encargado de la parte de sustentabilidad.<\/p>\n<p>El trabajo, precis\u00f3 Flores V\u00e1zquez, estar\u00e1 dividido en dos partes: la te\u00f3rica y la experimental, en la que se trabajar\u00e1 en colaboraci\u00f3n con otras instancias de la UAEM\u00e9x e, incluso, externas.<\/p>\n<p>En este contexto, manifest\u00f3 que, sin duda, los efectos da\u00f1inos de la ingesta de los micropl\u00e1sticos son mayores en los m\u00e1s peque\u00f1os, pero tambi\u00e9n la salud de los adultos puede verse afectada por ello.<\/p>\n<p>Por lo anterior, consider\u00f3 necesario colocar un marcador en los productos pl\u00e1sticos que se ocupen en la industria alimenticia, con la finalidad de identificar el momento en que deben desecharse; por ejemplo, los platos, recipientes en que calentamos comida en el microondas e, incluso, los recipientes en los que tomamos agua, que adem\u00e1s, al ser m\u00e1s ergon\u00f3micos, generalmente tienen curvas, lo cual tambi\u00e9n \u201cmete mucho ruido\u201d.<\/p>\n<p>Advirti\u00f3 que debe considerarse desechar un biber\u00f3n de pl\u00e1stico cuando ya es opaco o est\u00e1 rayado; adem\u00e1s, si al apachurrarlo ya no es tan duro e, incluso, cruje.<\/p>\n<p>Finalmente, Ana Lilia Flores V\u00e1zquez acept\u00f3 que una vez obtenido los resultados de este trabajo de investigaci\u00f3n, el reto ser\u00e1 hacer llegar a los fabricantes la propuesta de colocar el marcador a los biberones.<\/p>\n<p>&nbsp;<\/p>\n<p>&nbsp;<\/p>\n<p>&nbsp;<\/p>\n","protected":false},"excerpt":{"rendered":"<p>Unidad Acad\u00e9mica Profesional Tianguistenco \u201cLa luz ultravioleta, el calor y la humedad aceleran el envejecimiento de un pl\u00e1stico y cuando esterilizamos un biber\u00f3n, lo sometemos a esos factores, lo cual provoca que dure menos\u201d, sostuvo la experta universitaria Ana Lilia Flores V\u00e1zquez Tianguistenco, M\u00e9x.- Cuando un pl\u00e1stico envejece desprende part\u00edculas que pueden ser da\u00f1inas para [&hellip;]<\/p>\n","protected":false},"author":14,"featured_media":663888,"comment_status":"open","ping_status":"open","sticky":false,"template":"","format":"standard","meta":{"_monsterinsights_skip_tracking":false,"_monsterinsights_sitenote_active":false,"_monsterinsights_sitenote_note":"","_monsterinsights_sitenote_category":0,"footnotes":""},"categories":[16,5],"tags":[],"class_list":["post-663887","post","type-post","status-publish","format-standard","has-post-thumbnail","hentry","category-destacadas","category-estado-de-mexico"],"_links":{"self":[{"href":"https:\/\/www.diarioimagen.net\/index.php?rest_route=\/wp\/v2\/posts\/663887","targetHints":{"allow":["GET"]}}],"collection":[{"href":"https:\/\/www.diarioimagen.net\/index.php?rest_route=\/wp\/v2\/posts"}],"about":[{"href":"https:\/\/www.diarioimagen.net\/index.php?rest_route=\/wp\/v2\/types\/post"}],"author":[{"embeddable":true,"href":"https:\/\/www.diarioimagen.net\/index.php?rest_route=\/wp\/v2\/users\/14"}],"replies":[{"embeddable":true,"href":"https:\/\/www.diarioimagen.net\/index.php?rest_route=%2Fwp%2Fv2%2Fcomments&post=663887"}],"version-history":[{"count":1,"href":"https:\/\/www.diarioimagen.net\/index.php?rest_route=\/wp\/v2\/posts\/663887\/revisions"}],"predecessor-version":[{"id":663889,"href":"https:\/\/www.diarioimagen.net\/index.php?rest_route=\/wp\/v2\/posts\/663887\/revisions\/663889"}],"wp:featuredmedia":[{"embeddable":true,"href":"https:\/\/www.diarioimagen.net\/index.php?rest_route=\/wp\/v2\/media\/663888"}],"wp:attachment":[{"href":"https:\/\/www.diarioimagen.net\/index.php?rest_route=%2Fwp%2Fv2%2Fmedia&parent=663887"}],"wp:term":[{"taxonomy":"category","embeddable":true,"href":"https:\/\/www.diarioimagen.net\/index.php?rest_route=%2Fwp%2Fv2%2Fcategories&post=663887"},{"taxonomy":"post_tag","embeddable":true,"href":"https:\/\/www.diarioimagen.net\/index.php?rest_route=%2Fwp%2Fv2%2Ftags&post=663887"}],"curies":[{"name":"wp","href":"https:\/\/api.w.org\/{rel}","templated":true}]}}