{"id":664118,"date":"2025-04-21T00:00:05","date_gmt":"2025-04-21T06:00:05","guid":{"rendered":"https:\/\/www.diarioimagen.net\/?p=664118"},"modified":"2025-04-20T18:37:02","modified_gmt":"2025-04-21T00:37:02","slug":"el-suicidio-es-un-problema-de-salud-publica-a-nivel-mundial-2","status":"publish","type":"post","link":"https:\/\/www.diarioimagen.net\/?p=664118","title":{"rendered":"El Suicidio es un problema de salud p\u00fablica a nivel mundial"},"content":{"rendered":"<p>&nbsp;<\/p>\n<p><strong>\u00a0<\/strong><\/p>\n<ul>\n<li><strong>De acuerdo con la OMS cerca de 703 mil personas se quitan la vida al a\u00f1o<\/strong><\/li>\n<\/ul>\n<p>&nbsp;<\/p>\n<div id=\"attachment_664119\" style=\"width: 470px\" class=\"wp-caption alignnone\"><img loading=\"lazy\" decoding=\"async\" aria-describedby=\"caption-attachment-664119\" class=\"wp-image-664119 size-large\" src=\"https:\/\/www.diarioimagen.net\/wp-content\/uploads\/2025\/04\/SUIC01-ok-460x240.jpg\" alt=\"\" width=\"460\" height=\"240\" srcset=\"https:\/\/www.diarioimagen.net\/wp-content\/uploads\/2025\/04\/SUIC01-ok-460x240.jpg 460w, https:\/\/www.diarioimagen.net\/wp-content\/uploads\/2025\/04\/SUIC01-ok-240x125.jpg 240w, https:\/\/www.diarioimagen.net\/wp-content\/uploads\/2025\/04\/SUIC01-ok-768x401.jpg 768w, https:\/\/www.diarioimagen.net\/wp-content\/uploads\/2025\/04\/SUIC01-ok.jpg 1500w\" sizes=\"auto, (max-width: 460px) 100vw, 460px\" \/><p id=\"caption-attachment-664119\" class=\"wp-caption-text\">El suicidio no solo representa una tragedia personal, sino que tambi\u00e9n tiene un impacto profundo en las familias, comunidades y sociedades.<\/p><\/div>\n<p>El suicidio sigue siendo una de las principales causas de muerte a nivel mundial en 2025, afectando a personas de todas las edades, g\u00e9neros y regiones. Seg\u00fan la Organizaci\u00f3n Mundial de la Salud (OMS), cada a\u00f1o, cerca de 703,000 personas se quitan la vida, y muchas m\u00e1s intentan hacerlo.<\/p>\n<p>&nbsp;<\/p>\n<p>Este fen\u00f3meno no solo representa una tragedia personal, sino que tambi\u00e9n tiene un impacto profundo en las familias, comunidades y sociedades.<\/p>\n<p>&nbsp;<\/p>\n<p><strong>Estad\u00edsticas Globales: <\/strong>Las tasas de suicidio var\u00edan significativamente entre los pa\u00edses. En algunas naciones, se reportan menos de dos muertes por suicidio por cada 100 mil habitantes, mientras que en otras, la cifra supera los 80 por cada 100 mil. En general, la tasa mundial de suicidio es de aproximadamente 10,8 por 100 mil habitantes, siendo m\u00e1s alta en hombres que en mujeres.<\/p>\n<p>&nbsp;<\/p>\n<p><strong>Factores de Riesgo: <\/strong>El suicidio es un fen\u00f3meno complejo que generalmente resulta de una combinaci\u00f3n de factores. Entre los m\u00e1s comunes se encuentran los trastornos mentales, como la depresi\u00f3n y la ansiedad, as\u00ed como el abuso de sustancias. Sin embargo, no todos los casos est\u00e1n directamente relacionados con problemas de salud mental. Factores socioecon\u00f3micos, como el desempleo, la pobreza y la discriminaci\u00f3n, tambi\u00e9n juegan un papel crucial.<\/p>\n<p>&nbsp;<\/p>\n<p><strong>Grupos Vulnerables:<\/strong> Los j\u00f3venes de entre 15 y 29 a\u00f1os son particularmente vulnerables, siendo el suicidio la cuarta causa de muerte en este grupo de edad. Adem\u00e1s, las tasas de suicidio son significativamente m\u00e1s altas en los hombres que en las mujeres, especialmente en los pa\u00edses de ingresos altos. En contraste, las tasas m\u00e1s altas de suicidio femenino se registran en los pa\u00edses de ingresos medianos bajos.<\/p>\n<p>&nbsp;<\/p>\n<p><strong>M\u00e9todos Comunes:<\/strong> Los m\u00e9todos de suicidio var\u00edan seg\u00fan la regi\u00f3n y la disponibilidad de medios. La ingesti\u00f3n de plaguicidas, el ahorcamiento y el uso de armas de fuego son algunos de los m\u00e9todos m\u00e1s comunes a nivel mundial. La elecci\u00f3n del m\u00e9todo puede estar influenciada por factores culturales y la accesibilidad de los medios.<\/p>\n<p>&nbsp;<\/p>\n<p><strong>Prevenci\u00f3n y Estrategias:<\/strong> La prevenci\u00f3n del suicidio requiere un enfoque multifac\u00e9tico que incluya la intervenci\u00f3n temprana, el apoyo psicol\u00f3gico y la reducci\u00f3n del acceso a los medios letales. Programas de concienciaci\u00f3n y educaci\u00f3n sobre la salud mental son esenciales para reducir el estigma asociado y fomentar la b\u00fasqueda de ayuda1. Adem\u00e1s, l\u00edneas de ayuda y servicios de apoyo, como la L\u00ednea 024 en Espa\u00f1a, han demostrado ser efectivos en la prevenci\u00f3n del suicidio3.<\/p>\n<p>&nbsp;<\/p>\n<p>El suicidio sigue siendo un desaf\u00edo significativo para la salud p\u00fablica global en 2024. La combinaci\u00f3n de esfuerzos gubernamentales, comunitarios y personales es crucial para abordar este problema de manera efectiva. La concienciaci\u00f3n, la educaci\u00f3n y el apoyo continuo pueden marcar la diferencia en la vida de muchas personas, ayudando a prevenir tragedias y a construir un futuro m\u00e1s saludable y esperanzador.<\/p>\n<p>&nbsp;<\/p>\n<p>Si tienes pensamientos suicidas, es crucial que busques ayuda de inmediato. Aqu\u00ed tienes algunos pasos y recursos que pueden ayudarte:<\/p>\n<p>&nbsp;<\/p>\n<p>Habla con Alguien de Confianza: Ac\u00e9rcate a un amigo cercano, un familiar o alguien en quien conf\u00edes. Hablar sobre tus sentimientos puede ser un primer paso importante.<\/p>\n<p>&nbsp;<\/p>\n<p>Llama a una L\u00ednea de Ayuda: En M\u00e9xico, puedes comunicarte con la L\u00ednea Nacional contra el Suicidio al 800 273 8255. Tambi\u00e9n puedes contactar a la L\u00ednea de la Vida al 800 911 2000, disponible las 24 horas del d\u00eda.<\/p>\n<p>&nbsp;<\/p>\n<p>&nbsp;<\/p>\n","protected":false},"excerpt":{"rendered":"<p>&nbsp; \u00a0 De acuerdo con la OMS cerca de 703 mil personas se quitan la vida al a\u00f1o &nbsp; El suicidio sigue siendo una de las principales causas de muerte a nivel mundial en 2025, afectando a personas de todas las edades, g\u00e9neros y regiones. Seg\u00fan la Organizaci\u00f3n Mundial de la Salud (OMS), cada a\u00f1o, [&hellip;]<\/p>\n","protected":false},"author":14,"featured_media":664119,"comment_status":"open","ping_status":"open","sticky":false,"template":"","format":"standard","meta":{"_monsterinsights_skip_tracking":false,"_monsterinsights_sitenote_active":false,"_monsterinsights_sitenote_note":"","_monsterinsights_sitenote_category":0,"footnotes":""},"categories":[17,877],"tags":[],"class_list":["post-664118","post","type-post","status-publish","format-standard","has-post-thumbnail","hentry","category-especiales","category-salud"],"_links":{"self":[{"href":"https:\/\/www.diarioimagen.net\/index.php?rest_route=\/wp\/v2\/posts\/664118","targetHints":{"allow":["GET"]}}],"collection":[{"href":"https:\/\/www.diarioimagen.net\/index.php?rest_route=\/wp\/v2\/posts"}],"about":[{"href":"https:\/\/www.diarioimagen.net\/index.php?rest_route=\/wp\/v2\/types\/post"}],"author":[{"embeddable":true,"href":"https:\/\/www.diarioimagen.net\/index.php?rest_route=\/wp\/v2\/users\/14"}],"replies":[{"embeddable":true,"href":"https:\/\/www.diarioimagen.net\/index.php?rest_route=%2Fwp%2Fv2%2Fcomments&post=664118"}],"version-history":[{"count":1,"href":"https:\/\/www.diarioimagen.net\/index.php?rest_route=\/wp\/v2\/posts\/664118\/revisions"}],"predecessor-version":[{"id":664120,"href":"https:\/\/www.diarioimagen.net\/index.php?rest_route=\/wp\/v2\/posts\/664118\/revisions\/664120"}],"wp:featuredmedia":[{"embeddable":true,"href":"https:\/\/www.diarioimagen.net\/index.php?rest_route=\/wp\/v2\/media\/664119"}],"wp:attachment":[{"href":"https:\/\/www.diarioimagen.net\/index.php?rest_route=%2Fwp%2Fv2%2Fmedia&parent=664118"}],"wp:term":[{"taxonomy":"category","embeddable":true,"href":"https:\/\/www.diarioimagen.net\/index.php?rest_route=%2Fwp%2Fv2%2Fcategories&post=664118"},{"taxonomy":"post_tag","embeddable":true,"href":"https:\/\/www.diarioimagen.net\/index.php?rest_route=%2Fwp%2Fv2%2Ftags&post=664118"}],"curies":[{"name":"wp","href":"https:\/\/api.w.org\/{rel}","templated":true}]}}