{"id":664243,"date":"2025-04-22T00:00:58","date_gmt":"2025-04-22T06:00:58","guid":{"rendered":"https:\/\/www.diarioimagen.net\/?p=664243"},"modified":"2025-04-21T19:35:30","modified_gmt":"2025-04-22T01:35:30","slug":"la-administracion-de-isaac-montoya-trabaja-en-dejar-legados-que-trasciendan","status":"publish","type":"post","link":"https:\/\/www.diarioimagen.net\/?p=664243","title":{"rendered":"La administraci\u00f3n de Isaac Montoya  trabaja en dejar legados que trasciendan"},"content":{"rendered":"<ul>\n<li><strong>En beneficio de naucalpenses<\/strong><\/li>\n<\/ul>\n<p><strong>\u00a0<\/strong><\/p>\n<div id=\"attachment_664244\" style=\"width: 433px\" class=\"wp-caption alignnone\"><img loading=\"lazy\" decoding=\"async\" aria-describedby=\"caption-attachment-664244\" class=\"wp-image-664244 size-large\" src=\"https:\/\/www.diarioimagen.net\/wp-content\/uploads\/2025\/04\/BAENA-2-OK-10-423x270.jpg\" alt=\"\" width=\"423\" height=\"270\" srcset=\"https:\/\/www.diarioimagen.net\/wp-content\/uploads\/2025\/04\/BAENA-2-OK-10-423x270.jpg 423w, https:\/\/www.diarioimagen.net\/wp-content\/uploads\/2025\/04\/BAENA-2-OK-10-240x153.jpg 240w, https:\/\/www.diarioimagen.net\/wp-content\/uploads\/2025\/04\/BAENA-2-OK-10-768x490.jpg 768w, https:\/\/www.diarioimagen.net\/wp-content\/uploads\/2025\/04\/BAENA-2-OK-10.jpg 1500w\" sizes=\"auto, (max-width: 423px) 100vw, 423px\" \/><p id=\"caption-attachment-664244\" class=\"wp-caption-text\">El alcalde Isaac Montoya M\u00e1rquez, en la colonia San Jos\u00e9 R\u00edo Hondo, anunci\u00f3 los proyectos en puerta que beneficiar\u00e1n a las diversas comunidades<\/p><\/div>\n<p><strong>\u00a0<\/strong><\/p>\n<p>&nbsp;<\/p>\n<p>&nbsp;<\/p>\n<p>Naucalpan de Ju\u00e1rez, M\u00e9x., 20 de abril de 2025.- El gobierno de Naucalpan trabaja para dejar legados en diversos rubros que trasciendan y beneficien a largo plazo a todas y todos los naucalpenses, y avanza en colaboraci\u00f3n y coordinaci\u00f3n con los gobiernos federal y estatal destac\u00f3 el presidente municipal, Isaac Montoya M\u00e1rquez, en la colonia San Jos\u00e9 R\u00edo Hondo, donde se\u00f1al\u00f3 los proyectos en puerta que beneficiar\u00e1n a las diversas comunidades del municipio.<\/p>\n<p>&nbsp;<\/p>\n<p>En este sentido, el alcalde mencion\u00f3 que se ha retomado el proyecto del Tren Ligero R\u00edo Hondo-Buenavista, que en su momento impuls\u00f3 el expresidente Andr\u00e9s Manuel L\u00f3pez Obrador y que ahora la Presidente Claudia Sheinbaum Pardo lo consider\u00f3 como una de sus 100 propuestas de campa\u00f1a.<\/p>\n<p>&nbsp;<\/p>\n<p>Este proyecto avanza, los estudios t\u00e9cnicos de viabilidad los est\u00e1 llevando a cabo la Uni\u00f3n Europea, y forma parte de una de las propuestas para recuperar el transporte ferroviario del pa\u00eds. Ser\u00e1 parte de la llave para recuperar y transformar diversas comunidades. Y la estaci\u00f3n final de San Jos\u00e9 R\u00edo Hondo ser\u00e1 hist\u00f3rica, \u201ces un proyecto que tambi\u00e9n nos emociona, nos inspira y estaremos trabajando en ello\u201d subray\u00f3 el alcalde.<\/p>\n<p>&nbsp;<\/p>\n<p>Otro legado de su gobierno, la Universidad P\u00fablica Rosario Castellanos, ya es un hecho, Naucalpan contar\u00e1 con esta instituci\u00f3n educativa.\u00a0 Se contempla que, para el mes de agosto, se podr\u00eda inaugurar. Destac\u00f3 que, seguramente se contar\u00eda con la presencia de la Presidenta de la Rep\u00fablica y que esta universidad ayudar\u00e1 a rescatar una zona del municipio muy abandonada como es la parte del camino a Los Cipreses. Esta \u00e1rea verde ser\u00e1 un detonante para convertirla en un sendero seguro y luminoso, y ser\u00e1 otro de los legados de la presente administraci\u00f3n.<\/p>\n<p>Inform\u00f3 que el proyecto del saneamiento del R\u00edo Hondo es otro de los legados que contar\u00e1 con 4 plantas de tratamiento tradicionales y dos plantas de tratamiento biol\u00f3gicas. Y ya se trabaja en combinaci\u00f3n con los Pa\u00edses Bajos, para tener la oportunidad de contar con un r\u00edo digno, rescatado, en donde se tendr\u00e1 agua con mejor aspecto para beneficio de las personas que vivan en los alrededores. Se podr\u00e1 contar con m\u00e1s agua tratada que puede destinarse al riego de zonas verdes.<\/p>\n<p>&nbsp;<\/p>\n<p>En la reciente Mesa de Seguridad y Construcci\u00f3n por la Paz, que se realiz\u00f3 en la comunidad de R\u00edo Hondo, en cuanto a la seguridad refiri\u00f3, \u201cestamos replanteando la seguridad p\u00fablica en Naucalpan\u201d, se trabaja para transformar de manera consistente, gradual y de manera permanente, para ir recuperando la paz y la tranquilidad, con labores de inteligencia y de planeaci\u00f3n.<\/p>\n<p>&nbsp;<\/p>\n<p>Destac\u00f3 que, tras la reciente implementaci\u00f3n de la Estrategia Operativa Oriente, y dada la estrecha colaboraci\u00f3n con los tres \u00f3rdenes de gobierno, de acuerdo con datos de la Fiscal\u00eda Regional, a tres meses de trabajo, se han disminuido los delitos de alto impacto en el municipio, como el robo de veh\u00edculos, robo a casa habitaci\u00f3n, transporte p\u00fablico, entre otros.<\/p>\n<p><strong>\u00a0<\/strong><\/p>\n<p>&nbsp;<\/p>\n","protected":false},"excerpt":{"rendered":"<p>En beneficio de naucalpenses \u00a0 \u00a0 &nbsp; &nbsp; Naucalpan de Ju\u00e1rez, M\u00e9x., 20 de abril de 2025.- El gobierno de Naucalpan trabaja para dejar legados en diversos rubros que trasciendan y beneficien a largo plazo a todas y todos los naucalpenses, y avanza en colaboraci\u00f3n y coordinaci\u00f3n con los gobiernos federal y estatal destac\u00f3 el [&hellip;]<\/p>\n","protected":false},"author":14,"featured_media":664244,"comment_status":"open","ping_status":"open","sticky":false,"template":"","format":"standard","meta":{"_monsterinsights_skip_tracking":false,"_monsterinsights_sitenote_active":false,"_monsterinsights_sitenote_note":"","_monsterinsights_sitenote_category":0,"footnotes":""},"categories":[5],"tags":[],"class_list":["post-664243","post","type-post","status-publish","format-standard","has-post-thumbnail","hentry","category-estado-de-mexico"],"_links":{"self":[{"href":"https:\/\/www.diarioimagen.net\/index.php?rest_route=\/wp\/v2\/posts\/664243","targetHints":{"allow":["GET"]}}],"collection":[{"href":"https:\/\/www.diarioimagen.net\/index.php?rest_route=\/wp\/v2\/posts"}],"about":[{"href":"https:\/\/www.diarioimagen.net\/index.php?rest_route=\/wp\/v2\/types\/post"}],"author":[{"embeddable":true,"href":"https:\/\/www.diarioimagen.net\/index.php?rest_route=\/wp\/v2\/users\/14"}],"replies":[{"embeddable":true,"href":"https:\/\/www.diarioimagen.net\/index.php?rest_route=%2Fwp%2Fv2%2Fcomments&post=664243"}],"version-history":[{"count":1,"href":"https:\/\/www.diarioimagen.net\/index.php?rest_route=\/wp\/v2\/posts\/664243\/revisions"}],"predecessor-version":[{"id":664245,"href":"https:\/\/www.diarioimagen.net\/index.php?rest_route=\/wp\/v2\/posts\/664243\/revisions\/664245"}],"wp:featuredmedia":[{"embeddable":true,"href":"https:\/\/www.diarioimagen.net\/index.php?rest_route=\/wp\/v2\/media\/664244"}],"wp:attachment":[{"href":"https:\/\/www.diarioimagen.net\/index.php?rest_route=%2Fwp%2Fv2%2Fmedia&parent=664243"}],"wp:term":[{"taxonomy":"category","embeddable":true,"href":"https:\/\/www.diarioimagen.net\/index.php?rest_route=%2Fwp%2Fv2%2Fcategories&post=664243"},{"taxonomy":"post_tag","embeddable":true,"href":"https:\/\/www.diarioimagen.net\/index.php?rest_route=%2Fwp%2Fv2%2Ftags&post=664243"}],"curies":[{"name":"wp","href":"https:\/\/api.w.org\/{rel}","templated":true}]}}