{"id":664309,"date":"2025-04-22T00:00:35","date_gmt":"2025-04-22T06:00:35","guid":{"rendered":"https:\/\/www.diarioimagen.net\/?p=664309"},"modified":"2025-04-21T20:54:24","modified_gmt":"2025-04-22T02:54:24","slug":"amplia-el-sat-horario-de-atencion-para-facilitar-la-declaracion-anual","status":"publish","type":"post","link":"https:\/\/www.diarioimagen.net\/?p=664309","title":{"rendered":"Ampl\u00eda el SAT  horario de atenci\u00f3n  para facilitar la  Declaraci\u00f3n Anual"},"content":{"rendered":"<ul>\n<li><strong>El plazo vence este 30 de abril<\/strong><\/li>\n<\/ul>\n<div id=\"attachment_664312\" style=\"width: 393px\" class=\"wp-caption alignnone\"><img loading=\"lazy\" decoding=\"async\" aria-describedby=\"caption-attachment-664312\" class=\"wp-image-664312 size-large\" src=\"https:\/\/www.diarioimagen.net\/wp-content\/uploads\/2025\/04\/SAT-ok-383x270.jpg\" alt=\"\" width=\"383\" height=\"270\" srcset=\"https:\/\/www.diarioimagen.net\/wp-content\/uploads\/2025\/04\/SAT-ok-383x270.jpg 383w, https:\/\/www.diarioimagen.net\/wp-content\/uploads\/2025\/04\/SAT-ok-240x169.jpg 240w, https:\/\/www.diarioimagen.net\/wp-content\/uploads\/2025\/04\/SAT-ok-768x542.jpg 768w, https:\/\/www.diarioimagen.net\/wp-content\/uploads\/2025\/04\/SAT-ok.jpg 1500w\" sizes=\"auto, (max-width: 383px) 100vw, 383px\" \/><p id=\"caption-attachment-664312\" class=\"wp-caption-text\"><br \/>El Servicio de Administraci\u00f3n Tributaria ampliar\u00e1 su horario de atenci\u00f3n del 21 al 30 de abril para facilitar el cumplimiento de esta obligaci\u00f3n fiscal.<\/p><\/div>\n<p><strong>\u00a0<\/strong><\/p>\n<p>&nbsp;<\/p>\n<p>Con el objetivo de apoyar a las y los contribuyentes en el cierre del periodo para la presentaci\u00f3n de la Declaraci\u00f3n Anual 2024 correspondiente a personas f\u00edsicas, el Servicio de Administraci\u00f3n Tributaria (SAT) inform\u00f3 que ampliar\u00e1 su horario de atenci\u00f3n del 21 al 30 de abril.<\/p>\n<p>Durante estos d\u00edas, las oficinas del SAT atender\u00e1n de 8:30 a 18:00 horas en sus 161 sedes distribuidas en todo el pa\u00eds para facilitar el cumplimiento de esta obligaci\u00f3n fiscal, cuya fecha l\u00edmite es el pr\u00f3ximo 30 de abril.<\/p>\n<p>Las personas f\u00edsicas que no cumplan con esta obligaci\u00f3n en tiempo y forma pueden hacerse acreedoras a multas o sanciones por parte de la autoridad tributaria.<\/p>\n<p>De acuerdo con el SAT, deben presentar la Declaraci\u00f3n Anual quienes durante el a\u00f1o fiscal 2024 obtuvieron ingresos por conceptos como sueldos y salarios \u2014en ciertos casos espec\u00edficos\u2014, servicios profesionales, actividades empresariales, arrendamiento de bienes inmuebles, enajenaci\u00f3n o adquisici\u00f3n de bienes, as\u00ed como intereses o dividendos.<\/p>\n<p>En particular, deben declarar quienes trabajaron para m\u00e1s de un empleador de forma simult\u00e1nea, obtuvieron ingresos del extranjero o indemnizaciones, y quienes percibieron jubilaciones o pensiones superiores a los l\u00edmites establecidos en la Ley del Impuesto sobre la Renta. Tambi\u00e9n deben presentar declaraci\u00f3n aquellas personas cuyos ingresos por sueldos hayan excedido los 400 mil pesos en el a\u00f1o.<\/p>\n<p>Es importante destacar que las personas f\u00edsicas que tributan bajo el R\u00e9gimen Simplificado de Confianza (RESICO) est\u00e1n exentas de esta obligaci\u00f3n, conforme a la regla 3.13.7 de la Resoluci\u00f3n Miscel\u00e1nea Fiscal. Sin embargo, las que se encuentren en los supuestos de las reglas 3.13.20 y 3.13.21 podr\u00e1n optar por presentarla.<\/p>\n<p>Para realizar la declaraci\u00f3n es indispensable contar con la Contrase\u00f1a o e.firma vigente.<\/p>\n<p>Con el objetivo de facilitar este proceso, el SAT habilit\u00f3 un minisitio con informaci\u00f3n y herramientas \u00fatiles para los contribuyentes: http:\/\/omawww.sat.gob.mx\/DeclaracionAnual2024\/Paginas\/index.html<\/p>\n<p>Las autoridades fiscales invitan a la ciudadan\u00eda a aprovechar la ampliaci\u00f3n de horario y cumplir con esta responsabilidad en tiempo, evitando as\u00ed contratiempos o sanciones.<\/p>\n<p>Para cualquier duda o de requerir orientaci\u00f3n sobre la Declaraci\u00f3n Anual 2024, las personas podr\u00e1n contactar con los siguientes medios de atenci\u00f3n: MarcaSAT: 55 627 22 728, opci\u00f3n 0, subopci\u00f3n 2.<\/p>\n<p>&nbsp;<\/p>\n<p>&nbsp;<\/p>\n<p>&nbsp;<\/p>\n<p>&nbsp;<\/p>\n","protected":false},"excerpt":{"rendered":"<p>El plazo vence este 30 de abril \u00a0 &nbsp; Con el objetivo de apoyar a las y los contribuyentes en el cierre del periodo para la presentaci\u00f3n de la Declaraci\u00f3n Anual 2024 correspondiente a personas f\u00edsicas, el Servicio de Administraci\u00f3n Tributaria (SAT) inform\u00f3 que ampliar\u00e1 su horario de atenci\u00f3n del 21 al 30 de abril. [&hellip;]<\/p>\n","protected":false},"author":14,"featured_media":664312,"comment_status":"open","ping_status":"open","sticky":false,"template":"","format":"standard","meta":{"_monsterinsights_skip_tracking":false,"_monsterinsights_sitenote_active":false,"_monsterinsights_sitenote_note":"","_monsterinsights_sitenote_category":0,"footnotes":""},"categories":[5],"tags":[],"class_list":["post-664309","post","type-post","status-publish","format-standard","has-post-thumbnail","hentry","category-estado-de-mexico"],"_links":{"self":[{"href":"https:\/\/www.diarioimagen.net\/index.php?rest_route=\/wp\/v2\/posts\/664309","targetHints":{"allow":["GET"]}}],"collection":[{"href":"https:\/\/www.diarioimagen.net\/index.php?rest_route=\/wp\/v2\/posts"}],"about":[{"href":"https:\/\/www.diarioimagen.net\/index.php?rest_route=\/wp\/v2\/types\/post"}],"author":[{"embeddable":true,"href":"https:\/\/www.diarioimagen.net\/index.php?rest_route=\/wp\/v2\/users\/14"}],"replies":[{"embeddable":true,"href":"https:\/\/www.diarioimagen.net\/index.php?rest_route=%2Fwp%2Fv2%2Fcomments&post=664309"}],"version-history":[{"count":1,"href":"https:\/\/www.diarioimagen.net\/index.php?rest_route=\/wp\/v2\/posts\/664309\/revisions"}],"predecessor-version":[{"id":664313,"href":"https:\/\/www.diarioimagen.net\/index.php?rest_route=\/wp\/v2\/posts\/664309\/revisions\/664313"}],"wp:featuredmedia":[{"embeddable":true,"href":"https:\/\/www.diarioimagen.net\/index.php?rest_route=\/wp\/v2\/media\/664312"}],"wp:attachment":[{"href":"https:\/\/www.diarioimagen.net\/index.php?rest_route=%2Fwp%2Fv2%2Fmedia&parent=664309"}],"wp:term":[{"taxonomy":"category","embeddable":true,"href":"https:\/\/www.diarioimagen.net\/index.php?rest_route=%2Fwp%2Fv2%2Fcategories&post=664309"},{"taxonomy":"post_tag","embeddable":true,"href":"https:\/\/www.diarioimagen.net\/index.php?rest_route=%2Fwp%2Fv2%2Ftags&post=664309"}],"curies":[{"name":"wp","href":"https:\/\/api.w.org\/{rel}","templated":true}]}}