{"id":664415,"date":"2025-04-23T00:00:21","date_gmt":"2025-04-23T06:00:21","guid":{"rendered":"https:\/\/www.diarioimagen.net\/?p=664415"},"modified":"2025-04-22T19:36:40","modified_gmt":"2025-04-23T01:36:40","slug":"municipios-firman-carta-de-intencion-para-la-ruta-contra-el-trabajo-infantil","status":"publish","type":"post","link":"https:\/\/www.diarioimagen.net\/?p=664415","title":{"rendered":"Municipios firman carta de intenci\u00f3n  para la ruta contra el trabajo infantil  \u00a0"},"content":{"rendered":"<ul>\n<li><strong>Impulsa gobierno de Pedro Rodr\u00edguez alianza hist\u00f3rica <\/strong><\/li>\n<\/ul>\n<p><strong>\u00a0<\/strong><\/p>\n<p>&nbsp;<\/p>\n<p><strong>\u00a0<\/strong><\/p>\n<div id=\"attachment_664416\" style=\"width: 448px\" class=\"wp-caption alignnone\"><img loading=\"lazy\" decoding=\"async\" aria-describedby=\"caption-attachment-664416\" class=\"wp-image-664416 size-large\" src=\"https:\/\/www.diarioimagen.net\/wp-content\/uploads\/2025\/04\/BAENA-1-ok-9-438x270.jpg\" alt=\"\" width=\"438\" height=\"270\" srcset=\"https:\/\/www.diarioimagen.net\/wp-content\/uploads\/2025\/04\/BAENA-1-ok-9-438x270.jpg 438w, https:\/\/www.diarioimagen.net\/wp-content\/uploads\/2025\/04\/BAENA-1-ok-9-240x148.jpg 240w, https:\/\/www.diarioimagen.net\/wp-content\/uploads\/2025\/04\/BAENA-1-ok-9-768x473.jpg 768w, https:\/\/www.diarioimagen.net\/wp-content\/uploads\/2025\/04\/BAENA-1-ok-9.jpg 1500w\" sizes=\"auto, (max-width: 438px) 100vw, 438px\" \/><p id=\"caption-attachment-664416\" class=\"wp-caption-text\">Gracias a la iniciativa del gobierno de Pedro Rodr\u00edguez, se formaliz\u00f3 la firma de la Carta Intenci\u00f3n de Adhesi\u00f3n a la Ruta Intermunicipal de Erradicaci\u00f3n del Trabajo Infantil.<\/p><\/div>\n<p>&nbsp;<\/p>\n<p>Atizap\u00e1n de Zaragoza, Estado de M\u00e9xico.- Demostrando un firme liderazgo y compromiso con el bienestar de las familias, el gobierno de Atizap\u00e1n de Zaragoza, encabezado por el presidente municipal Pedro Rodr\u00edguez Villegas, ha sido pieza clave e impulsor en la conformaci\u00f3n de una alianza sin precedentes por los derechos de la infancia. Gracias a esta iniciativa atizapense, se formaliz\u00f3 la firma de la Carta Intenci\u00f3n de Adhesi\u00f3n a la Ruta Intermunicipal de Erradicaci\u00f3n del Trabajo Infantil (RIETI).<\/p>\n<p>&nbsp;<\/p>\n<p>A esta crucial iniciativa, promovida desde Atizap\u00e1n de Zaragoza, se sumaron los gobiernos municipales de Naucalpan de Ju\u00e1rez, Tlalnepantla de Baz, Cuautitl\u00e1n Izcalli, Nicol\u00e1s Romero, Villa del Carb\u00f3n, Jilotzingo, Cuautitl\u00e1n, Tultitl\u00e1n, Huixquilucan de Degollado, Isidro Fabela y Tepotzotl\u00e1n. Todos comparten el objetivo de promover acciones para detectar, atender y erradicar el trabajo infantil, velando por el Inter\u00e9s Superior de la Ni\u00f1ez.<\/p>\n<p>&nbsp;<\/p>\n<p>&nbsp;<\/p>\n<p>La trascendencia de este acuerdo fue subrayada por la presencia de importantes personalidades en el evento de firma, destacando la asistencia del Secretario del Trabajo del Estado de M\u00e9xico, Norberto Morales Poblete; la Secretaria Ejecutiva del Sistema Nacional de Protecci\u00f3n Integral de Ni\u00f1as, Ni\u00f1os y Adolescentes (Sipinna), Lorena Villavicencio; y el Procurador de Protecci\u00f3n de Ni\u00f1as, Ni\u00f1os y Adolescentes del Estado de M\u00e9xico, Cuitl\u00e1huac Garc\u00eda Perea las Presidentas Municipales Ofelia Antonio Sandoval (Villa del Carb\u00f3n), Carolina Flores Campos (Isidro Fabela) y Yosel\u00edn Nanyeli Mendoza Ram\u00edrez (Nicol\u00e1s Romero), as\u00ed como el Presidente Municipal Raziel Eugenio Chavarr\u00eda Chavarr\u00eda (Jilotzingo), la presidenta honoraria del DIF de Atizap\u00e1n Patricia Ar\u00e9valo y Ver\u00f3nica Pedrero Padilla, Directora General del Tecnol\u00f3gico de Monterrey<\/p>\n<p>Campus Estado de M\u00e9xico.<\/p>\n<p>Tambi\u00e9n estuvieron presentes Procuradores Municipales de Protecci\u00f3n de diversos ayuntamientos firmantes, quienes ser\u00e1n fundamentales en la ejecuci\u00f3n de las acciones.<\/p>\n<p>&nbsp;<\/p>\n<p>&nbsp;<\/p>\n<p>El liderazgo de Atizap\u00e1n de Zaragoza en la promoci\u00f3n de esta Ruta Intermunicipal reafirma la visi\u00f3n del Presidente Pedro Rodr\u00edguez Villegas de construir un municipio seguro, donde las ni\u00f1as, ni\u00f1os y adolescentes tengan garantizado su derecho a un desarrollo pleno, lejos de cualquier forma de explotaci\u00f3n. Esta acci\u00f3n es un logro m\u00e1s para el beneficio directo de las familias.<\/p>\n<p>&nbsp;<\/p>\n<p>&nbsp;<\/p>\n<p>&nbsp;<\/p>\n","protected":false},"excerpt":{"rendered":"<p>Impulsa gobierno de Pedro Rodr\u00edguez alianza hist\u00f3rica \u00a0 &nbsp; \u00a0 &nbsp; Atizap\u00e1n de Zaragoza, Estado de M\u00e9xico.- Demostrando un firme liderazgo y compromiso con el bienestar de las familias, el gobierno de Atizap\u00e1n de Zaragoza, encabezado por el presidente municipal Pedro Rodr\u00edguez Villegas, ha sido pieza clave e impulsor en la conformaci\u00f3n de una alianza [&hellip;]<\/p>\n","protected":false},"author":14,"featured_media":664416,"comment_status":"open","ping_status":"open","sticky":false,"template":"","format":"standard","meta":{"_monsterinsights_skip_tracking":false,"_monsterinsights_sitenote_active":false,"_monsterinsights_sitenote_note":"","_monsterinsights_sitenote_category":0,"footnotes":""},"categories":[5],"tags":[],"class_list":["post-664415","post","type-post","status-publish","format-standard","has-post-thumbnail","hentry","category-estado-de-mexico"],"_links":{"self":[{"href":"https:\/\/www.diarioimagen.net\/index.php?rest_route=\/wp\/v2\/posts\/664415","targetHints":{"allow":["GET"]}}],"collection":[{"href":"https:\/\/www.diarioimagen.net\/index.php?rest_route=\/wp\/v2\/posts"}],"about":[{"href":"https:\/\/www.diarioimagen.net\/index.php?rest_route=\/wp\/v2\/types\/post"}],"author":[{"embeddable":true,"href":"https:\/\/www.diarioimagen.net\/index.php?rest_route=\/wp\/v2\/users\/14"}],"replies":[{"embeddable":true,"href":"https:\/\/www.diarioimagen.net\/index.php?rest_route=%2Fwp%2Fv2%2Fcomments&post=664415"}],"version-history":[{"count":1,"href":"https:\/\/www.diarioimagen.net\/index.php?rest_route=\/wp\/v2\/posts\/664415\/revisions"}],"predecessor-version":[{"id":664417,"href":"https:\/\/www.diarioimagen.net\/index.php?rest_route=\/wp\/v2\/posts\/664415\/revisions\/664417"}],"wp:featuredmedia":[{"embeddable":true,"href":"https:\/\/www.diarioimagen.net\/index.php?rest_route=\/wp\/v2\/media\/664416"}],"wp:attachment":[{"href":"https:\/\/www.diarioimagen.net\/index.php?rest_route=%2Fwp%2Fv2%2Fmedia&parent=664415"}],"wp:term":[{"taxonomy":"category","embeddable":true,"href":"https:\/\/www.diarioimagen.net\/index.php?rest_route=%2Fwp%2Fv2%2Fcategories&post=664415"},{"taxonomy":"post_tag","embeddable":true,"href":"https:\/\/www.diarioimagen.net\/index.php?rest_route=%2Fwp%2Fv2%2Ftags&post=664415"}],"curies":[{"name":"wp","href":"https:\/\/api.w.org\/{rel}","templated":true}]}}