{"id":664423,"date":"2025-04-23T00:00:34","date_gmt":"2025-04-23T06:00:34","guid":{"rendered":"https:\/\/www.diarioimagen.net\/?p=664423"},"modified":"2025-04-22T19:49:32","modified_gmt":"2025-04-23T01:49:32","slug":"piden-70-anos-de-prision-a-quienes-asesinen-a-mujeres-trans-en-edomex","status":"publish","type":"post","link":"https:\/\/www.diarioimagen.net\/?p=664423","title":{"rendered":"Piden 70 a\u00f1os de prisi\u00f3n a quienes  asesinen a mujeres trans en Edomex"},"content":{"rendered":"<ul>\n<li><strong>Propuesta morenista en el Congreso estatal<\/strong><\/li>\n<\/ul>\n<div id=\"attachment_664424\" style=\"width: 401px\" class=\"wp-caption alignnone\"><img loading=\"lazy\" decoding=\"async\" aria-describedby=\"caption-attachment-664424\" class=\"wp-image-664424 size-large\" src=\"https:\/\/www.diarioimagen.net\/wp-content\/uploads\/2025\/04\/BAENA-3-ok-9-391x270.jpg\" alt=\"\" width=\"391\" height=\"270\" srcset=\"https:\/\/www.diarioimagen.net\/wp-content\/uploads\/2025\/04\/BAENA-3-ok-9-391x270.jpg 391w, https:\/\/www.diarioimagen.net\/wp-content\/uploads\/2025\/04\/BAENA-3-ok-9-240x166.jpg 240w, https:\/\/www.diarioimagen.net\/wp-content\/uploads\/2025\/04\/BAENA-3-ok-9-768x530.jpg 768w, https:\/\/www.diarioimagen.net\/wp-content\/uploads\/2025\/04\/BAENA-3-ok-9.jpg 1500w\" sizes=\"auto, (max-width: 391px) 100vw, 391px\" \/><p id=\"caption-attachment-664424\" class=\"wp-caption-text\">Luisa Esmeralda Navarro Hern\u00e1ndez reconoci\u00f3 que muchos asesinatos no se denuncian, porque no se reconoce a las v\u00edctimas como mujeres trans, pero tambi\u00e9n por miedo a venganzas de los agresores.<\/p><\/div>\n<p>Valle de M\u00e9xico.- De 2008 a 2023, en M\u00e9xico se registraron 701 asesinatos de mujeres trans y, a octubre de 2024, 55 casos de violencias transf\u00f3bicas (52 de ellos relacionados con este g\u00e9nero), expuso la diputade Luisa Esmeralda Navarro Hern\u00e1ndez, de Morena, por lo cual recalc\u00f3 la relevancia de su iniciativa que busca tipificar y sancionar el transfeminicidio con 70 a\u00f1os de c\u00e1rcel.<\/p>\n<p>&nbsp;<\/p>\n<p>&nbsp;<\/p>\n<p>En reuni\u00f3n de trabajo de la Comisi\u00f3n de Procuraci\u00f3n y Administraci\u00f3n de Justicia, de la LXII Legislatura mexiquense, presidida por la legisladora Emma Laura \u00c1lvarez Villavicencio (PAN), quien record\u00f3 que su bancada siempre estar\u00e1 a favor de la vida, Navarro Hern\u00e1ndez reconoci\u00f3 que otros casos no se denuncian, porque no se reconoce a las v\u00edctimas como mujeres trans, pero tambi\u00e9n por miedo a venganzas de los agresores.<\/p>\n<p>&nbsp;<\/p>\n<p>&nbsp;<\/p>\n<p>Tras se\u00f1alar que estas agresiones son \u201cuna de las formas m\u00e1s crueles de violencia estructural, simb\u00f3lica e institucional\u201d y que las mujeres trans tambi\u00e9n tienen derecho a una vida libre de violencia, puntualiz\u00f3 que actualmente estos asesinatos se persiguen como homicidios con agravante de g\u00e9nero, pero que es mejor considerarlos como lo que son para visibilizar estas violencias y combatirlas.<\/p>\n<p>&nbsp;<\/p>\n<p>&nbsp;<\/p>\n<p>Sobre la propuesta para reformar el C\u00f3digo Penal estatal, la parlamentaria Itzel Daniela Ballesteros Lule destac\u00f3 su importancia, porque nace desde dentro de una comunidad que enfrenta esta situaci\u00f3n persistentemente.<\/p>\n<p>&nbsp;<\/p>\n<p>&nbsp;<\/p>\n<p>Cabe se\u00f1alar que la iniciativa plantea que el sujeto activo perder\u00e1 todos los derechos en relaci\u00f3n con la v\u00edctima, incluidos los de car\u00e1cter sucesorio, y que el transfeminicidio se comete cuando, por razones de identidad o expresi\u00f3n de g\u00e9nero, se priva de la vida a una mujer trans o a una persona que se identifica como femenina o de las poblaciones LGBTTTIQ+ (Lesbianas, Gays, Bisexuales, Transg\u00e9nero, Travesti, Transexuales, Intersexual y Queer), en una intersecci\u00f3n de violencias transf\u00f3bica y mis\u00f3gina.<\/p>\n<p>&nbsp;<\/p>\n<p>&nbsp;<\/p>\n<p>&nbsp;<\/p>\n","protected":false},"excerpt":{"rendered":"<p>Propuesta morenista en el Congreso estatal Valle de M\u00e9xico.- De 2008 a 2023, en M\u00e9xico se registraron 701 asesinatos de mujeres trans y, a octubre de 2024, 55 casos de violencias transf\u00f3bicas (52 de ellos relacionados con este g\u00e9nero), expuso la diputade Luisa Esmeralda Navarro Hern\u00e1ndez, de Morena, por lo cual recalc\u00f3 la relevancia de [&hellip;]<\/p>\n","protected":false},"author":14,"featured_media":664424,"comment_status":"open","ping_status":"open","sticky":false,"template":"","format":"standard","meta":{"_monsterinsights_skip_tracking":false,"_monsterinsights_sitenote_active":false,"_monsterinsights_sitenote_note":"","_monsterinsights_sitenote_category":0,"footnotes":""},"categories":[5],"tags":[],"class_list":["post-664423","post","type-post","status-publish","format-standard","has-post-thumbnail","hentry","category-estado-de-mexico"],"_links":{"self":[{"href":"https:\/\/www.diarioimagen.net\/index.php?rest_route=\/wp\/v2\/posts\/664423","targetHints":{"allow":["GET"]}}],"collection":[{"href":"https:\/\/www.diarioimagen.net\/index.php?rest_route=\/wp\/v2\/posts"}],"about":[{"href":"https:\/\/www.diarioimagen.net\/index.php?rest_route=\/wp\/v2\/types\/post"}],"author":[{"embeddable":true,"href":"https:\/\/www.diarioimagen.net\/index.php?rest_route=\/wp\/v2\/users\/14"}],"replies":[{"embeddable":true,"href":"https:\/\/www.diarioimagen.net\/index.php?rest_route=%2Fwp%2Fv2%2Fcomments&post=664423"}],"version-history":[{"count":1,"href":"https:\/\/www.diarioimagen.net\/index.php?rest_route=\/wp\/v2\/posts\/664423\/revisions"}],"predecessor-version":[{"id":664425,"href":"https:\/\/www.diarioimagen.net\/index.php?rest_route=\/wp\/v2\/posts\/664423\/revisions\/664425"}],"wp:featuredmedia":[{"embeddable":true,"href":"https:\/\/www.diarioimagen.net\/index.php?rest_route=\/wp\/v2\/media\/664424"}],"wp:attachment":[{"href":"https:\/\/www.diarioimagen.net\/index.php?rest_route=%2Fwp%2Fv2%2Fmedia&parent=664423"}],"wp:term":[{"taxonomy":"category","embeddable":true,"href":"https:\/\/www.diarioimagen.net\/index.php?rest_route=%2Fwp%2Fv2%2Fcategories&post=664423"},{"taxonomy":"post_tag","embeddable":true,"href":"https:\/\/www.diarioimagen.net\/index.php?rest_route=%2Fwp%2Fv2%2Ftags&post=664423"}],"curies":[{"name":"wp","href":"https:\/\/api.w.org\/{rel}","templated":true}]}}