{"id":664614,"date":"2025-04-24T00:00:53","date_gmt":"2025-04-24T06:00:53","guid":{"rendered":"https:\/\/www.diarioimagen.net\/?p=664614"},"modified":"2025-04-23T20:50:17","modified_gmt":"2025-04-24T02:50:17","slug":"arranca-gem-inscripciones-a-programas-de-apoyo-al-campo","status":"publish","type":"post","link":"https:\/\/www.diarioimagen.net\/?p=664614","title":{"rendered":"\u00a0  Arranca GEM inscripciones a programas de apoyo al campo"},"content":{"rendered":"<ul>\n<li><strong>M\u00e1s de 4 mil agricultores acuden en el primer d\u00eda<\/strong><\/li>\n<\/ul>\n<p>&nbsp;<\/p>\n<p>&nbsp;<\/p>\n<div id=\"attachment_664615\" style=\"width: 370px\" class=\"wp-caption alignnone\"><img loading=\"lazy\" decoding=\"async\" aria-describedby=\"caption-attachment-664615\" class=\"wp-image-664615 size-large\" src=\"https:\/\/www.diarioimagen.net\/wp-content\/uploads\/2025\/04\/EDOMEX-2-ok-7-360x270.jpg\" alt=\"\" width=\"360\" height=\"270\" srcset=\"https:\/\/www.diarioimagen.net\/wp-content\/uploads\/2025\/04\/EDOMEX-2-ok-7-360x270.jpg 360w, https:\/\/www.diarioimagen.net\/wp-content\/uploads\/2025\/04\/EDOMEX-2-ok-7-240x180.jpg 240w, https:\/\/www.diarioimagen.net\/wp-content\/uploads\/2025\/04\/EDOMEX-2-ok-7-768x576.jpg 768w, https:\/\/www.diarioimagen.net\/wp-content\/uploads\/2025\/04\/EDOMEX-2-ok-7.jpg 1500w\" sizes=\"auto, (max-width: 360px) 100vw, 360px\" \/><p id=\"caption-attachment-664615\" class=\"wp-caption-text\">Inici\u00f3 la inscripci\u00f3n a los programas \u201cTransformando el Campo\u201d y \u201cPor el Rescate del Campo 2025\u201d, que impulsa el Gobierno de la Maestra Delfina G\u00f3mez \u00c1lvarez;<\/p><\/div>\n<p>&nbsp;<\/p>\n<p>&nbsp;<\/p>\n<p>Metepec, Estado de M\u00e9xico.\u2013 Con una alta participaci\u00f3n que super\u00f3 las 4 mil personas, inici\u00f3 la inscripci\u00f3n a los programas \u201cTransformando el Campo\u201d y \u201cPor el Rescate del Campo 2025\u201d, que impulsa el Gobierno de la Maestra Delfina G\u00f3mez \u00c1lvarez; a trav\u00e9s de \u00e9stos se otorgar\u00e1n subsidios para maquinaria, insumos agr\u00edcolas, herramientas, material gen\u00e9tico, entre otros apoyos, de acuerdo con las convocatorias disponibles en https:\/\/secampo.edomex.gob.mx\/<\/p>\n<p>&nbsp;<\/p>\n<p>De esta forma, la Secretar\u00eda del Campo (SeCampo) fortalecer\u00e1 a m\u00e1s de 20 mil unidades de producci\u00f3n agr\u00edcola, ganadera y acu\u00edcola, mediante apoyos directos en m\u00e1s de 100 conceptos, dise\u00f1ados a partir de las necesidades planteadas por las y los productores mexiquenses.<\/p>\n<p>&nbsp;<\/p>\n<p>&nbsp;<\/p>\n<p>&nbsp;<\/p>\n<p>Para garantizar una atenci\u00f3n cercana, ordenada y \u00e1gil, personal de oficinas centrales de la SeCampo se traslad\u00f3 a las 11 Delegaciones Regionales y reforz\u00f3 las brigadas en territorio, organizando la atenci\u00f3n en temas espec\u00edficos como infraestructura, desarrollo rural, maquinaria agr\u00edcola y comercializaci\u00f3n; as\u00ed como atenci\u00f3n a peque\u00f1os, medianos y grandes productores, y producci\u00f3n ganadera, pecuaria y acu\u00edcola.<\/p>\n<p>&nbsp;<\/p>\n<p>&nbsp;<\/p>\n<p>&nbsp;<\/p>\n<p>Las sedes de las Delegaciones Regionales se ubican en Atlacomulco, Jilotepec, Metepec, Valle de Bravo, Tejupilco, Tenancingo, Cuautitl\u00e1n Izcalli, Zumpango, Teotihuac\u00e1n, Texcoco y Amecameca; las direcciones se encuentran en: https:\/\/secampo.edomex.gob.mx\/ubicacion.<\/p>\n<p>&nbsp;<\/p>\n<p>&nbsp;<\/p>\n<p>&nbsp;<\/p>\n<p>El Gobierno del Estado de M\u00e9xico invita a las y los productores mexiquenses a acudir y aprovechar estos programas que buscan transformar y dignificar el campo mexiquense. Las ventanillas de atenci\u00f3n permanecer\u00e1n abiertas hasta el 28 de abril, de lunes a viernes, de 9:00 a 18:00 horas.<\/p>\n<p>&nbsp;<\/p>\n","protected":false},"excerpt":{"rendered":"<p>M\u00e1s de 4 mil agricultores acuden en el primer d\u00eda &nbsp; &nbsp; &nbsp; &nbsp; Metepec, Estado de M\u00e9xico.\u2013 Con una alta participaci\u00f3n que super\u00f3 las 4 mil personas, inici\u00f3 la inscripci\u00f3n a los programas \u201cTransformando el Campo\u201d y \u201cPor el Rescate del Campo 2025\u201d, que impulsa el Gobierno de la Maestra Delfina G\u00f3mez \u00c1lvarez; a [&hellip;]<\/p>\n","protected":false},"author":14,"featured_media":664615,"comment_status":"open","ping_status":"open","sticky":false,"template":"","format":"standard","meta":{"_monsterinsights_skip_tracking":false,"_monsterinsights_sitenote_active":false,"_monsterinsights_sitenote_note":"","_monsterinsights_sitenote_category":0,"footnotes":""},"categories":[5],"tags":[],"class_list":["post-664614","post","type-post","status-publish","format-standard","has-post-thumbnail","hentry","category-estado-de-mexico"],"_links":{"self":[{"href":"https:\/\/www.diarioimagen.net\/index.php?rest_route=\/wp\/v2\/posts\/664614","targetHints":{"allow":["GET"]}}],"collection":[{"href":"https:\/\/www.diarioimagen.net\/index.php?rest_route=\/wp\/v2\/posts"}],"about":[{"href":"https:\/\/www.diarioimagen.net\/index.php?rest_route=\/wp\/v2\/types\/post"}],"author":[{"embeddable":true,"href":"https:\/\/www.diarioimagen.net\/index.php?rest_route=\/wp\/v2\/users\/14"}],"replies":[{"embeddable":true,"href":"https:\/\/www.diarioimagen.net\/index.php?rest_route=%2Fwp%2Fv2%2Fcomments&post=664614"}],"version-history":[{"count":1,"href":"https:\/\/www.diarioimagen.net\/index.php?rest_route=\/wp\/v2\/posts\/664614\/revisions"}],"predecessor-version":[{"id":664616,"href":"https:\/\/www.diarioimagen.net\/index.php?rest_route=\/wp\/v2\/posts\/664614\/revisions\/664616"}],"wp:featuredmedia":[{"embeddable":true,"href":"https:\/\/www.diarioimagen.net\/index.php?rest_route=\/wp\/v2\/media\/664615"}],"wp:attachment":[{"href":"https:\/\/www.diarioimagen.net\/index.php?rest_route=%2Fwp%2Fv2%2Fmedia&parent=664614"}],"wp:term":[{"taxonomy":"category","embeddable":true,"href":"https:\/\/www.diarioimagen.net\/index.php?rest_route=%2Fwp%2Fv2%2Fcategories&post=664614"},{"taxonomy":"post_tag","embeddable":true,"href":"https:\/\/www.diarioimagen.net\/index.php?rest_route=%2Fwp%2Fv2%2Ftags&post=664614"}],"curies":[{"name":"wp","href":"https:\/\/api.w.org\/{rel}","templated":true}]}}