{"id":665091,"date":"2025-04-28T00:00:27","date_gmt":"2025-04-28T06:00:27","guid":{"rendered":"https:\/\/www.diarioimagen.net\/?p=665091"},"modified":"2025-04-27T20:55:43","modified_gmt":"2025-04-28T02:55:43","slug":"uaemex-preserva-la-historia-e-identidad-universitarias-con-capsulas-del-tiempo","status":"publish","type":"post","link":"https:\/\/www.diarioimagen.net\/?p=665091","title":{"rendered":"UAEM\u00e9x preserva la historia e identidad universitarias con c\u00e1psulas del tiempo"},"content":{"rendered":"<p>&nbsp;<\/p>\n<ul>\n<li>Se llev\u00f3 a cabo el dep\u00f3sito de art\u00edculos universitarios en la segunda c\u00e1psula del tiempo de la UAEM\u00e9x, la cual se abrir\u00e1 hasta abril de 2050.<\/li>\n<\/ul>\n<p>&nbsp;<\/p>\n<div id=\"attachment_665092\" style=\"width: 415px\" class=\"wp-caption alignnone\"><img loading=\"lazy\" decoding=\"async\" aria-describedby=\"caption-attachment-665092\" class=\"wp-image-665092 size-large\" src=\"https:\/\/www.diarioimagen.net\/wp-content\/uploads\/2025\/04\/UAEM-01-7-405x270.jpg\" alt=\"\" width=\"405\" height=\"270\" srcset=\"https:\/\/www.diarioimagen.net\/wp-content\/uploads\/2025\/04\/UAEM-01-7-405x270.jpg 405w, https:\/\/www.diarioimagen.net\/wp-content\/uploads\/2025\/04\/UAEM-01-7-240x160.jpg 240w, https:\/\/www.diarioimagen.net\/wp-content\/uploads\/2025\/04\/UAEM-01-7-768x512.jpg 768w, https:\/\/www.diarioimagen.net\/wp-content\/uploads\/2025\/04\/UAEM-01-7.jpg 1333w\" sizes=\"auto, (max-width: 405px) 100vw, 405px\" \/><p id=\"caption-attachment-665092\" class=\"wp-caption-text\">UAEM\u00e9x preserva la historia e identidad universitarias con c\u00e1psulas del tiempo<\/p><\/div>\n<p>*<strong>Toluca, M\u00e9x; 25 de abril de 2025.<\/strong>* A 25 a\u00f1os de la creaci\u00f3n de la c\u00e1psula del tiempo que preserv\u00f3 por primera vez la historia e identidad universitaria, la Universidad Aut\u00f3noma del Estado de M\u00e9xico (UAEM\u00e9x), sell\u00f3 la segunda c\u00e1psula que se abrir\u00e1 en abril del a\u00f1o 2050.<\/p>\n<p>En la Sala \u201cBenito Ju\u00e1rez Garc\u00eda\u201d del Edificio de Rector\u00eda, el rector de la UAEM\u00e9x y el ex rector de esta casa de estudios para el periodo 1997-2001 encabezaron la extracci\u00f3n del contenido de la primera c\u00e1psula del tiempo, depositada en el Patio de los Naranjos del Edificio de Rector\u00eda en la primavera del a\u00f1o 2000.<\/p>\n<p>Esta c\u00e1psula, elaborada hace un cuarto de siglo, se deposit\u00f3 en un entorno donde proliferaban mitos y temores alrededor de la llegada de un nuevo milenio, entre ellos, un llamado apocalipsis tecnol\u00f3gico y crisis en las comunicaciones y servicios financieros.<\/p>\n<p>Bajo este contexto, la comunidad universitaria se propuso preservar y transmitir la representaci\u00f3n respetuosa, materializada e idealizada de la M\u00e1xima Casa de Estudios mexiquense en una c\u00e1psula de tiempo, la cual contiene, en su interior, tres bolsas.<\/p>\n<p>En la primera, se encuentran el Plan de Desarrollo Institucional y el Plan Rector de la Administraci\u00f3n Universitaria 1997-2001, una copia de la ley creada por la UAEM\u00e9x, una copia de la partitura original del Himno Institucional, as\u00ed como una relaci\u00f3n de los historiadores y cronistas universitarios.<\/p>\n<p>En la segunda, una relaci\u00f3n de integrantes del H. Consejo Universitario, con fecha del 15 de octubre del 2000, as\u00ed con una colecci\u00f3n de fotograf\u00edas de recintos universitarios y testimonios de directores de los espacios acad\u00e9micos, mientras que en la tercera bolsa se encuentra un documento con el estudio t\u00e9cnico del Edificio de Rector\u00eda y otro del proyecto de renovaci\u00f3n del Aula Magna, fechados en el mismo a\u00f1o.<\/p>\n<p>Como parte de este hist\u00f3rico acto, se realiz\u00f3 el dep\u00f3sito de art\u00edculos en la segunda c\u00e1psula del tiempo, en la cual participaron representantes de: secretar\u00edas de Rector\u00eda, Docencia, Investigaci\u00f3n y Estudios Avanzados, Difusi\u00f3n Cultural, Finanzas, Administraci\u00f3n, Planeaci\u00f3n y Desarrollo Institucional; de las direcciones General de Comunicaci\u00f3n Universitaria,\u00a0 Transparencia Universitaria, Deporte y Cultura F\u00edsica, as\u00ed como del Contingente C\u00edvico y Deportivo Universitario, la mascota institucional, la secretaria particular de Rector\u00eda y el H. Consejo Universitario.<\/p>\n<p>Entre los objetos de esta segunda c\u00e1psula se encuentran: el Plan Rector de Desarrollo Institucional 2021-2025, escudo de la UAEM\u00e9x en placa de aluminio, letreros y pines \u201cSomos UAEM\u00e9x\u201d, fotograf\u00edas y tarjetas de la comunidad y Gabinete Universitario, revista \u201cC\u00e1psula del tiempo 2025-2050, a 25 a\u00f1os en la l\u00ednea del tiempo\u201d, una copia del reconocimiento otorgado por los Comit\u00e9s Interinstitucionales para la Evaluaci\u00f3n de la Educaci\u00f3n Superior (CIEES), monedas y billetes actuales, y pines del Sistema Nacional de Investigadoras e Investigadores (SNII).<\/p>\n<p>Asimismo, se colocaron fotograf\u00edas de la restauraci\u00f3n del mural \u201cAratm\u00f3sfera\u201d, r\u00e9plica del monumento a Ignacio Manuel Altamirano con biograf\u00eda, cuatro folders de cada informe de la actual administraci\u00f3n, logros y logotipos de medios de comunicaci\u00f3n institucionales, memoria USB con videos, medalla de primer lugar y camiseta representativa de deporte, insignias de integrantes del Contingente Universitario, figuras de \u201cKuako\u201d, y reconocimiento a la UAEM\u00e9x que por 4\u00ba a\u00f1o consecutivo cumpli\u00f3 el 100 por ciento de las obligaciones con la transparencia y rendici\u00f3n de cuentas.<\/p>\n<p>La alumna consejera universitaria de la Facultad de Humanidades, Fabiola Ortega Trujillo, dio lectura a textos y cartas testimoniales de la primera c\u00e1psula del tiempo, donde la comunidad universitaria expres\u00f3 sus deseos para el futuro de una universidad firme, consolidada y enaltecida.<\/p>\n<p>Todos los art\u00edculos extra\u00eddos de la primera c\u00e1psula del tiempo de la UAEM\u00e9x estar\u00e1n bajo resguardo de la Secretar\u00eda de Difusi\u00f3n Cultural y formar\u00e1n parte del Museo de Historia Universitaria \u201cJos\u00e9 Mar\u00eda Morelos y Pav\u00f3n\u201d.<\/p>\n<p>Al acto asistieron integrantes del Gabinete Universitario, del Colegio de Directores y del H. Consejo Universitario, as\u00ed como la comunidad verde y oro.<\/p>\n<p>&nbsp;<\/p>\n<p>&nbsp;<\/p>\n<p>&nbsp;<\/p>\n","protected":false},"excerpt":{"rendered":"<p>&nbsp; Se llev\u00f3 a cabo el dep\u00f3sito de art\u00edculos universitarios en la segunda c\u00e1psula del tiempo de la UAEM\u00e9x, la cual se abrir\u00e1 hasta abril de 2050. &nbsp; *Toluca, M\u00e9x; 25 de abril de 2025.* A 25 a\u00f1os de la creaci\u00f3n de la c\u00e1psula del tiempo que preserv\u00f3 por primera vez la historia e identidad [&hellip;]<\/p>\n","protected":false},"author":14,"featured_media":665092,"comment_status":"open","ping_status":"open","sticky":false,"template":"","format":"standard","meta":{"_monsterinsights_skip_tracking":false,"_monsterinsights_sitenote_active":false,"_monsterinsights_sitenote_note":"","_monsterinsights_sitenote_category":0,"footnotes":""},"categories":[17,5],"tags":[],"class_list":["post-665091","post","type-post","status-publish","format-standard","has-post-thumbnail","hentry","category-especiales","category-estado-de-mexico"],"_links":{"self":[{"href":"https:\/\/www.diarioimagen.net\/index.php?rest_route=\/wp\/v2\/posts\/665091","targetHints":{"allow":["GET"]}}],"collection":[{"href":"https:\/\/www.diarioimagen.net\/index.php?rest_route=\/wp\/v2\/posts"}],"about":[{"href":"https:\/\/www.diarioimagen.net\/index.php?rest_route=\/wp\/v2\/types\/post"}],"author":[{"embeddable":true,"href":"https:\/\/www.diarioimagen.net\/index.php?rest_route=\/wp\/v2\/users\/14"}],"replies":[{"embeddable":true,"href":"https:\/\/www.diarioimagen.net\/index.php?rest_route=%2Fwp%2Fv2%2Fcomments&post=665091"}],"version-history":[{"count":1,"href":"https:\/\/www.diarioimagen.net\/index.php?rest_route=\/wp\/v2\/posts\/665091\/revisions"}],"predecessor-version":[{"id":665093,"href":"https:\/\/www.diarioimagen.net\/index.php?rest_route=\/wp\/v2\/posts\/665091\/revisions\/665093"}],"wp:featuredmedia":[{"embeddable":true,"href":"https:\/\/www.diarioimagen.net\/index.php?rest_route=\/wp\/v2\/media\/665092"}],"wp:attachment":[{"href":"https:\/\/www.diarioimagen.net\/index.php?rest_route=%2Fwp%2Fv2%2Fmedia&parent=665091"}],"wp:term":[{"taxonomy":"category","embeddable":true,"href":"https:\/\/www.diarioimagen.net\/index.php?rest_route=%2Fwp%2Fv2%2Fcategories&post=665091"},{"taxonomy":"post_tag","embeddable":true,"href":"https:\/\/www.diarioimagen.net\/index.php?rest_route=%2Fwp%2Fv2%2Ftags&post=665091"}],"curies":[{"name":"wp","href":"https:\/\/api.w.org\/{rel}","templated":true}]}}