{"id":665161,"date":"2025-04-29T00:00:04","date_gmt":"2025-04-29T06:00:04","guid":{"rendered":"https:\/\/www.diarioimagen.net\/?p=665161"},"modified":"2025-04-28T19:42:22","modified_gmt":"2025-04-29T01:42:22","slug":"caravanas-por-la-justicia-social-incorporan-juzgados-itinerantes","status":"publish","type":"post","link":"https:\/\/www.diarioimagen.net\/?p=665161","title":{"rendered":"Caravanas por la Justicia Social incorporan Juzgados Itinerantes"},"content":{"rendered":"<p>&nbsp;<\/p>\n<ul>\n<li><strong>Con 10 nuevos servicios y tr\u00e1mites judiciales<\/strong><\/li>\n<\/ul>\n<p><strong>\u00a0<\/strong><\/p>\n<div id=\"attachment_665162\" style=\"width: 415px\" class=\"wp-caption alignnone\"><img loading=\"lazy\" decoding=\"async\" aria-describedby=\"caption-attachment-665162\" class=\"wp-image-665162 size-large\" src=\"https:\/\/www.diarioimagen.net\/wp-content\/uploads\/2025\/04\/EDOMEX-2-ok-10-405x270.jpg\" alt=\"\" width=\"405\" height=\"270\" srcset=\"https:\/\/www.diarioimagen.net\/wp-content\/uploads\/2025\/04\/EDOMEX-2-ok-10-405x270.jpg 405w, https:\/\/www.diarioimagen.net\/wp-content\/uploads\/2025\/04\/EDOMEX-2-ok-10-240x160.jpg 240w, https:\/\/www.diarioimagen.net\/wp-content\/uploads\/2025\/04\/EDOMEX-2-ok-10-768x511.jpg 768w, https:\/\/www.diarioimagen.net\/wp-content\/uploads\/2025\/04\/EDOMEX-2-ok-10.jpg 1500w\" sizes=\"auto, (max-width: 405px) 100vw, 405px\" \/><p id=\"caption-attachment-665162\" class=\"wp-caption-text\">El gobierno de Delfina G\u00f3mez \u00c1lvarez fortalece el acceso a derechos en comunidades vulnerables con las Caravanas por la Justicia Social y ofrece a las familias la posibilidad de resolver tr\u00e1mites jur\u00eddicos y sociales en un solo d\u00eda.<\/p><\/div>\n<p>&nbsp;<\/p>\n<p>Melchor Ocampo, Estado de M\u00e9xico.- Las Caravanas Itinerantes por la Justicia Social, proyecto prioritario de la Gobernadora Delfina G\u00f3mez \u00c1lvarez, ampl\u00edan de 115 a 125 el n\u00famero de tr\u00e1mites y servicios gratuitos o con descuento que acerca a las comunidades vulnerables, gracias a 10 servicios adicionales que otorgar\u00e1 el Poder Judicial del Estado de M\u00e9xico (PJEM) en estas jornadas.<\/p>\n<p>Jes\u00fas George Zamora, Consejero Jur\u00eddico del Estado de M\u00e9xico inform\u00f3 que a este esfuerzo se suma el PJEM, mediante un Juzgado Itinerante que incorpora 10 nuevos servicios, entre ellos: juicios en l\u00ednea, audiencias orales, mediaci\u00f3n, conciliaci\u00f3n y ratificaci\u00f3n de convenios, lo que permite resolver asuntos jur\u00eddicos en un solo d\u00eda, sin necesidad de acudir a las sedes judiciales.<\/p>\n<p>\u201cQue se incorpora con estos 10 tr\u00e1mites y servicios adicionales el Poder Judicial del Estado de M\u00e9xico, estamos tambi\u00e9n reforzando esa visi\u00f3n gubernamental de nuestra querida Maestra Delfina G\u00f3mez, por qu\u00e9, porque ahora adem\u00e1s estamos haciendo los tr\u00e1mites de servicios jur\u00eddicos m\u00e1s apremiantes tambi\u00e9n aqu\u00ed con los juzgados itinerantes, estamos cumpliendo y cerrando el c\u00edrculo de un verdadero acceso a la justicia, y quiero reconocer todo el apoyo y disposici\u00f3n del Poder Judicial del Estado de M\u00e9xico para que se incorporen en estas Caravanas\u201d, expres\u00f3 Jes\u00fas George Zamora.<\/p>\n<p>Durante el arranque de la jornada en Melchor Ocampo, el Magistrado Presidente del PJEM, Fernando D\u00edaz Ju\u00e1rez refrend\u00f3 su compromiso social y destac\u00f3 que, a trav\u00e9s del Juzgado Itinerante, tambi\u00e9n se atienden tr\u00e1mites como demandas por violencia familiar, procedimientos sobre identidad de persona, juicios de desahucio y rectificaci\u00f3n de actas, evitando traslados y costos para las familias.<\/p>\n<p>\u201cCon enorme emoci\u00f3n y compromiso social celebramos esta suma de voluntades para servir al pueblo. Las y los servidores judiciales estamos obligados a recuperar la confianza ciudadana. Tenemos que acercarnos a ustedes, mirar a los sectores hist\u00f3ricamente desprotegidos, porque la justicia no puede seguir siendo privilegio de unos cuantos; debe ser un derecho de todas y todos los mexiquenses\u201d, enfatiz\u00f3 Fernando D\u00edaz Ju\u00e1rez.<\/p>\n<p>En tanto, la Presidenta Municipal de Melchor Ocampo, Victoria V\u00edquez Vega reconoci\u00f3 el compromiso de las m\u00e1s de 140 servidoras y servidores p\u00fablicos que integran esta iniciativa e invit\u00f3 a la comunidad a acercarse y aprovechar los servicios gratuitos o con grandes descuentos que El Poder de Servir lleva a los municipios m\u00e1s alejados de los Centros Administrativos.<\/p>\n<p>Desde su puesta en marcha, el 31 de enero de 2024, las Caravanas Itinerantes por la Justicia Social han otorgado m\u00e1s de 395 mil tr\u00e1mites y servicios, con un impacto directo en 145 mil familias y un ahorro total de 122.6 millones de pesos, resultado de servicios gratuitos, descuentos y la eliminaci\u00f3n de costos por transporte y alimentaci\u00f3n.<\/p>\n<p>Este esfuerzo continuar\u00e1 su recorrido por el Estado de M\u00e9xico, hasta ahora, ha visitado 118 municipios, con justicia y bienestar en las comunidades que m\u00e1s lo requieren. Para conocer las pr\u00f3ximas sedes, consulta caravanas.edomex.gob.mx<\/p>\n<p>&nbsp;<\/p>\n","protected":false},"excerpt":{"rendered":"<p>&nbsp; Con 10 nuevos servicios y tr\u00e1mites judiciales \u00a0 &nbsp; Melchor Ocampo, Estado de M\u00e9xico.- Las Caravanas Itinerantes por la Justicia Social, proyecto prioritario de la Gobernadora Delfina G\u00f3mez \u00c1lvarez, ampl\u00edan de 115 a 125 el n\u00famero de tr\u00e1mites y servicios gratuitos o con descuento que acerca a las comunidades vulnerables, gracias a 10 servicios [&hellip;]<\/p>\n","protected":false},"author":14,"featured_media":665162,"comment_status":"open","ping_status":"open","sticky":false,"template":"","format":"standard","meta":{"_monsterinsights_skip_tracking":false,"_monsterinsights_sitenote_active":false,"_monsterinsights_sitenote_note":"","_monsterinsights_sitenote_category":0,"footnotes":""},"categories":[5],"tags":[],"class_list":["post-665161","post","type-post","status-publish","format-standard","has-post-thumbnail","hentry","category-estado-de-mexico"],"_links":{"self":[{"href":"https:\/\/www.diarioimagen.net\/index.php?rest_route=\/wp\/v2\/posts\/665161","targetHints":{"allow":["GET"]}}],"collection":[{"href":"https:\/\/www.diarioimagen.net\/index.php?rest_route=\/wp\/v2\/posts"}],"about":[{"href":"https:\/\/www.diarioimagen.net\/index.php?rest_route=\/wp\/v2\/types\/post"}],"author":[{"embeddable":true,"href":"https:\/\/www.diarioimagen.net\/index.php?rest_route=\/wp\/v2\/users\/14"}],"replies":[{"embeddable":true,"href":"https:\/\/www.diarioimagen.net\/index.php?rest_route=%2Fwp%2Fv2%2Fcomments&post=665161"}],"version-history":[{"count":1,"href":"https:\/\/www.diarioimagen.net\/index.php?rest_route=\/wp\/v2\/posts\/665161\/revisions"}],"predecessor-version":[{"id":665163,"href":"https:\/\/www.diarioimagen.net\/index.php?rest_route=\/wp\/v2\/posts\/665161\/revisions\/665163"}],"wp:featuredmedia":[{"embeddable":true,"href":"https:\/\/www.diarioimagen.net\/index.php?rest_route=\/wp\/v2\/media\/665162"}],"wp:attachment":[{"href":"https:\/\/www.diarioimagen.net\/index.php?rest_route=%2Fwp%2Fv2%2Fmedia&parent=665161"}],"wp:term":[{"taxonomy":"category","embeddable":true,"href":"https:\/\/www.diarioimagen.net\/index.php?rest_route=%2Fwp%2Fv2%2Fcategories&post=665161"},{"taxonomy":"post_tag","embeddable":true,"href":"https:\/\/www.diarioimagen.net\/index.php?rest_route=%2Fwp%2Fv2%2Ftags&post=665161"}],"curies":[{"name":"wp","href":"https:\/\/api.w.org\/{rel}","templated":true}]}}