{"id":665185,"date":"2025-04-29T00:00:53","date_gmt":"2025-04-29T06:00:53","guid":{"rendered":"https:\/\/www.diarioimagen.net\/?p=665185"},"modified":"2025-04-28T20:03:52","modified_gmt":"2025-04-29T02:03:52","slug":"la-escritora-raquel-castro-propone-un-nuevo-modelo-de-fomento-a-la-lectura","status":"publish","type":"post","link":"https:\/\/www.diarioimagen.net\/?p=665185","title":{"rendered":"La escritora Raquel Castro propone un nuevo modelo de fomento a la lectura"},"content":{"rendered":"<p><strong>\u00a0<\/strong><\/p>\n<ul>\n<li><strong>La literatura expande horizontes, fortalece la empat\u00eda e influye de manera positiva en las personas<\/strong><\/li>\n<\/ul>\n<div id=\"attachment_665186\" style=\"width: 470px\" class=\"wp-caption alignnone\"><img loading=\"lazy\" decoding=\"async\" aria-describedby=\"caption-attachment-665186\" class=\"wp-image-665186 size-large\" src=\"https:\/\/www.diarioimagen.net\/wp-content\/uploads\/2025\/04\/UAEM-2-7-460x259.jpg\" alt=\"\" width=\"460\" height=\"259\" srcset=\"https:\/\/www.diarioimagen.net\/wp-content\/uploads\/2025\/04\/UAEM-2-7-460x259.jpg 460w, https:\/\/www.diarioimagen.net\/wp-content\/uploads\/2025\/04\/UAEM-2-7-240x135.jpg 240w, https:\/\/www.diarioimagen.net\/wp-content\/uploads\/2025\/04\/UAEM-2-7-768x432.jpg 768w, https:\/\/www.diarioimagen.net\/wp-content\/uploads\/2025\/04\/UAEM-2-7-480x270.jpg 480w, https:\/\/www.diarioimagen.net\/wp-content\/uploads\/2025\/04\/UAEM-2-7-235x132.jpg 235w, https:\/\/www.diarioimagen.net\/wp-content\/uploads\/2025\/04\/UAEM-2-7-202x114.jpg 202w, https:\/\/www.diarioimagen.net\/wp-content\/uploads\/2025\/04\/UAEM-2-7-350x196.jpg 350w, https:\/\/www.diarioimagen.net\/wp-content\/uploads\/2025\/04\/UAEM-2-7-220x123.jpg 220w, https:\/\/www.diarioimagen.net\/wp-content\/uploads\/2025\/04\/UAEM-2-7-237x132.jpg 237w, https:\/\/www.diarioimagen.net\/wp-content\/uploads\/2025\/04\/UAEM-2-7.jpg 1333w\" sizes=\"auto, (max-width: 460px) 100vw, 460px\" \/><p id=\"caption-attachment-665186\" class=\"wp-caption-text\">La escritora y periodista Raquel Castro cuenta, en la revista Universitaria, c\u00f3mo descubri\u00f3 la literatura, la edici\u00f3n literaria, la producci\u00f3n digital y la importancia de la lectura entre la juventud.<\/p><\/div>\n<p>Toluca, M\u00e9x.- En el marco del mes de la lectura, la escritora y periodista Raquel Castro cuenta, en la revista Universitaria, c\u00f3mo descubri\u00f3 la literatura, la edici\u00f3n literaria, la producci\u00f3n digital y la importancia de la lectura entre la juventud.<\/p>\n<p>La pasi\u00f3n de Raquel por las letras naci\u00f3 desde la infancia. No concibe un hogar sin libros. Cuando creci\u00f3, eligi\u00f3 el camino del periodismo, donde encontr\u00f3 un especial inter\u00e9s por la elaboraci\u00f3n de guiones y dice que fue hasta 2010 que vio sus creaciones como algo m\u00e1s que un hobby.<\/p>\n<p>Las protagonistas de sus textos permiten a las lectoras identificarse y \u201cque los lectores sepan que el lugar de la mujer no es solo el de un personaje secundario en la vida de un hombre\u201d. Sobre El coraz\u00f3n de la V\u00eda L\u00e1ctea comenta que trata de una adolescente que decide entrar a la academia militar para encontrar a su madre perdida en acci\u00f3n; es una historia de b\u00fasqueda y descubrimiento interior.<\/p>\n<p>Su edici\u00f3n como podcast de ciencia ficci\u00f3n juvenil inici\u00f3 con una propuesta de Elena Baz\u00e1n y se produjo en el estudio Chicas Ruidosas el a\u00f1o pasado, con el apoyo de su colega y compa\u00f1ero de vida Alberto Chimal. Para esta autora mexicana cada formato tiene sus ventajas y depende de las preferencias individuales, por lo cual no habr\u00eda que encasillarse en uno solo.<\/p>\n<p>En cuanto al fomento de la lectura en el pa\u00eds, Raquel Castro opina que las estrategias de difusi\u00f3n no son adecuadas y deber\u00edan estar en manos de personas que disfruten de esta actividad, pues no se trata de obligar sino de crear lugares amigables que brinden a los estudiantes la confianza y la libertad de elegir ese espacio para descubrir todo tipo de lecturas, desde cl\u00e1sicos hasta \u00e9xitos de Wattpad.<\/p>\n<p>Y a quienes desean iniciarse en la escritura les advierte que es un proceso de mucha pr\u00e1ctica y tiempo, porque cualquier idea puede modificarse y corregirse. Leer de todo, escribir e inventar historias, concluye, no es propio de un sector, cualquiera puede hacerlo, mejorarlo y disfrutarlo.<\/p>\n<p>&nbsp;<\/p>\n<p>&nbsp;<\/p>\n<p>&nbsp;<\/p>\n<p>&nbsp;<\/p>\n<p>&nbsp;<\/p>\n","protected":false},"excerpt":{"rendered":"<p>\u00a0 La literatura expande horizontes, fortalece la empat\u00eda e influye de manera positiva en las personas Toluca, M\u00e9x.- En el marco del mes de la lectura, la escritora y periodista Raquel Castro cuenta, en la revista Universitaria, c\u00f3mo descubri\u00f3 la literatura, la edici\u00f3n literaria, la producci\u00f3n digital y la importancia de la lectura entre la [&hellip;]<\/p>\n","protected":false},"author":14,"featured_media":665186,"comment_status":"open","ping_status":"open","sticky":false,"template":"","format":"standard","meta":{"_monsterinsights_skip_tracking":false,"_monsterinsights_sitenote_active":false,"_monsterinsights_sitenote_note":"","_monsterinsights_sitenote_category":0,"footnotes":""},"categories":[16,5],"tags":[],"class_list":["post-665185","post","type-post","status-publish","format-standard","has-post-thumbnail","hentry","category-destacadas","category-estado-de-mexico"],"_links":{"self":[{"href":"https:\/\/www.diarioimagen.net\/index.php?rest_route=\/wp\/v2\/posts\/665185","targetHints":{"allow":["GET"]}}],"collection":[{"href":"https:\/\/www.diarioimagen.net\/index.php?rest_route=\/wp\/v2\/posts"}],"about":[{"href":"https:\/\/www.diarioimagen.net\/index.php?rest_route=\/wp\/v2\/types\/post"}],"author":[{"embeddable":true,"href":"https:\/\/www.diarioimagen.net\/index.php?rest_route=\/wp\/v2\/users\/14"}],"replies":[{"embeddable":true,"href":"https:\/\/www.diarioimagen.net\/index.php?rest_route=%2Fwp%2Fv2%2Fcomments&post=665185"}],"version-history":[{"count":1,"href":"https:\/\/www.diarioimagen.net\/index.php?rest_route=\/wp\/v2\/posts\/665185\/revisions"}],"predecessor-version":[{"id":665187,"href":"https:\/\/www.diarioimagen.net\/index.php?rest_route=\/wp\/v2\/posts\/665185\/revisions\/665187"}],"wp:featuredmedia":[{"embeddable":true,"href":"https:\/\/www.diarioimagen.net\/index.php?rest_route=\/wp\/v2\/media\/665186"}],"wp:attachment":[{"href":"https:\/\/www.diarioimagen.net\/index.php?rest_route=%2Fwp%2Fv2%2Fmedia&parent=665185"}],"wp:term":[{"taxonomy":"category","embeddable":true,"href":"https:\/\/www.diarioimagen.net\/index.php?rest_route=%2Fwp%2Fv2%2Fcategories&post=665185"},{"taxonomy":"post_tag","embeddable":true,"href":"https:\/\/www.diarioimagen.net\/index.php?rest_route=%2Fwp%2Fv2%2Ftags&post=665185"}],"curies":[{"name":"wp","href":"https:\/\/api.w.org\/{rel}","templated":true}]}}