{"id":665295,"date":"2025-04-30T00:00:54","date_gmt":"2025-04-30T06:00:54","guid":{"rendered":"https:\/\/www.diarioimagen.net\/?p=665295"},"modified":"2025-04-29T18:53:56","modified_gmt":"2025-04-30T00:53:56","slug":"presencia-de-cancun-en-el-tianguis-turistico-2025","status":"publish","type":"post","link":"https:\/\/www.diarioimagen.net\/?p=665295","title":{"rendered":"Presencia de Canc\u00fan en el Tianguis Tur\u00edstico 2025"},"content":{"rendered":"<p><strong>HORA 14\u00a0 <\/strong><strong>Mauricio Conde Olivares<\/strong><\/p>\n<p>Canc\u00fan destaca entre los diez destinos m\u00e1s visitados del mundo, en el primer d\u00eda de actividades, la Presidenta Municipal, Ana Paty Peralta, particip\u00f3 en la ceremonia de inauguraci\u00f3n, corte de list\u00f3n y recorrido oficial de apertura de la 49\u00aa Edici\u00f3n del Tianguis Tur\u00edstico de M\u00e9xico 2025, que se realiza del 28 de abril al 1\u00b0 de mayo, un escaparate que albergar\u00e1 la riqueza cultural, art\u00edstica y gastron\u00f3mica de los 32 estados de la Rep\u00fablica Mexicana.<\/p>\n<p>En entrevistas durante los eventos oficiales, la Primera Autoridad Municipal celebr\u00f3 que dicho espacio contemple la asistencia diaria de m\u00e1s de 10 mil personas, as\u00ed como con la presencia de 44 pa\u00edses y de la asistencia de 3 mil 216 expositores de mil 259 empresas, mil 700 compradores de mil 154 empresas que generar\u00e1n alrededor de 75 mil citas de negocios.<\/p>\n<p>Al promocionar Canc\u00fan, agreg\u00f3 que se abonar\u00e1 a mantener y mejorar las cifras de ocupaci\u00f3n hotelera, que en la reciente Semana Santa que apenas concluy\u00f3 sumaron 81.6 por ciento, con 210 hoteles y hasta 45 mil 679 cuartos de hotel.<\/p>\n<p>\u201cCanc\u00fan est\u00e1 presente en este tianguis, con una agenda muy completa para seguir diversificando la oferta tur\u00edstica, tendremos el seguimiento con el hermanamiento de Ensenada, reuniones con operadores tur\u00edsticos, con aerol\u00edneas y grandes sorpresas\u201d, coment\u00f3.<\/p>\n<p>Ana Paty Peralta destac\u00f3 que tambi\u00e9n el destino sigue estando dentro de los primeros 10 sitios preferidos a nivel mundial, con una proyecci\u00f3n de m\u00e1s de 7.7 millones de visitantes en este 2025, con una derrama econ\u00f3mica de m\u00e1s de 6.6 millones de d\u00f3lares, dado que se considera una estad\u00eda promedio de los viajeros de 6.1 d\u00edas con un gasto promedio de mil 166 d\u00f3lares por cada uno.<\/p>\n<p>Afirm\u00f3 que adem\u00e1s el turismo para Canc\u00fan es la principal fuente de empleo directo para miles de cancunenses, como es a trav\u00e9s de los hoteles o restaurantes, o indirecto, en el caso de quienes ofrecen transporte, servicios o productos en el comercio local, por ello se sigue impulsando y promocionando en todos los escenarios posibles a nivel nacional e internacional.<\/p>\n<p>Durante la ceremonia inaugural, la secretaria de Turismo del Gobierno de M\u00e9xico, Josefina Rodr\u00edguez Zamora, resalt\u00f3 que este ser\u00e1 el primer tianguis binacional, ya que por primera ocasi\u00f3n se llevar\u00e1n parte de las actividades a la frontera, a la ciudad hermana de San Diego, para que vivan sus or\u00edgenes, sus ra\u00edces y la grandeza de M\u00e9xico, porque el turismo une a pa\u00edses y sus pueblos<\/p>\n<p>Como parte de las primeras acciones para forjar alianzas estrat\u00e9gicas y abrir puertas a nuevas oportunidades que impulsen a\u00fan m\u00e1s el \u00e9xito de Canc\u00fan, la Presidenta Municipal de Benito Ju\u00e1rez se reuni\u00f3 con el presidente de Provino Baja California, Wenceslao Mart\u00ednez Pay\u00e1n, y su mesa directiva, para trabajar en sinergia y realizar en Canc\u00fan un evento con los mejores vinos de M\u00e9xico que se producen en el Valle de Guadalupe.<\/p>\n<p>Resalt\u00f3 que dicha asociaci\u00f3n civil durante 33 a\u00f1os, ha tejido una red de 84 vin\u00edcolas para impulsar la cultura de la regi\u00f3n, por lo que se har\u00e1 en el destino caribe\u00f1o un encuentro similar al que realizan llamado \u201cConcurso de Paellas\u201d, para seguir diversificando la oferta tur\u00edstica con un festival gastron\u00f3mico o vin\u00edcola<\/p>\n<p>De igual forma, Ana Paty Peralta recibi\u00f3 de Tur\u00edstikTV el premio a la innovaci\u00f3n, a lo mejor y a la excelencia en dicho ramo, el cual agradeci\u00f3 a nombre de las y los cancunenses que todos los d\u00edas se levantan con todo el \u00e1nimo para dar el mejor servicio con calidad y calidez, no solo de M\u00e9xico, sino del mundo, en beneficio de millones de visitantes que se reciben a\u00f1o con a\u00f1o.<\/p>\n<p>Ahora, le comento que la Organizaci\u00f3n Internacional del Trabajo (OIT) marc\u00f3 el 28 de abril como el\u00a0<strong>D\u00eda Mundial de la Seguridad y Salud en el Trabajo,<\/strong>\u00a0con el objetivo de concientizar sobre la prevenci\u00f3n de accidentes y enfermedades en el ambiente laboral. Entre los problemas m\u00e1s recurrentes est\u00e1n las lesiones ortop\u00e9dicas relacionadas con malas posturas e inactividad prolongada, que afectan tanto la productividad como la calidad de vida de las personas en edades productivas.<\/p>\n<p>Por ello, el Centro M\u00e9dico ABC destac\u00f3 que en la actualidad hay una gran cantidad de consultas de adultos j\u00f3venes afectados por dolor lumbar, que en su mayor\u00eda es causado por mantener de manera prolongada posturas incorrectas o por no realizar pausas activas por m\u00e1s de hora y media a lo largo de las jornadas laborales. Esto puede da\u00f1ar o alterarlas estructuras corporales como los ligamentos, articulaciones y, en casos extremos, los huesos de la columna vertebral.<\/p>\n<p>&nbsp;<\/p>\n<p>El dolor lumbar es una de las causas m\u00e1s recurrentes para asistir a consultas ortop\u00e9dicas; aunque su origen puede estar relacionado con m\u00faltiples condiciones como la edad, el tipo de trabajo que desempe\u00f1a la persona, la inactividad f\u00edsica, el sobrepeso u obesidad y hasta el g\u00e9nero, ya que existe una mayor prevalencia en las mujeres.<\/p>\n<p>&nbsp;<\/p>\n<p>Por otra parte, la Organizaci\u00f3n Mundial de la Salud (OMS) revela que la inactividad f\u00edsica es uno de los principales factores de riesgo de mortalidad por enfermedades no transmisibles. El t\u00e9rmino \u201cf\u00edsicamente inactivos\u201d hace referencia a aquellas personas que no cumplen con las recomendaciones mundiales de practicar actividad f\u00edsica de nivel moderado durante 150 minutos por semana.<\/p>\n<p>&nbsp;<\/p>\n<p>La inactividad f\u00edsica se asocia con un mayor riesgo de mortalidad, entre un 20 y 30%, en comparaci\u00f3n con personas que s\u00ed cumplen este requerimiento y que se ve directamente relacionado con enfermedades cr\u00f3nicas como problemas cardiovasculares o diabetes tipo 2, por citar algunos ejemplos.<\/p>\n<p>&nbsp;<\/p>\n<p><strong>Recomendaciones para prevenir lesiones posturales<\/strong><\/p>\n<p>&nbsp;<\/p>\n<p>M\u00e9dicos especialistas en Rehabilitaci\u00f3n F\u00edsica de Centro M\u00e9dico ABC promueven una serie de recomendaciones, las cuales pueden ayudar a prevenir lesiones ortop\u00e9dicas en el trabajo, lo que se traduce en evitar dolores cr\u00f3nicos y trastornos musculoesquel\u00e9ticos; adem\u00e1s de mejorar el bienestar general y la productividad laboral.<\/p>\n<p>&nbsp;<\/p>\n<ul>\n<li><strong> \u00a0 Pausas activas:<\/strong>\u00a0son peque\u00f1os descansos que se emplean para mover el cuello, hombros, brazos y piernas. Esto evitar\u00e1 que mantengas una postura inm\u00f3vil por horas y mejorar\u00e1 el flujo sangu\u00edneo, lo que adem\u00e1s optimiza la oxigenaci\u00f3n al cerebro.<\/li>\n<li><strong> \u00a0 Ergonom\u00eda:<\/strong>\u00a0considera adaptar tus instrumentos de trabajo, como la silla o el monitor, para tener un mejor soporte y mayor comodidad en tu espalda. Considera que la pantalla de tu computadora debe estar a la altura de tus ojos, ambos brazos deben estar descansados en el escritorio y los pies deben estar descansando en el suelo sin colgar.<\/li>\n<\/ul>\n<p>&nbsp;<\/p>\n<ul>\n<li><strong> \u00a0 \u00a0Estilo de vida saludable:<\/strong>\u00a0m\u00e1s all\u00e1 de la postura y de las pausas activas, llevar un estilo de vida saludable marca la diferencia. Seguir una dieta balanceada y realizar ejercicio, como caminar o nadar, ayuda a mejorar la salud de tus m\u00fasculos y ligamentos, que te beneficiar\u00e1 en gran medida.<\/li>\n<\/ul>\n<p>&nbsp;<\/p>\n<p>De acuerdo con el\u00a0<strong>\u201cPlan de acci\u00f3n mundial sobre actividad f\u00edsica 2018-2030\u201d<em>\u00a0<\/em><\/strong>de la OMS, los beneficios de la actividad f\u00edsica van desde contribuir a un aumento de la productividad hasta reducir el \u00edndice de lesiones, lo que se traduce en menores niveles de ausentismo laboral.<\/p>\n<p>&nbsp;<\/p>\n<p>Tambi\u00e9n, le comento que en el \u00e1rea de Medicina F\u00edsica y Rehabilitaci\u00f3n del Centro M\u00e9dico ABC se cuenta con tecnolog\u00eda de vanguardia, as\u00ed como especialistas altamente capacitados, para indicar programas personalizados que permitan ayudar a la persona a recuperar su movilidad y prevenir o tratar lesiones, si es que han pasado por alguna.<\/p>\n<p>&nbsp;<\/p>\n<p>Por otra parte, se acerca el Primero de Mayo, D\u00eda del Trabajo, y le comento que los salarios en econom\u00edas emergentes son los que dichas econom\u00edas permiten pagar, lamentablemente. No es una estrategia ni un artilugio tener salarios bajos, como argumenta el Presidente de Estados Unidos, Donald Trump, m\u00e1s bien es una realidad vergonzosa que refleja la desigualdad en que vivimos. Las econom\u00edas emergentes no hacen \u00abdumping\u00bb salarial, simplemente viven las consecuencias de su desventaja econ\u00f3mica.<\/p>\n<p>&nbsp;<\/p>\n<p>Un ejemplo de ello es la diferencia salarial entre Canad\u00e1, Estados Unidos y M\u00e9xico: Pa\u00eds Salario M\u00ednimo Aproximado (mensual, en USD) M\u00e9xico $390.00 Estados Unidos $2,400.00 Canad\u00e1 $1,800.00<\/p>\n<p>&nbsp;<\/p>\n<p>Con estos datos no es necesario agregar palabra alguna, queda claro que lo que s\u00ed es un artilugio es imponer aranceles con el objetivo de forzar a los pa\u00edses en desarrollo a establecer salarios no viables para su realidad econ\u00f3mica. Si en estos pa\u00edses se exigieran salarios equivalentes a los que se pagan en Estados Unidos, se generar\u00eda un colapso econ\u00f3mico llevando al desempleo a millones de personas.<\/p>\n<p>&nbsp;<\/p>\n<p>Uno de los pilares de los gobiernos de la Cuarta Transformaci\u00f3n en M\u00e9xico ha sido el incremento al salario m\u00ednimo, echando abajo la pol\u00edtica de topes salariales que sosten\u00eda que eran necesarios para controlar la inflaci\u00f3n. Esta idea qued\u00f3 desmentida y los gobiernos de la Cuarta Transformaci\u00f3n han impulsado aumentos consistentes a\u00f1o tras a\u00f1o, pasando del salario m\u00ednimo mensual de $2,650.00 en 2018 a $8,365.00 en 2025.<\/p>\n<p>&nbsp;<\/p>\n<p>\u201cAunque esto ha sido favorable para los trabajadores, tambi\u00e9n debe decirse que el salario en M\u00e9xico sigue por debajo de lo que se requiere para garantizar una manutenci\u00f3n digna para las familias, todav\u00eda existe la necesidad de seguir revalorizando el trabajo y ofrecer salarios cada vez m\u00e1s justos. En la conciencia colectiva la idea de justicia salarial sigue muy lejos de lo que se paga en Estados Unidos, de ah\u00ed que esta brecha salarial explica el fen\u00f3meno de la migraci\u00f3n. Muchos trabajadores mexicanos deciden cruzar la frontera para obtener un mejor salario en Estados Unidos y lograr ofrecer una mejor calidad de vida a sus familias\u201d, destac\u00f3 Cuauht\u00e9moc Rivera, dirigente de la Alianza Nacional de Peque\u00f1os Comerciantes; empero, lo anterior ser\u00e1 motivo de otro an\u00e1lisis en posterior entrega de HORA 14.<\/p>\n<p>&nbsp;<\/p>\n<p><a href=\"mailto:mauricioconde59@outlook.com\">mauricioconde59@outlook.com<\/a><\/p>\n<p>&nbsp;<\/p>\n<p>X: @mauconde<\/p>\n<p>&nbsp;<\/p>\n","protected":false},"excerpt":{"rendered":"<p>HORA 14\u00a0 Mauricio Conde Olivares Canc\u00fan destaca entre los diez destinos m\u00e1s visitados del mundo, en el primer d\u00eda de actividades, la Presidenta Municipal, Ana Paty Peralta, particip\u00f3 en la ceremonia de inauguraci\u00f3n, corte de list\u00f3n y recorrido oficial de apertura de la 49\u00aa Edici\u00f3n del Tianguis Tur\u00edstico de M\u00e9xico 2025, que se realiza del [&hellip;]<\/p>\n","protected":false},"author":14,"featured_media":0,"comment_status":"open","ping_status":"open","sticky":false,"template":"","format":"standard","meta":{"_monsterinsights_skip_tracking":false,"_monsterinsights_sitenote_active":false,"_monsterinsights_sitenote_note":"","_monsterinsights_sitenote_category":0,"footnotes":""},"categories":[35889,101305],"tags":[],"class_list":["post-665295","post","type-post","status-publish","format-standard","hentry","category-mauricio-conde-olivares","category-quintana-roo"],"_links":{"self":[{"href":"https:\/\/www.diarioimagen.net\/index.php?rest_route=\/wp\/v2\/posts\/665295","targetHints":{"allow":["GET"]}}],"collection":[{"href":"https:\/\/www.diarioimagen.net\/index.php?rest_route=\/wp\/v2\/posts"}],"about":[{"href":"https:\/\/www.diarioimagen.net\/index.php?rest_route=\/wp\/v2\/types\/post"}],"author":[{"embeddable":true,"href":"https:\/\/www.diarioimagen.net\/index.php?rest_route=\/wp\/v2\/users\/14"}],"replies":[{"embeddable":true,"href":"https:\/\/www.diarioimagen.net\/index.php?rest_route=%2Fwp%2Fv2%2Fcomments&post=665295"}],"version-history":[{"count":1,"href":"https:\/\/www.diarioimagen.net\/index.php?rest_route=\/wp\/v2\/posts\/665295\/revisions"}],"predecessor-version":[{"id":665296,"href":"https:\/\/www.diarioimagen.net\/index.php?rest_route=\/wp\/v2\/posts\/665295\/revisions\/665296"}],"wp:attachment":[{"href":"https:\/\/www.diarioimagen.net\/index.php?rest_route=%2Fwp%2Fv2%2Fmedia&parent=665295"}],"wp:term":[{"taxonomy":"category","embeddable":true,"href":"https:\/\/www.diarioimagen.net\/index.php?rest_route=%2Fwp%2Fv2%2Fcategories&post=665295"},{"taxonomy":"post_tag","embeddable":true,"href":"https:\/\/www.diarioimagen.net\/index.php?rest_route=%2Fwp%2Fv2%2Ftags&post=665295"}],"curies":[{"name":"wp","href":"https:\/\/api.w.org\/{rel}","templated":true}]}}