{"id":665388,"date":"2025-04-30T00:00:01","date_gmt":"2025-04-30T06:00:01","guid":{"rendered":"https:\/\/www.diarioimagen.net\/?p=665388"},"modified":"2025-04-29T20:04:56","modified_gmt":"2025-04-30T02:04:56","slug":"665388","status":"publish","type":"post","link":"https:\/\/www.diarioimagen.net\/?p=665388","title":{"rendered":""},"content":{"rendered":"<p>&nbsp;<\/p>\n<ul>\n<li><strong>Mayor generaci\u00f3n de empleos<\/strong><\/li>\n<\/ul>\n<div id=\"attachment_665389\" style=\"width: 415px\" class=\"wp-caption alignnone\"><img loading=\"lazy\" decoding=\"async\" aria-describedby=\"caption-attachment-665389\" class=\"wp-image-665389 size-large\" src=\"https:\/\/www.diarioimagen.net\/wp-content\/uploads\/2025\/04\/EDOMEX-2-OK-11-405x270.jpg\" alt=\"\" width=\"405\" height=\"270\" srcset=\"https:\/\/www.diarioimagen.net\/wp-content\/uploads\/2025\/04\/EDOMEX-2-OK-11-405x270.jpg 405w, https:\/\/www.diarioimagen.net\/wp-content\/uploads\/2025\/04\/EDOMEX-2-OK-11-240x160.jpg 240w, https:\/\/www.diarioimagen.net\/wp-content\/uploads\/2025\/04\/EDOMEX-2-OK-11-768x511.jpg 768w, https:\/\/www.diarioimagen.net\/wp-content\/uploads\/2025\/04\/EDOMEX-2-OK-11.jpg 1500w\" sizes=\"auto, (max-width: 405px) 100vw, 405px\" \/><p id=\"caption-attachment-665389\" class=\"wp-caption-text\">La gobernadora Delfina G\u00f3mez \u00c1lvarez present\u00f3 48 proyectos de construcci\u00f3n de vivienda en la entidad mediante la participaci\u00f3n de capitales representados por la Asociaci\u00f3n de Desarrolladores Inmobiliarios.<\/p><\/div>\n<p>&nbsp;<\/p>\n<p>&nbsp;<\/p>\n<p>&nbsp;<\/p>\n<p>Toluca, Estado de M\u00e9xico. &#8211; \u201cHoy anunciamos una inversi\u00f3n privada hist\u00f3rica de m\u00e1s de 3 mil 700 millones de d\u00f3lares, que van a impactar en el Estado de M\u00e9xico no solamente en la econom\u00eda, sino en la calidad de vida de los ciudadanos. Con esta nueva inversi\u00f3n se van a crear m\u00e1s de 150 mil empleos m\u00e1s,\u201d indic\u00f3 la gobernadora Delfina G\u00f3mez \u00c1lvarez al presentar 48 proyectos de construcci\u00f3n en la entidad mediante la participaci\u00f3n de capitales representados por la Asociaci\u00f3n de Desarrolladores Inmobiliarios (ADI).<\/p>\n<p>&nbsp;<\/p>\n<p>De septiembre de 2023 a marzo de 2025, la actual administraci\u00f3n ha generado m\u00e1s de 121 mil puestos de trabajo, y con esta nueva inversi\u00f3n se van a crear m\u00e1s de 150 mil adicionales.<\/p>\n<p>&nbsp;<\/p>\n<p>En este evento, al que asisti\u00f3 Jaime Fasja Amkie, Presidente de la Asociaci\u00f3n de Desarrolladores Inmobiliarios (ADI), la Mandataria mexiquense reconoci\u00f3 la importancia de la colaboraci\u00f3n entre el sector privado y el Gobierno estatal, resaltando que esta alianza permite que el Estado de M\u00e9xico se consolide como l\u00edder nacional en generaci\u00f3n de empleos.<\/p>\n<p>&nbsp;<\/p>\n<p>&nbsp;<\/p>\n<p>Los 48 proyectos inmobiliarios estar\u00e1n ubicados en 19 municipios, entre ellos destacan Nextlalpan, Naucalpan, Cuautitl\u00e1n Izcalli, Tec\u00e1mac, Huixquilucan y Tultitl\u00e1n, promoviendo un crecimiento m\u00e1s equitativo y sostenible en el territorio mexiquense.<\/p>\n<p>&nbsp;<\/p>\n<p>Con esta inversi\u00f3n se contribuye a alcanzar los objetivos trazados por la Presidenta Claudia Sheinbaum Pardo de fortalecer la econom\u00eda nacional y regional; adem\u00e1s, se suma al esfuerzo para garantizar a los mexiquenses el acceso a una vivienda digna y a precios accesibles.<\/p>\n<p>&nbsp;<\/p>\n<p>Por su parte Laura Gonz\u00e1lez Hern\u00e1ndez, Secretaria de Desarrollo Econ\u00f3mico destac\u00f3 que el Estado de M\u00e9xico ocupa el segundo lugar a nivel nacional en Inversi\u00f3n Extranjera Directa (IED), con un total de 2 mil 642 millones de d\u00f3lares al cierre de 2024.<\/p>\n<p>&nbsp;<\/p>\n<p>Asegur\u00f3 que este anuncio da cuenta de la intenci\u00f3n a largo plazo de las empresas de depositar proyectos que adem\u00e1s de beneficiar al sector inmobiliario ayudan en la generaci\u00f3n de inversiones en sectores como industrial o log\u00edstico.<\/p>\n<p>&nbsp;<\/p>\n<p>&nbsp;<\/p>\n<p>&nbsp;<\/p>\n","protected":false},"excerpt":{"rendered":"<p>&nbsp; Mayor generaci\u00f3n de empleos &nbsp; &nbsp; &nbsp; Toluca, Estado de M\u00e9xico. &#8211; \u201cHoy anunciamos una inversi\u00f3n privada hist\u00f3rica de m\u00e1s de 3 mil 700 millones de d\u00f3lares, que van a impactar en el Estado de M\u00e9xico no solamente en la econom\u00eda, sino en la calidad de vida de los ciudadanos. Con esta nueva inversi\u00f3n [&hellip;]<\/p>\n","protected":false},"author":14,"featured_media":665389,"comment_status":"open","ping_status":"open","sticky":false,"template":"","format":"standard","meta":{"_monsterinsights_skip_tracking":false,"_monsterinsights_sitenote_active":false,"_monsterinsights_sitenote_note":"","_monsterinsights_sitenote_category":0,"footnotes":""},"categories":[5],"tags":[],"class_list":["post-665388","post","type-post","status-publish","format-standard","has-post-thumbnail","hentry","category-estado-de-mexico"],"_links":{"self":[{"href":"https:\/\/www.diarioimagen.net\/index.php?rest_route=\/wp\/v2\/posts\/665388","targetHints":{"allow":["GET"]}}],"collection":[{"href":"https:\/\/www.diarioimagen.net\/index.php?rest_route=\/wp\/v2\/posts"}],"about":[{"href":"https:\/\/www.diarioimagen.net\/index.php?rest_route=\/wp\/v2\/types\/post"}],"author":[{"embeddable":true,"href":"https:\/\/www.diarioimagen.net\/index.php?rest_route=\/wp\/v2\/users\/14"}],"replies":[{"embeddable":true,"href":"https:\/\/www.diarioimagen.net\/index.php?rest_route=%2Fwp%2Fv2%2Fcomments&post=665388"}],"version-history":[{"count":1,"href":"https:\/\/www.diarioimagen.net\/index.php?rest_route=\/wp\/v2\/posts\/665388\/revisions"}],"predecessor-version":[{"id":665390,"href":"https:\/\/www.diarioimagen.net\/index.php?rest_route=\/wp\/v2\/posts\/665388\/revisions\/665390"}],"wp:featuredmedia":[{"embeddable":true,"href":"https:\/\/www.diarioimagen.net\/index.php?rest_route=\/wp\/v2\/media\/665389"}],"wp:attachment":[{"href":"https:\/\/www.diarioimagen.net\/index.php?rest_route=%2Fwp%2Fv2%2Fmedia&parent=665388"}],"wp:term":[{"taxonomy":"category","embeddable":true,"href":"https:\/\/www.diarioimagen.net\/index.php?rest_route=%2Fwp%2Fv2%2Fcategories&post=665388"},{"taxonomy":"post_tag","embeddable":true,"href":"https:\/\/www.diarioimagen.net\/index.php?rest_route=%2Fwp%2Fv2%2Ftags&post=665388"}],"curies":[{"name":"wp","href":"https:\/\/api.w.org\/{rel}","templated":true}]}}