{"id":665513,"date":"2025-05-01T00:00:42","date_gmt":"2025-05-01T06:00:42","guid":{"rendered":"https:\/\/www.diarioimagen.net\/?p=665513"},"modified":"2025-04-30T19:31:50","modified_gmt":"2025-05-01T01:31:50","slug":"a-la-baja-robo-de-autos-en-atizapan-gracias-a-nueva-estrategia-de-seguridad","status":"publish","type":"post","link":"https:\/\/www.diarioimagen.net\/?p=665513","title":{"rendered":"A la baja, robo de autos en Atizap\u00e1n,  gracias a nueva estrategia de seguridad"},"content":{"rendered":"<ul>\n<li><strong>Vigilancia m\u00e1s eficiente<\/strong><\/li>\n<\/ul>\n<div id=\"attachment_665514\" style=\"width: 463px\" class=\"wp-caption alignnone\"><img loading=\"lazy\" decoding=\"async\" aria-describedby=\"caption-attachment-665514\" class=\"wp-image-665514 size-large\" src=\"https:\/\/www.diarioimagen.net\/wp-content\/uploads\/2025\/04\/BAENA-2-OK-17-453x270.jpg\" alt=\"\" width=\"453\" height=\"270\" srcset=\"https:\/\/www.diarioimagen.net\/wp-content\/uploads\/2025\/04\/BAENA-2-OK-17-453x270.jpg 453w, https:\/\/www.diarioimagen.net\/wp-content\/uploads\/2025\/04\/BAENA-2-OK-17-240x143.jpg 240w, https:\/\/www.diarioimagen.net\/wp-content\/uploads\/2025\/04\/BAENA-2-OK-17-768x458.jpg 768w, https:\/\/www.diarioimagen.net\/wp-content\/uploads\/2025\/04\/BAENA-2-OK-17.jpg 1500w\" sizes=\"auto, (max-width: 453px) 100vw, 453px\" \/><p id=\"caption-attachment-665514\" class=\"wp-caption-text\">El gobierno de Pedro Rodr\u00edguez Villegas, en coordinaci\u00f3n con la Direcci\u00f3n de Seguridad P\u00fablica y Seguridad Vial, reafirma su compromiso de mantener a Atizap\u00e1n como un municipio seguro.<\/p><\/div>\n<p><strong>\u00a0<\/strong><\/p>\n<p><strong>\u00a0<\/strong><\/p>\n<p>&nbsp;<\/p>\n<p>Atizap\u00e1n de Zaragoza, M\u00e9x.- El gobierno municipal que encabeza el alcalde Pedro Rodr\u00edguez Villegas y la implementaci\u00f3n estrat\u00e9gica del Comisario Fabi\u00e1n G\u00f3mez Calcaneo han logrado una notable disminuci\u00f3n en el robo de veh\u00edculos durante la semana del 20 al 26 de abril.<\/p>\n<p>&nbsp;<\/p>\n<p>Las cifras oficiales de la Direcci\u00f3n de Seguridad P\u00fablica y Seguridad Vial revelan un total de solo 8 incidentes de robo de veh\u00edculos en el periodo, un logro significativo que posiciona a Atizap\u00e1n como un referente en seguridad.<\/p>\n<p>&nbsp;<\/p>\n<p>La comparativa regional es contundente: Atizap\u00e1n de Zaragoza destaca por su baja incidencia en comparaci\u00f3n con otros municipios. Mientras que Tlalnepantla de Baz report\u00f3 57 casos y Naucalpan de Ju\u00e1rez 54, Atizap\u00e1n registr\u00f3 s\u00f3lo 8. Este \u00e9xito es atribuible a la visi\u00f3n de presidente municipal Pedro Rodr\u00edguez , quien\u00a0 ha priorizado la seguridad ciudadana como eje central de su gesti\u00f3n.<\/p>\n<p>&nbsp;<\/p>\n<p>La estrategia de seguridad, que incluye la innovadora implementaci\u00f3n de la estrategia de cuadrantes, ha permitido una vigilancia m\u00e1s eficiente y una respuesta oportuna a los incidentes. El Comisario G\u00f3mez Calcaneo ha supervisado personalmente la implementaci\u00f3n de estas t\u00e1cticas, asegurando su efectividad en la protecci\u00f3n del patrimonio de los atizapenses<\/p>\n<p>&nbsp;<\/p>\n<p>El gobierno municipal, en coordinaci\u00f3n con la Direcci\u00f3n de Seguridad P\u00fablica y Seguridad Vial, reafirma su compromiso de mantener a Atizap\u00e1n de Zaragoza como un municipio seguro.<\/p>\n<p>&nbsp;<\/p>\n<p>Finalmente, diversos sectores de la poblaci\u00f3n, reiteraron su compromiso con el gobierno municipal para seguir avanzando en materia de obra p\u00fablica, transparencia y seguridad.<\/p>\n<p>&nbsp;<\/p>\n<p>&nbsp;<\/p>\n","protected":false},"excerpt":{"rendered":"<p>Vigilancia m\u00e1s eficiente \u00a0 \u00a0 &nbsp; Atizap\u00e1n de Zaragoza, M\u00e9x.- El gobierno municipal que encabeza el alcalde Pedro Rodr\u00edguez Villegas y la implementaci\u00f3n estrat\u00e9gica del Comisario Fabi\u00e1n G\u00f3mez Calcaneo han logrado una notable disminuci\u00f3n en el robo de veh\u00edculos durante la semana del 20 al 26 de abril. &nbsp; Las cifras oficiales de la Direcci\u00f3n [&hellip;]<\/p>\n","protected":false},"author":14,"featured_media":665514,"comment_status":"open","ping_status":"open","sticky":false,"template":"","format":"standard","meta":{"_monsterinsights_skip_tracking":false,"_monsterinsights_sitenote_active":false,"_monsterinsights_sitenote_note":"","_monsterinsights_sitenote_category":0,"footnotes":""},"categories":[5],"tags":[],"class_list":["post-665513","post","type-post","status-publish","format-standard","has-post-thumbnail","hentry","category-estado-de-mexico"],"_links":{"self":[{"href":"https:\/\/www.diarioimagen.net\/index.php?rest_route=\/wp\/v2\/posts\/665513","targetHints":{"allow":["GET"]}}],"collection":[{"href":"https:\/\/www.diarioimagen.net\/index.php?rest_route=\/wp\/v2\/posts"}],"about":[{"href":"https:\/\/www.diarioimagen.net\/index.php?rest_route=\/wp\/v2\/types\/post"}],"author":[{"embeddable":true,"href":"https:\/\/www.diarioimagen.net\/index.php?rest_route=\/wp\/v2\/users\/14"}],"replies":[{"embeddable":true,"href":"https:\/\/www.diarioimagen.net\/index.php?rest_route=%2Fwp%2Fv2%2Fcomments&post=665513"}],"version-history":[{"count":1,"href":"https:\/\/www.diarioimagen.net\/index.php?rest_route=\/wp\/v2\/posts\/665513\/revisions"}],"predecessor-version":[{"id":665515,"href":"https:\/\/www.diarioimagen.net\/index.php?rest_route=\/wp\/v2\/posts\/665513\/revisions\/665515"}],"wp:featuredmedia":[{"embeddable":true,"href":"https:\/\/www.diarioimagen.net\/index.php?rest_route=\/wp\/v2\/media\/665514"}],"wp:attachment":[{"href":"https:\/\/www.diarioimagen.net\/index.php?rest_route=%2Fwp%2Fv2%2Fmedia&parent=665513"}],"wp:term":[{"taxonomy":"category","embeddable":true,"href":"https:\/\/www.diarioimagen.net\/index.php?rest_route=%2Fwp%2Fv2%2Fcategories&post=665513"},{"taxonomy":"post_tag","embeddable":true,"href":"https:\/\/www.diarioimagen.net\/index.php?rest_route=%2Fwp%2Fv2%2Ftags&post=665513"}],"curies":[{"name":"wp","href":"https:\/\/api.w.org\/{rel}","templated":true}]}}