{"id":665516,"date":"2025-05-01T00:00:59","date_gmt":"2025-05-01T06:00:59","guid":{"rendered":"https:\/\/www.diarioimagen.net\/?p=665516"},"modified":"2025-04-30T19:32:55","modified_gmt":"2025-05-01T01:32:55","slug":"coordinacion-en-desazolve-de-la-presa-los-cuartos-isaac-montoya","status":"publish","type":"post","link":"https:\/\/www.diarioimagen.net\/?p=665516","title":{"rendered":"Coordinaci\u00f3n en desazolve de la  presa Los Cuartos: Isaac Montoya"},"content":{"rendered":"<ul>\n<li><strong>Se trabaja para evitar malos olores<\/strong><\/li>\n<\/ul>\n<div id=\"attachment_665517\" style=\"width: 427px\" class=\"wp-caption alignnone\"><img loading=\"lazy\" decoding=\"async\" aria-describedby=\"caption-attachment-665517\" class=\"wp-image-665517 size-large\" src=\"https:\/\/www.diarioimagen.net\/wp-content\/uploads\/2025\/04\/BAENA-3-OK-14-417x270.jpg\" alt=\"\" width=\"417\" height=\"270\" srcset=\"https:\/\/www.diarioimagen.net\/wp-content\/uploads\/2025\/04\/BAENA-3-OK-14-417x270.jpg 417w, https:\/\/www.diarioimagen.net\/wp-content\/uploads\/2025\/04\/BAENA-3-OK-14-240x155.jpg 240w, https:\/\/www.diarioimagen.net\/wp-content\/uploads\/2025\/04\/BAENA-3-OK-14-768x497.jpg 768w, https:\/\/www.diarioimagen.net\/wp-content\/uploads\/2025\/04\/BAENA-3-OK-14.jpg 1500w\" sizes=\"auto, (max-width: 417px) 100vw, 417px\" \/><p id=\"caption-attachment-665517\" class=\"wp-caption-text\">Isaac Montoya M\u00e1rquez destac\u00f3 la coordinaci\u00f3n entre el Organismo de Agua Municipal con autoridades de la CAEM y Conagua en el trabajos de desazolve de la presa Los Cuartos.<\/p><\/div>\n<p><strong>\u00a0<\/strong><\/p>\n<p>&nbsp;<\/p>\n<p>&nbsp;<\/p>\n<p>Naucalpan, M\u00e9x.- A fin de dar a conocer los avances de los trabajos para el desfogue y desazolve de la presa \u00abLos Cuartos\u00bb, que se realizan para retirar el tap\u00f3n de basura del embalse, el presidente municipal, Isaac Montoya M\u00e1rquez, acompa\u00f1ado de la directora del Organismo de Cuenca Aguas del Valle de M\u00e9xico (OCAVM), Citlalli Peraza Camacho, enfatiz\u00f3 que es un tema social que se est\u00e1 atendiendo.<\/p>\n<p>&nbsp;<\/p>\n<p>En presencia de vecinas y vecinos, destac\u00f3 la coordinaci\u00f3n entre el Organismo de Agua Municipal OAPAS con autoridades de la CAEM y Conagua a trav\u00e9s de la OCAVM, quienes han apoyado de manera sensible, en el proceso para la liberaci\u00f3n del tap\u00f3n de basura, que ha avanzado en tiempo y forma. Apunt\u00f3 que, se seguir\u00e1 supervisando el desazolve y se trabaja para evitar los malos olores.<\/p>\n<p>&nbsp;<\/p>\n<p>El alcalde reiter\u00f3 que el gobierno municipal ya lleva a cabo detenciones de manera legal y leg\u00edtima, porque hay gente que insiste en tirar basura, pero hoy no se tolera ni aceptan estas faltas administrativas de desechar la basura en las calles y r\u00edos, sobre todo para evitar situaciones como la de la presa Los Cuartos.<\/p>\n<p>&nbsp;<\/p>\n<p>Ante la inquietud del incremento de las aguas en esta presa, el OAPAS inici\u00f3 diversos trabajos y ha invertido cerca de 250 mil pesos, sobre todo en combustible.<\/p>\n<p>&nbsp;<\/p>\n<p>Asimismo, el edil se\u00f1al\u00f3 que se avanza en el tema de salud, por los olores que despiden en la zona, para poder acompa\u00f1ar a las y los vecinos afectados.<\/p>\n<p>&nbsp;<\/p>\n<p>Montoya M\u00e1rquez coment\u00f3 que se hace una inversi\u00f3n hist\u00f3rica en el tema de desazolve que, el gobierno municipal trabaja de manera preventiva, ya que, en 3 a\u00f1os no se realizaron por la anterior administraci\u00f3n, y ahora en coordinaci\u00f3n con la OCAVM se trabaja en el desazolve de los r\u00edos de la localidad. Estas acciones, garantizar\u00e1n el bienestar de las y los vecinos, adem\u00e1s de adelantarse a la temporada de lluvia. Estas labores se realizar\u00e1n de la mano de los gobiernos federal y estatal.<\/p>\n<p>&nbsp;<\/p>\n<p>En presencia de vecinas y vecinos de las colonias de San Rafael Chamapa, de Tierra y Libertad, entre otras comunidades, el alcalde se\u00f1al\u00f3 que hay un c\u00e1lculo de posible afectaci\u00f3n a 750 viviendas, unas 3 mil 500 personas pueden resultar afectadas por alg\u00fan desbordamiento,<\/p>\n<p>&nbsp;<\/p>\n<p>&nbsp;<\/p>\n","protected":false},"excerpt":{"rendered":"<p>Se trabaja para evitar malos olores \u00a0 &nbsp; &nbsp; Naucalpan, M\u00e9x.- A fin de dar a conocer los avances de los trabajos para el desfogue y desazolve de la presa \u00abLos Cuartos\u00bb, que se realizan para retirar el tap\u00f3n de basura del embalse, el presidente municipal, Isaac Montoya M\u00e1rquez, acompa\u00f1ado de la directora del Organismo [&hellip;]<\/p>\n","protected":false},"author":14,"featured_media":665517,"comment_status":"open","ping_status":"open","sticky":false,"template":"","format":"standard","meta":{"_monsterinsights_skip_tracking":false,"_monsterinsights_sitenote_active":false,"_monsterinsights_sitenote_note":"","_monsterinsights_sitenote_category":0,"footnotes":""},"categories":[5],"tags":[],"class_list":["post-665516","post","type-post","status-publish","format-standard","has-post-thumbnail","hentry","category-estado-de-mexico"],"_links":{"self":[{"href":"https:\/\/www.diarioimagen.net\/index.php?rest_route=\/wp\/v2\/posts\/665516","targetHints":{"allow":["GET"]}}],"collection":[{"href":"https:\/\/www.diarioimagen.net\/index.php?rest_route=\/wp\/v2\/posts"}],"about":[{"href":"https:\/\/www.diarioimagen.net\/index.php?rest_route=\/wp\/v2\/types\/post"}],"author":[{"embeddable":true,"href":"https:\/\/www.diarioimagen.net\/index.php?rest_route=\/wp\/v2\/users\/14"}],"replies":[{"embeddable":true,"href":"https:\/\/www.diarioimagen.net\/index.php?rest_route=%2Fwp%2Fv2%2Fcomments&post=665516"}],"version-history":[{"count":1,"href":"https:\/\/www.diarioimagen.net\/index.php?rest_route=\/wp\/v2\/posts\/665516\/revisions"}],"predecessor-version":[{"id":665518,"href":"https:\/\/www.diarioimagen.net\/index.php?rest_route=\/wp\/v2\/posts\/665516\/revisions\/665518"}],"wp:featuredmedia":[{"embeddable":true,"href":"https:\/\/www.diarioimagen.net\/index.php?rest_route=\/wp\/v2\/media\/665517"}],"wp:attachment":[{"href":"https:\/\/www.diarioimagen.net\/index.php?rest_route=%2Fwp%2Fv2%2Fmedia&parent=665516"}],"wp:term":[{"taxonomy":"category","embeddable":true,"href":"https:\/\/www.diarioimagen.net\/index.php?rest_route=%2Fwp%2Fv2%2Fcategories&post=665516"},{"taxonomy":"post_tag","embeddable":true,"href":"https:\/\/www.diarioimagen.net\/index.php?rest_route=%2Fwp%2Fv2%2Ftags&post=665516"}],"curies":[{"name":"wp","href":"https:\/\/api.w.org\/{rel}","templated":true}]}}