{"id":665519,"date":"2025-05-01T00:00:05","date_gmt":"2025-05-01T06:00:05","guid":{"rendered":"https:\/\/www.diarioimagen.net\/?p=665519"},"modified":"2025-04-30T19:34:58","modified_gmt":"2025-05-01T01:34:58","slug":"gran-festejo-del-dia-del-nino-en-huixquilucan","status":"publish","type":"post","link":"https:\/\/www.diarioimagen.net\/?p=665519","title":{"rendered":"Gran festejo del \u201cD\u00eda del Ni\u00f1o\u201d en Huixquilucan"},"content":{"rendered":"<p><img loading=\"lazy\" decoding=\"async\" class=\"alignnone wp-image-665520 size-large\" src=\"https:\/\/www.diarioimagen.net\/wp-content\/uploads\/2025\/04\/BAENA-4-OK-17-421x270.jpg\" alt=\"\" width=\"421\" height=\"270\" srcset=\"https:\/\/www.diarioimagen.net\/wp-content\/uploads\/2025\/04\/BAENA-4-OK-17-421x270.jpg 421w, https:\/\/www.diarioimagen.net\/wp-content\/uploads\/2025\/04\/BAENA-4-OK-17-240x154.jpg 240w, https:\/\/www.diarioimagen.net\/wp-content\/uploads\/2025\/04\/BAENA-4-OK-17-768x493.jpg 768w, https:\/\/www.diarioimagen.net\/wp-content\/uploads\/2025\/04\/BAENA-4-OK-17-1536x986.jpg 1536w, https:\/\/www.diarioimagen.net\/wp-content\/uploads\/2025\/04\/BAENA-4-OK-17-2048x1314.jpg 2048w\" sizes=\"auto, (max-width: 421px) 100vw, 421px\" \/><\/p>\n<p>&nbsp;<\/p>\n<p>Huixquilucan, M\u00e9x.- Para celebrar el \u201cD\u00eda del Ni\u00f1o\u201d, este municipio organiz\u00f3 un gran festejo al que asistieron m\u00e1s de 12 mil personas, quienes disfrutaron de m\u00e1s de 100 atracciones mec\u00e1nicas, obras de teatro, juegos de destreza, convivencia con animales de granja, as\u00ed como del show de los payasos m\u00e1s virales de TikTok, Chilin y Pikin, entre otros.La presidenta municipal Romina Contreras Carrasco y el vicecoordinador de los senadores del PAN, Enrique Vargas del Villar, encabezaron esta convivencia en el Complejo Rosa M\u00edstica del Sistema Municipal DIF, con el objetivo de brindar momentos de alegr\u00eda a los ni\u00f1os y ni\u00f1as de Huixquilucan, y fomentar su sano desarrollo en un ambiente seguro.<\/p>\n<p>\u201cNuestro objetivo es festejar a la ni\u00f1ez y lo podemos hacer de esta forma, porque contamos con finanzas sanas. \u00c9ste es un gobierno que tiene cuentas claras y transparentes, es por eso que realizamos estas actividades para todos los infantes de Huixquilucan y es un evento que hacemos con mucho amor. Quiero que sepan que seguiremos trabajando a favor de los m\u00e1s peque\u00f1os, para seguir avanzando en la construcci\u00f3n de un mejor municipio para las familias\u201d, afirm\u00f3 la alcaldesa.<\/p>\n","protected":false},"excerpt":{"rendered":"<p>&nbsp; Huixquilucan, M\u00e9x.- Para celebrar el \u201cD\u00eda del Ni\u00f1o\u201d, este municipio organiz\u00f3 un gran festejo al que asistieron m\u00e1s de 12 mil personas, quienes disfrutaron de m\u00e1s de 100 atracciones mec\u00e1nicas, obras de teatro, juegos de destreza, convivencia con animales de granja, as\u00ed como del show de los payasos m\u00e1s virales de TikTok, Chilin y [&hellip;]<\/p>\n","protected":false},"author":14,"featured_media":665520,"comment_status":"open","ping_status":"open","sticky":false,"template":"","format":"standard","meta":{"_monsterinsights_skip_tracking":false,"_monsterinsights_sitenote_active":false,"_monsterinsights_sitenote_note":"","_monsterinsights_sitenote_category":0,"footnotes":""},"categories":[5],"tags":[],"class_list":["post-665519","post","type-post","status-publish","format-standard","has-post-thumbnail","hentry","category-estado-de-mexico"],"_links":{"self":[{"href":"https:\/\/www.diarioimagen.net\/index.php?rest_route=\/wp\/v2\/posts\/665519","targetHints":{"allow":["GET"]}}],"collection":[{"href":"https:\/\/www.diarioimagen.net\/index.php?rest_route=\/wp\/v2\/posts"}],"about":[{"href":"https:\/\/www.diarioimagen.net\/index.php?rest_route=\/wp\/v2\/types\/post"}],"author":[{"embeddable":true,"href":"https:\/\/www.diarioimagen.net\/index.php?rest_route=\/wp\/v2\/users\/14"}],"replies":[{"embeddable":true,"href":"https:\/\/www.diarioimagen.net\/index.php?rest_route=%2Fwp%2Fv2%2Fcomments&post=665519"}],"version-history":[{"count":1,"href":"https:\/\/www.diarioimagen.net\/index.php?rest_route=\/wp\/v2\/posts\/665519\/revisions"}],"predecessor-version":[{"id":665521,"href":"https:\/\/www.diarioimagen.net\/index.php?rest_route=\/wp\/v2\/posts\/665519\/revisions\/665521"}],"wp:featuredmedia":[{"embeddable":true,"href":"https:\/\/www.diarioimagen.net\/index.php?rest_route=\/wp\/v2\/media\/665520"}],"wp:attachment":[{"href":"https:\/\/www.diarioimagen.net\/index.php?rest_route=%2Fwp%2Fv2%2Fmedia&parent=665519"}],"wp:term":[{"taxonomy":"category","embeddable":true,"href":"https:\/\/www.diarioimagen.net\/index.php?rest_route=%2Fwp%2Fv2%2Fcategories&post=665519"},{"taxonomy":"post_tag","embeddable":true,"href":"https:\/\/www.diarioimagen.net\/index.php?rest_route=%2Fwp%2Fv2%2Ftags&post=665519"}],"curies":[{"name":"wp","href":"https:\/\/api.w.org\/{rel}","templated":true}]}}