{"id":665533,"date":"2025-05-01T00:00:30","date_gmt":"2025-05-01T06:00:30","guid":{"rendered":"https:\/\/www.diarioimagen.net\/?p=665533"},"modified":"2025-04-30T20:00:58","modified_gmt":"2025-05-01T02:00:58","slug":"mejora-difem-alimentacion-de-la-ninez-con-la-entrega-de-desayunos-escolares","status":"publish","type":"post","link":"https:\/\/www.diarioimagen.net\/?p=665533","title":{"rendered":"Mejora Difem alimentaci\u00f3n de la ni\u00f1ez  con la entrega de Desayunos Escolares"},"content":{"rendered":"<ul>\n<li><strong>Reparte 138 millones raciones al a\u00f1o<\/strong><\/li>\n<li><strong>Se ofrecen a ni\u00f1as y ni\u00f1os de preescolar y primaria de escuelas p\u00fablicas del Edomex<\/strong><\/li>\n<\/ul>\n<p>&nbsp;<\/p>\n<div id=\"attachment_665534\" style=\"width: 417px\" class=\"wp-caption alignnone\"><img loading=\"lazy\" decoding=\"async\" aria-describedby=\"caption-attachment-665534\" class=\"wp-image-665534 size-large\" src=\"https:\/\/www.diarioimagen.net\/wp-content\/uploads\/2025\/04\/EDOMEX-1-ok-14-407x270.jpg\" alt=\"\" width=\"407\" height=\"270\" srcset=\"https:\/\/www.diarioimagen.net\/wp-content\/uploads\/2025\/04\/EDOMEX-1-ok-14-407x270.jpg 407w, https:\/\/www.diarioimagen.net\/wp-content\/uploads\/2025\/04\/EDOMEX-1-ok-14-240x159.jpg 240w, https:\/\/www.diarioimagen.net\/wp-content\/uploads\/2025\/04\/EDOMEX-1-ok-14-768x510.jpg 768w, https:\/\/www.diarioimagen.net\/wp-content\/uploads\/2025\/04\/EDOMEX-1-ok-14.jpg 1500w\" sizes=\"auto, (max-width: 407px) 100vw, 407px\" \/><p id=\"caption-attachment-665534\" class=\"wp-caption-text\">El Gobierno de Delfina G\u00f3mez \u00c1lvarez, otorga m\u00e1s de 138 millones de raciones de Desayunos Escolares, anualmente.<\/p><\/div>\n<p>&nbsp;<\/p>\n<p>&nbsp;<\/p>\n<p>Toluca, Estado de M\u00e9xico. &#8211; Con el prop\u00f3sito de favorecer el acceso y consumo de alimentos nutritivos y saludables para ni\u00f1as, ni\u00f1os y adolescentes de atenci\u00f3n prioritaria, el Gobierno de la Maestra Delfina G\u00f3mez \u00c1lvarez, otorga m\u00e1s de 138 millones de raciones de Desayunos Escolares, anualmente.<\/p>\n<p>&nbsp;<\/p>\n<p>&nbsp;<\/p>\n<p>&nbsp;<\/p>\n<p>A trav\u00e9s del Programa \u201cAlimentaci\u00f3n Escolar para el Bienestar\u201d, el Sistema para el Desarrollo Integral de la Familia del Estado de M\u00e9xico (DIFEM) entrega desayunos escolares en dos modalidades: fr\u00edos y calientes, dise\u00f1ados para que sea una alimentaci\u00f3n suficiente, completa, equilibrada, variada, adecuada y sana, adem\u00e1s de contar con acciones de orientaci\u00f3n y educaci\u00f3n alimentaria.<\/p>\n<p>&nbsp;<\/p>\n<p>&nbsp;<\/p>\n<p>&nbsp;<\/p>\n<p>En este sentido, el DIF mexiquense, que dirige Karina Labastida Sotelo, ofrece productos de la mejor calidad para la infancia, con la dotaci\u00f3n de m\u00e1s de 101 millones de raciones de Desayunos Fr\u00edos y alrededor de 37 millones de Desayunos Calientes.<\/p>\n<p>&nbsp;<\/p>\n<p>&nbsp;<\/p>\n<p>&nbsp;<\/p>\n<p>\u201cEl Desayuno Escolar Fr\u00edo que se brinda todos los d\u00edas a las ni\u00f1as y los ni\u00f1os beneficiarios del programa de escuelas p\u00fablicas, ofrece una porci\u00f3n diaria de leche descremada de 250 mililitros, una porci\u00f3n de cereal en presentaci\u00f3n de barra que tenemos cinco variedades y una porci\u00f3n de fruta deshidratada acompa\u00f1ada de oleaginosa\u201d, explic\u00f3 Enedina Barrera Valle, Subdirectora de Asistencia Alimentaria a Menores Escolares.<\/p>\n<p>&nbsp;<\/p>\n<p>&nbsp;<\/p>\n<p>&nbsp;<\/p>\n<p>Asimismo, el DIFEM ofrece el Desayuno Escolar Caliente en dos mil 187 desayunadores comunitarios, que cuentan con mobiliario, equipo y utensilios, as\u00ed como con la dotaci\u00f3n semestral de despensa integrada por 18 productos de la canasta b\u00e1sica.<\/p>\n<p>&nbsp;<\/p>\n<p>&nbsp;<\/p>\n<p>&nbsp;<\/p>\n<p>Este proceso es verificado por personal del DIFEM como lo detalla Griselda Leyva Soto, Supervisora de Desayuno Escolar Caliente, \u201cnuestra funci\u00f3n es llegar, verificar, presentarnos con la directora, pedir su autorizaci\u00f3n para pasar al desayunador, pasar con las se\u00f1oras y ver la atenci\u00f3n que les dan a los ni\u00f1os, pasamos a bodega y verificamos caducidades, el buen acomodo y la atenci\u00f3n.\u201d<\/p>\n<p>&nbsp;<\/p>\n<p>&nbsp;<\/p>\n<p>&nbsp;<\/p>\n<p>Para tal efecto, el organismo cuenta con la Red de Transformadores de la Alimentaci\u00f3n, conformada por padres de familia, encargados de preparar los alimentos, despu\u00e9s de ser capacitados por personal del DIFEM.<\/p>\n<p>&nbsp;<\/p>\n<p>&nbsp;<\/p>\n<p>&nbsp;<\/p>\n<p>\u201cAqu\u00ed preparamos sopa de pasta, arroz, frijoles, lentejas, todos los productos que ha mandado la Gobernadora, nos han mandado las recetas del DIF. Por ejemplo, hoy dijeron que se iban a hacer gorditas y sopa, el pl\u00e1tano y el agua de lim\u00f3n\u201d, explica Aurora Zarza Garc\u00eda, Cocinera de Desayunador Escolar.<\/p>\n<p>&nbsp;<\/p>\n<p>&nbsp;<\/p>\n<p>&nbsp;<\/p>\n<p>Los Desayunos Calientes, constan de men\u00fas elaborados por nutri\u00f3logos del DIF Estatal, con base en el Plato del buen comer.<\/p>\n<p>&nbsp;<\/p>\n<p>&nbsp;<\/p>\n<p>&nbsp;<\/p>\n<p>\u201cQue le gusta mucho c\u00f3mo cocinan porque le ponen muy buena saz\u00f3n y le gusta mucho todo lo que preparan aqu\u00ed, siempre es muy rico para ella: alb\u00f3ndigas, tortita de papa, sopita seca o con caldo, verduras, taquito de sardina, at\u00fan\u201d, refiere Lucina Bernal Zarza, madre de beneficiaria de desayuno caliente.<\/p>\n<p>&nbsp;<\/p>\n<p>&nbsp;<\/p>\n<p>&nbsp;<\/p>\n<p>Gracias a esta estrategia y con las evaluaciones de talla y peso, el DIFEM, previene y atiende la desnutrici\u00f3n infantil con dotaci\u00f3n de alimentos, y a su vez, evita el sobrepeso y la obesidad, al dar productos libres de az\u00facares a\u00f1adidos y men\u00fas dise\u00f1ados conforme al requerimiento nutricional.<\/p>\n<p>&nbsp;<\/p>\n<p>&nbsp;<\/p>\n<p>&nbsp;<\/p>\n<p>&nbsp;<\/p>\n","protected":false},"excerpt":{"rendered":"<p>Reparte 138 millones raciones al a\u00f1o Se ofrecen a ni\u00f1as y ni\u00f1os de preescolar y primaria de escuelas p\u00fablicas del Edomex &nbsp; &nbsp; &nbsp; Toluca, Estado de M\u00e9xico. &#8211; Con el prop\u00f3sito de favorecer el acceso y consumo de alimentos nutritivos y saludables para ni\u00f1as, ni\u00f1os y adolescentes de atenci\u00f3n prioritaria, el Gobierno de la [&hellip;]<\/p>\n","protected":false},"author":14,"featured_media":665534,"comment_status":"open","ping_status":"open","sticky":false,"template":"","format":"standard","meta":{"_monsterinsights_skip_tracking":false,"_monsterinsights_sitenote_active":false,"_monsterinsights_sitenote_note":"","_monsterinsights_sitenote_category":0,"footnotes":""},"categories":[5],"tags":[],"class_list":["post-665533","post","type-post","status-publish","format-standard","has-post-thumbnail","hentry","category-estado-de-mexico"],"_links":{"self":[{"href":"https:\/\/www.diarioimagen.net\/index.php?rest_route=\/wp\/v2\/posts\/665533","targetHints":{"allow":["GET"]}}],"collection":[{"href":"https:\/\/www.diarioimagen.net\/index.php?rest_route=\/wp\/v2\/posts"}],"about":[{"href":"https:\/\/www.diarioimagen.net\/index.php?rest_route=\/wp\/v2\/types\/post"}],"author":[{"embeddable":true,"href":"https:\/\/www.diarioimagen.net\/index.php?rest_route=\/wp\/v2\/users\/14"}],"replies":[{"embeddable":true,"href":"https:\/\/www.diarioimagen.net\/index.php?rest_route=%2Fwp%2Fv2%2Fcomments&post=665533"}],"version-history":[{"count":1,"href":"https:\/\/www.diarioimagen.net\/index.php?rest_route=\/wp\/v2\/posts\/665533\/revisions"}],"predecessor-version":[{"id":665535,"href":"https:\/\/www.diarioimagen.net\/index.php?rest_route=\/wp\/v2\/posts\/665533\/revisions\/665535"}],"wp:featuredmedia":[{"embeddable":true,"href":"https:\/\/www.diarioimagen.net\/index.php?rest_route=\/wp\/v2\/media\/665534"}],"wp:attachment":[{"href":"https:\/\/www.diarioimagen.net\/index.php?rest_route=%2Fwp%2Fv2%2Fmedia&parent=665533"}],"wp:term":[{"taxonomy":"category","embeddable":true,"href":"https:\/\/www.diarioimagen.net\/index.php?rest_route=%2Fwp%2Fv2%2Fcategories&post=665533"},{"taxonomy":"post_tag","embeddable":true,"href":"https:\/\/www.diarioimagen.net\/index.php?rest_route=%2Fwp%2Fv2%2Ftags&post=665533"}],"curies":[{"name":"wp","href":"https:\/\/api.w.org\/{rel}","templated":true}]}}