{"id":665546,"date":"2025-05-01T00:00:21","date_gmt":"2025-05-01T06:00:21","guid":{"rendered":"https:\/\/www.diarioimagen.net\/?p=665546"},"modified":"2025-04-30T20:09:14","modified_gmt":"2025-05-01T02:09:14","slug":"inician-obras-de-5-centros-de-educacion-y-cuidado-infantil-del-imss-en-cd-juarez","status":"publish","type":"post","link":"https:\/\/www.diarioimagen.net\/?p=665546","title":{"rendered":"Inician obras de 5 Centros de Educaci\u00f3n  y Cuidado Infantil del IMSS en Cd. Ju\u00e1rez"},"content":{"rendered":"<p>&nbsp;<\/p>\n<p><strong>\u00a0<\/strong><\/p>\n<ul>\n<li><strong> Zo\u00e9 Robledo encabez\u00f3 la colocaci\u00f3n de la primera piedra para su construcci\u00f3n en la colonia Las Gladiolas, en Ciudad Ju\u00e1rez<\/strong><\/li>\n<\/ul>\n<p><strong>\u00a0<\/strong><\/p>\n<ul>\n<li><strong> El director de Prestaciones Econ\u00f3micas y Sociales, Mauricio Hern\u00e1ndez, destac\u00f3 que esta pol\u00edtica p\u00fablica de justicia social articula salud, educaci\u00f3n, nutrici\u00f3n y protecci\u00f3n<\/strong><\/li>\n<\/ul>\n<div id=\"attachment_665547\" style=\"width: 415px\" class=\"wp-caption alignnone\"><img loading=\"lazy\" decoding=\"async\" aria-describedby=\"caption-attachment-665547\" class=\"wp-image-665547 size-large\" src=\"https:\/\/www.diarioimagen.net\/wp-content\/uploads\/2025\/04\/IMSS-1-405x270.jpg\" alt=\"\" width=\"405\" height=\"270\" srcset=\"https:\/\/www.diarioimagen.net\/wp-content\/uploads\/2025\/04\/IMSS-1-405x270.jpg 405w, https:\/\/www.diarioimagen.net\/wp-content\/uploads\/2025\/04\/IMSS-1-240x160.jpg 240w, https:\/\/www.diarioimagen.net\/wp-content\/uploads\/2025\/04\/IMSS-1-768x512.jpg 768w, https:\/\/www.diarioimagen.net\/wp-content\/uploads\/2025\/04\/IMSS-1.jpg 1333w\" sizes=\"auto, (max-width: 405px) 100vw, 405px\" \/><p id=\"caption-attachment-665547\" class=\"wp-caption-text\">El director general del IMSS, Zo\u00e9 Robledo, coloc\u00f3 la primera piedra de un Centro de Educaci\u00f3n y Cuidado Infantil para su construcci\u00f3n en la colonia Las Gladiolas, en Ciudad Ju\u00e1rez.<\/p><\/div>\n<p>El gobierno de M\u00e9xico, a trav\u00e9s del Instituto Mexicano del Seguro Social (IMSS), dio inicio a la construcci\u00f3n de cinco Centros de Educaci\u00f3n y Cuidado Infantil (CECI) en Ciudad Ju\u00e1rez, Chihuahua, proyecto impulsado por la presidenta Claudia Sheinbaum Pardo como parte del Sistema Nacional de Cuidados y\u00a0 en cumplimiento al compromiso con las mujeres trabajadoras de la industria maquiladora en la regi\u00f3n.<\/p>\n<p>&nbsp;<\/p>\n<p>Durante el arranque de obras desde la colonia Las Gladiolas, en enlace a la conferencia matutina: \u201cLas ma\u00f1aneras del pueblo\u201d en Palacio Nacional presidida por la titular del Ejecutivo Federal, el director general del IMSS, Zo\u00e9 Robledo, destac\u00f3 que en el D\u00eda de las Ni\u00f1as y los Ni\u00f1os se coloca la primera piedra de los CECI, \u201cun nuevo momento, sobre todo para las mujeres trabajadoras, de tener un lugar seguro y adecuado para las infancias donde se promueve su desarrollo\u201d.<\/p>\n<p>&nbsp;<\/p>\n<p>Dijo que para la construcci\u00f3n de este centro se cuenta con un terreno de mil 382 metros cuadrados donado por el municipio de Ciudad Ju\u00e1rez, se invertir\u00e1n 46 millones de pesos y va a generar 63 empleos directos, \u201cpero lo m\u00e1s importante, dejamos atr\u00e1s la subrogaci\u00f3n con un nuevo modelo pedag\u00f3gico de prestaci\u00f3n directa que refuerza la estimulaci\u00f3n temprana, vacunaci\u00f3n, alimentaci\u00f3n sana variada y suficiente, enfocado en ni\u00f1as, ni\u00f1os y en toda la comunidad que se involucra de manera directa en el sistema de cuidados\u201d.<\/p>\n<p>&nbsp;<\/p>\n<p>Enfatiz\u00f3 que con la colocaci\u00f3n de la primera piedra se beneficiar\u00e1 a menores de 43 d\u00edas de nacimiento a los cuatro a\u00f1os de edad; se prev\u00e9 que en octubre sea inaugurado el primer CECI del Seguro Social y que en 2025 entren en operaci\u00f3n 12 Centros al sumar dos que construyen el DIF y el municipio de Ciudad Ju\u00e1rez, y cinco en conjunto con empresas de parques industriales.<\/p>\n<p>&nbsp;<\/p>\n<p>\u201cCreemos que los CECI en este segundo piso de la cuarta transformaci\u00f3n se van a convertir en la piedra angular del nuevo Sistema Nacional de Cuidados, nos lo ha planteado como un reto la Presidenta Claudia Sheinbaum, construir 200 CECI en todo lo ancho y lo largo del pa\u00eds, pero iniciando aqu\u00ed en donde la deuda era quiz\u00e1 mayor, en Ciudad Ju\u00e1rez\u201d, se\u00f1al\u00f3.<\/p>\n<p>&nbsp;<\/p>\n<p>Posterior al enlace en la conferencia de prensa en Palacio Nacional, se llev\u00f3 a cabo un acto protocolario para dar inicio a la construcci\u00f3n del CECI en la Colonia Las Gladiolas. Al respecto, el director de Prestaciones Econ\u00f3micas y Sociales del IMSS, doctor Mauricio Hern\u00e1ndez \u00c1vila, dijo que este modelo es una pol\u00edtica p\u00fablica de justicia social que articula salud, educaci\u00f3n, nutrici\u00f3n y protecci\u00f3n en un entorno centrado en la infancia.<\/p>\n<p>&nbsp;<\/p>\n<p>Se\u00f1al\u00f3 la importancia de reconocer las necesidades de las y los menores, intereses y etapas de desarrollo como el eje desde el cual se construyen los entornos de aprendizaje; el enfoque de equidad del modelo y que con cada piedra que se coloca se construyen no solo edificios, sino tambi\u00e9n sue\u00f1os, oportunidades y mejores futuros para las ni\u00f1as y los ni\u00f1os juarenses.<\/p>\n<p>&nbsp;<\/p>\n<p><strong>Nueva visi\u00f3n para la atenci\u00f3n y cuidado de las infancias<\/strong><\/p>\n<p>&nbsp;<\/p>\n<p>Por su parte, la titular del Sistema Nacional para el Desarrollo Integral de la Familia (DIF), Mar\u00eda del Roc\u00edo Garc\u00eda P\u00e9rez, reconoci\u00f3 la visi\u00f3n de la Presidenta de M\u00e9xico, Claudia Sheinbaum Pardo, para la atenci\u00f3n y cuidado de las infancias; dijo que el inicio de esta obra simboliza un cambio profundo en la manera en que se concibe el cuidado infantil, as\u00ed como su derecho a un desarrollo integral sin ninguna restricci\u00f3n.<\/p>\n<p>&nbsp;<\/p>\n<p>Refiri\u00f3 que la suma de esfuerzos es el inicio de la construcci\u00f3n de un sistema nacional y progresivo de cuidados que permitir\u00e1 a las familias, en especial a las mujeres, conciliar su vida personal y laboral con la certeza en que sus hijas e hijos acudan a espacios dignos, que promueven su desarrollo integral de la mano de profesionales en la materia.<\/p>\n<p>&nbsp;<\/p>\n<p>En su mensaje, el presidente municipal de Ciudad Ju\u00e1rez, Cruz P\u00e9rez Cu\u00e9llar, agradeci\u00f3 a la titular del Ejecutivo Federal por considerar en este municipio para el arranque de este proyecto que tiene como objetivo el cuidado prioritario de las infancias; destac\u00f3 que esta estrategia contempla la construcci\u00f3n de 200 Centros de Educaci\u00f3n y Cuidado Infantil (CECI) en todo el pa\u00eds durante el sexenio.<\/p>\n<p>&nbsp;<\/p>\n<p>Abund\u00f3 que se trabaja para que esta prestaci\u00f3n tambi\u00e9n beneficia a ni\u00f1as y ni\u00f1os de Ciudad Ju\u00e1rez que no son derechohabientes, ya que esto es parte del reconocimiento a las mujeres juarenses y a la econom\u00eda de la entidad, quienes en su mayor\u00eda se dedican a la industria y a la maquiladora de exportaci\u00f3n.<\/p>\n<p>&nbsp;<\/p>\n<p>Autoridades federales, municipales y del IMSS visitaron los fraccionamientos Paraje Oriente y Senderos de San Isidro donde tambi\u00e9n se coloc\u00f3 la primera piedra para edificar los nuevos centros infantiles, a los que se suman los predios en Municipio Libre y Urbivilla del Cedro.<\/p>\n<p>&nbsp;<\/p>\n<p><strong>\u00a0<\/strong><\/p>\n","protected":false},"excerpt":{"rendered":"<p>&nbsp; \u00a0 Zo\u00e9 Robledo encabez\u00f3 la colocaci\u00f3n de la primera piedra para su construcci\u00f3n en la colonia Las Gladiolas, en Ciudad Ju\u00e1rez \u00a0 El director de Prestaciones Econ\u00f3micas y Sociales, Mauricio Hern\u00e1ndez, destac\u00f3 que esta pol\u00edtica p\u00fablica de justicia social articula salud, educaci\u00f3n, nutrici\u00f3n y protecci\u00f3n El gobierno de M\u00e9xico, a trav\u00e9s del Instituto Mexicano [&hellip;]<\/p>\n","protected":false},"author":14,"featured_media":665547,"comment_status":"open","ping_status":"open","sticky":false,"template":"","format":"standard","meta":{"_monsterinsights_skip_tracking":false,"_monsterinsights_sitenote_active":false,"_monsterinsights_sitenote_note":"","_monsterinsights_sitenote_category":0,"footnotes":""},"categories":[16,3,877],"tags":[],"class_list":["post-665546","post","type-post","status-publish","format-standard","has-post-thumbnail","hentry","category-destacadas","category-nacional","category-salud"],"_links":{"self":[{"href":"https:\/\/www.diarioimagen.net\/index.php?rest_route=\/wp\/v2\/posts\/665546","targetHints":{"allow":["GET"]}}],"collection":[{"href":"https:\/\/www.diarioimagen.net\/index.php?rest_route=\/wp\/v2\/posts"}],"about":[{"href":"https:\/\/www.diarioimagen.net\/index.php?rest_route=\/wp\/v2\/types\/post"}],"author":[{"embeddable":true,"href":"https:\/\/www.diarioimagen.net\/index.php?rest_route=\/wp\/v2\/users\/14"}],"replies":[{"embeddable":true,"href":"https:\/\/www.diarioimagen.net\/index.php?rest_route=%2Fwp%2Fv2%2Fcomments&post=665546"}],"version-history":[{"count":1,"href":"https:\/\/www.diarioimagen.net\/index.php?rest_route=\/wp\/v2\/posts\/665546\/revisions"}],"predecessor-version":[{"id":665548,"href":"https:\/\/www.diarioimagen.net\/index.php?rest_route=\/wp\/v2\/posts\/665546\/revisions\/665548"}],"wp:featuredmedia":[{"embeddable":true,"href":"https:\/\/www.diarioimagen.net\/index.php?rest_route=\/wp\/v2\/media\/665547"}],"wp:attachment":[{"href":"https:\/\/www.diarioimagen.net\/index.php?rest_route=%2Fwp%2Fv2%2Fmedia&parent=665546"}],"wp:term":[{"taxonomy":"category","embeddable":true,"href":"https:\/\/www.diarioimagen.net\/index.php?rest_route=%2Fwp%2Fv2%2Fcategories&post=665546"},{"taxonomy":"post_tag","embeddable":true,"href":"https:\/\/www.diarioimagen.net\/index.php?rest_route=%2Fwp%2Fv2%2Ftags&post=665546"}],"curies":[{"name":"wp","href":"https:\/\/api.w.org\/{rel}","templated":true}]}}