{"id":665563,"date":"2025-05-01T00:00:40","date_gmt":"2025-05-01T06:00:40","guid":{"rendered":"https:\/\/www.diarioimagen.net\/?p=665563"},"modified":"2025-04-30T20:17:52","modified_gmt":"2025-05-01T02:17:52","slug":"gran-premio-de-mexico-extendera-contrato-por-mas-anos-a-partir-de-2026","status":"publish","type":"post","link":"https:\/\/www.diarioimagen.net\/?p=665563","title":{"rendered":"Gran Premio de M\u00e9xico extender\u00e1  contrato por m\u00e1s a\u00f1os a partir de 2026  \u00a0"},"content":{"rendered":"<ul>\n<li><strong>F\u00f3rmula 1 en CDMX para rato<\/strong><\/li>\n<li><strong>Hay rumores de que Sergio \u201cCheco\u201d P\u00e9rez se unir\u00e1 a la escuder\u00eda Cadillac<\/strong><\/li>\n<\/ul>\n<p>&nbsp;<\/p>\n<div id=\"attachment_665575\" style=\"width: 470px\" class=\"wp-caption alignnone\"><img loading=\"lazy\" decoding=\"async\" aria-describedby=\"caption-attachment-665575\" class=\"wp-image-665575 size-large\" src=\"https:\/\/www.diarioimagen.net\/wp-content\/uploads\/2025\/04\/GRAN-PREMIO-ok-460x259.jpg\" alt=\"\" width=\"460\" height=\"259\" srcset=\"https:\/\/www.diarioimagen.net\/wp-content\/uploads\/2025\/04\/GRAN-PREMIO-ok-460x259.jpg 460w, https:\/\/www.diarioimagen.net\/wp-content\/uploads\/2025\/04\/GRAN-PREMIO-ok-240x135.jpg 240w, https:\/\/www.diarioimagen.net\/wp-content\/uploads\/2025\/04\/GRAN-PREMIO-ok-768x432.jpg 768w, https:\/\/www.diarioimagen.net\/wp-content\/uploads\/2025\/04\/GRAN-PREMIO-ok-480x270.jpg 480w, https:\/\/www.diarioimagen.net\/wp-content\/uploads\/2025\/04\/GRAN-PREMIO-ok-235x132.jpg 235w, https:\/\/www.diarioimagen.net\/wp-content\/uploads\/2025\/04\/GRAN-PREMIO-ok-202x114.jpg 202w, https:\/\/www.diarioimagen.net\/wp-content\/uploads\/2025\/04\/GRAN-PREMIO-ok-350x196.jpg 350w, https:\/\/www.diarioimagen.net\/wp-content\/uploads\/2025\/04\/GRAN-PREMIO-ok-220x123.jpg 220w, https:\/\/www.diarioimagen.net\/wp-content\/uploads\/2025\/04\/GRAN-PREMIO-ok-237x132.jpg 237w, https:\/\/www.diarioimagen.net\/wp-content\/uploads\/2025\/04\/GRAN-PREMIO-ok.jpg 1500w\" sizes=\"auto, (max-width: 460px) 100vw, 460px\" \/><p id=\"caption-attachment-665575\" class=\"wp-caption-text\">El Gran Premio de M\u00e9xico continuar\u00e1 en el calendario durante tres a\u00f1os m\u00e1s en la Ciudad de M\u00e9xico, los cuales comenzar\u00e1n a correr a partir de 2026.<\/p><\/div>\n<p>&nbsp;<\/p>\n<p>Los organizadores del evento de la F1 y la jefa de Gobierno de la Ciudad de M\u00e9xico, Clara Brugada, informaron este mi\u00e9rcoles que el Gran Premio de M\u00e9xico continuar\u00e1 en el calendario durante tres a\u00f1os m\u00e1s, los cuales comenzar\u00e1n a correr a partir de 2026.<\/p>\n<p>&nbsp;<\/p>\n<p>\u201cEstamos muy emocionados de anunciar que el Gran Premio de la Ciudad de M\u00e9xico continuar\u00e1 siendo parte de nuestro calendario hasta la temporada 2028. La F\u00f3rmula 1 es energ\u00eda, pasi\u00f3n y emoci\u00f3n, y cada a\u00f1o la atm\u00f3sfera \u00fanica que crean nuestros fans en la Ciudad de M\u00e9xico\u201d, comparti\u00f3 en un comunicado Stefano Domenicali, Presidente y CEO de la F\u00f3rmula 1.<\/p>\n<p>&nbsp;<\/p>\n<p>Por su parte, Alejandro Sober\u00f3n Kuri, el director de Grupo CIE, extern\u00f3 su agradecimiento a la presidenta Claudia Sheinbaum y a la jefa de Gobierno, Calara Brugada, por \u201chacer posible que la F\u00f3rmula 1 contin\u00fae llegando a nuestro pa\u00eds\u201d.<\/p>\n<p>&nbsp;<\/p>\n<p>Este es uno de los eventos m\u00e1s grandes en la Ciudad de M\u00e9xico, ya que tan solo el a\u00f1o pasado, el GP de M\u00e9xico tuvo una asistencia de 405 mil personas; adem\u00e1s se trata de un circuito especial para los amantes del deporte motor, pues Lewis Hamilton consigui\u00f3 su cuarto y quinto campeonato mundial de pilotos en 2017 y 2018, durante este.<\/p>\n<p>&nbsp;<\/p>\n<p>Es as\u00ed que Alejandro Sober\u00f3n coment\u00f3: \u201ccontinuaremos trabajando arduamente para que los fans aprovechen al m\u00e1ximo un evento que ofrece una experiencia de entretenimiento en vivo \u00fanica.\u201d<\/p>\n<p>&nbsp;<\/p>\n<p><strong>El contrato se extender\u00e1 por m\u00e1s a\u00f1os<\/strong><\/p>\n<p>&nbsp;<\/p>\n<p>&nbsp;<\/p>\n<p>Por su parte, la jefa de Gobierno de la Ciudad de M\u00e9xico, durante la conferencia de prensa donde asegur\u00f3 que, aunque el contrato durar\u00e1 hasta el 2028, este se volver\u00e1 a firmar, pero por m\u00e1s tiempo. \u201cLa Ciudad de M\u00e9xico es la casa de la F\u00f3rmula 1\u2033, dijo.<\/p>\n<p>&nbsp;<\/p>\n<p>\u201cEste convenio se firma como un compromiso entre la F\u00f3rmula 1 y el gobierno de la capital para asegurar el Gran Premio de M\u00e9xico hasta el 2028, aunque eso no implica que hasta ah\u00ed va a llegar, ya tenemos amarradas fechas\u201d, indic\u00f3.<\/p>\n<p>&nbsp;<\/p>\n<p>A pesar de que por ahora, la jefa de gobierno de la Ciudad de M\u00e9xico no inform\u00f3 por cu\u00e1nto tiempo m\u00e1s el Gran Premio de M\u00e9xico extender\u00e1 su contrato con la F\u00f3rmula 1, explic\u00f3 que pronto se tendr\u00e1n m\u00e1s noticias al respecto.<\/p>\n<p>&nbsp;<\/p>\n<p>Esto debido a que coment\u00f3: \u201ca principios del pr\u00f3ximo a\u00f1o estaremos d\u00e1ndoles buenas noticias de la continuidad de este maravilloso evento para m\u00e1s a\u00f1os en la Ciudad de M\u00e9xico\u201d; as\u00ed que tenemos GP de M\u00e9xico mucho tiempo m\u00e1s.<\/p>\n<p>&nbsp;<\/p>\n<p><strong>\u00bfCu\u00e1ndo ser\u00e1 el Gran Premio de M\u00e9xico 2025? Fechas y sede<\/strong><\/p>\n<p>&nbsp;<\/p>\n<p>Cada una de las carreras de la F\u00f3rmula 1 que se han realizado este a\u00f1o han tenido momentos especiales, tal como el Gran Premio de Jap\u00f3n en donde Yuki Tsunoda debut\u00f3 como piloto de Red Bull tras la salida de Liam Lawson o la carrera sprint del GP de China, en donde Lewis Hamilton tuvo una victoria.<\/p>\n<p>&nbsp;<\/p>\n<p>Y aunque por ahora, Oscar Piastri, de McLaren, lidera el campeonato de pilotos de la F\u00f3rmula 1, el panorama puede ser muy diferente cuando d\u00e9 inicio el Gran Premio de M\u00e9xico 2025, pues esta es una de las \u00faltimas carreras de la temporada.<\/p>\n<p>&nbsp;<\/p>\n<p>Este evento en la Ciudad de M\u00e9xico se llevar\u00e1 a cabo los pr\u00f3ximos 24, 25 y 26 de octubre en el ya conocido Aut\u00f3dromo Hermanos Rodr\u00edguez, el cual ser\u00e1 la sede que recibir\u00e1 a todos los pilotos y los amantes del deporte motor.<\/p>\n<p>&nbsp;<\/p>\n<p>&nbsp;<\/p>\n<p>&nbsp;<\/p>\n<p><strong>Calendario F1 2025<\/strong><\/p>\n<p>&nbsp;<\/p>\n<p>&nbsp;<\/p>\n<blockquote><p>Mientras esperas la emoci\u00f3n y adrenalina de la F\u00f3rmula 1 en la Ciudad de M\u00e9xico, puedes disfrutar de las dem\u00e1s carreras que se realizar\u00e1n, ya que a\u00fan faltan algunos meses para que el Aut\u00f3dromo Hermanos Rodr\u00edguez se convierta en el escenario de una carrera m\u00e1s.<\/p>\n<p>&nbsp;<\/p>\n<p>A continuaci\u00f3n te dejamos los Gran Premio que faltan por correr, as\u00ed como las fechas y horas en las cuales se realizar\u00e1n:<\/p>\n<p>&nbsp;<\/p>\n<p>GP de Miami \u2013 2 al 4 de mayo, 14:00 (tiempo central de M\u00e9xico), Circuito urbano de Miami, Miami<\/p>\n<p>GP de Emilia Roma\u00f1a \u2013 16 al 18 de mayo, 07:00 (tiempo central de M\u00e9xico), Autodromo Enzo e Dino Ferrari, Imola<\/p>\n<p>GP de M\u00f3naco \u2013 23 al 25 de mayo, 07:00 (tiempo central de M\u00e9xico), Circuito de M\u00f3naco, Montecarlo<\/p>\n<p>GP de Espa\u00f1a \u2013 30 de mayo al 1 de junio, 07:00 (tiempo central de M\u00e9xico), Circuit de Barcelona-Catalunya, Montmel\u00f3<\/p>\n<p>GP de Canad\u00e1 \u2013 13 al 15 de junio, 13:00 (tiempo central de M\u00e9xico), Circuito Gilles Villeneuve, Montreal<\/p>\n<p>GP de Austria \u2013 27 al 29 de junio, 07:00 (tiempo central de M\u00e9xico), Red Bull Ring, Knittelfeld<\/p>\n<p>GP de Gran Breta\u00f1a \u2013 5 al 6 de julio, 08:00 (tiempo central de M\u00e9xico), Circuito de Silverstone, Silverstone<\/p>\n<p>GP de B\u00e9lgica \u2013 25 al 27 de julio, 07:00 (tiempo central de M\u00e9xico), Circuito de Spa-Francorchamps, Spa-Francorchamps<\/p>\n<p>GP de Hungr\u00eda \u2013 1 al 3 de agosto, 07:00 (tiempo central de M\u00e9xico), Circuito de Hungaroring, Mogyor\u00f3d<\/p>\n<p>GP de los Pa\u00edses Bajos \u2013 29 al 31 de agosto, 07:00 (tiempo central de M\u00e9xico), Circuito de Zandvoort, Zandvoort<\/p>\n<p>GP de Italia \u2013 5 al 7 de septiembre, 07:00 (tiempo central de M\u00e9xico), Circuito de Monza, Monza<\/p>\n<p>GP de Azerbaiy\u00e1n \u2013 19 al 21 de septiembre, 05:00 (tiempo central de M\u00e9xico), Bak\u00fa City Circuit, Bak\u00fa<\/p>\n<p>GP de Singapur \u2013 3 al 5 de octubre, 06:00 (tiempo central de M\u00e9xico), Circuito de Marina Bay, Singapur<\/p>\n<p>GP de Estados Unidos \u2013 17 al 19 de octubre, 13:00 (tiempo central de M\u00e9xico), Circuito de las Am\u00e9ricas, Austin<\/p>\n<p>GP de M\u00e9xico \u2013 24 al 26 de octubre, 14:00 (tiempo central de M\u00e9xico), Aut\u00f3dromo Hermanos Rodr\u00edguez, Ciudad de M\u00e9xico<\/p>\n<p>GP de Sao Paulo \u2013 7 al 9 de noviembre, 11:00 (tiempo central de M\u00e9xico), Circuito Jos\u00e9 Carlos Pace (Interlagos), S\u00e3o Paulo<\/p>\n<p>GP de Las Vegas \u2013 20 al 22 de noviembre, 22:00 (tiempo central de M\u00e9xico), Circuito de Las Vegas, Las Vegas<\/p>\n<p>GP de Qatar \u2013 28 al 30 de noviembre, 10:00 (tiempo central de M\u00e9xico), Circuito de Losail, Losail<\/p>\n<p>GP de Abu Dhabi \u2013 5 al 7 de diciembre, 07:00 (tiempo central de M\u00e9xico), Circuito de Yas Marina, Abu Dhabi.<\/p><\/blockquote>\n<p>&nbsp;<\/p>\n<p><strong>\u00a0<\/strong><\/p>\n","protected":false},"excerpt":{"rendered":"<p>F\u00f3rmula 1 en CDMX para rato Hay rumores de que Sergio \u201cCheco\u201d P\u00e9rez se unir\u00e1 a la escuder\u00eda Cadillac &nbsp; &nbsp; Los organizadores del evento de la F1 y la jefa de Gobierno de la Ciudad de M\u00e9xico, Clara Brugada, informaron este mi\u00e9rcoles que el Gran Premio de M\u00e9xico continuar\u00e1 en el calendario durante tres [&hellip;]<\/p>\n","protected":false},"author":14,"featured_media":665575,"comment_status":"open","ping_status":"open","sticky":false,"template":"","format":"standard","meta":{"_monsterinsights_skip_tracking":false,"_monsterinsights_sitenote_active":false,"_monsterinsights_sitenote_note":"","_monsterinsights_sitenote_category":0,"footnotes":""},"categories":[16,17,10],"tags":[],"class_list":["post-665563","post","type-post","status-publish","format-standard","has-post-thumbnail","hentry","category-destacadas","category-especiales","category-deportes"],"_links":{"self":[{"href":"https:\/\/www.diarioimagen.net\/index.php?rest_route=\/wp\/v2\/posts\/665563","targetHints":{"allow":["GET"]}}],"collection":[{"href":"https:\/\/www.diarioimagen.net\/index.php?rest_route=\/wp\/v2\/posts"}],"about":[{"href":"https:\/\/www.diarioimagen.net\/index.php?rest_route=\/wp\/v2\/types\/post"}],"author":[{"embeddable":true,"href":"https:\/\/www.diarioimagen.net\/index.php?rest_route=\/wp\/v2\/users\/14"}],"replies":[{"embeddable":true,"href":"https:\/\/www.diarioimagen.net\/index.php?rest_route=%2Fwp%2Fv2%2Fcomments&post=665563"}],"version-history":[{"count":1,"href":"https:\/\/www.diarioimagen.net\/index.php?rest_route=\/wp\/v2\/posts\/665563\/revisions"}],"predecessor-version":[{"id":665585,"href":"https:\/\/www.diarioimagen.net\/index.php?rest_route=\/wp\/v2\/posts\/665563\/revisions\/665585"}],"wp:featuredmedia":[{"embeddable":true,"href":"https:\/\/www.diarioimagen.net\/index.php?rest_route=\/wp\/v2\/media\/665575"}],"wp:attachment":[{"href":"https:\/\/www.diarioimagen.net\/index.php?rest_route=%2Fwp%2Fv2%2Fmedia&parent=665563"}],"wp:term":[{"taxonomy":"category","embeddable":true,"href":"https:\/\/www.diarioimagen.net\/index.php?rest_route=%2Fwp%2Fv2%2Fcategories&post=665563"},{"taxonomy":"post_tag","embeddable":true,"href":"https:\/\/www.diarioimagen.net\/index.php?rest_route=%2Fwp%2Fv2%2Ftags&post=665563"}],"curies":[{"name":"wp","href":"https:\/\/api.w.org\/{rel}","templated":true}]}}