{"id":665600,"date":"2025-05-01T00:00:22","date_gmt":"2025-05-01T06:00:22","guid":{"rendered":"https:\/\/www.diarioimagen.net\/?p=665600"},"modified":"2025-04-30T20:31:34","modified_gmt":"2025-05-01T02:31:34","slug":"participa-uaemex-en-el-primer-simulacro-nacional-2025","status":"publish","type":"post","link":"https:\/\/www.diarioimagen.net\/?p=665600","title":{"rendered":"Participa UAEM\u00e9x en el Primer Simulacro Nacional 2025"},"content":{"rendered":"<p>&nbsp;<\/p>\n<ul>\n<li>Este ejercicio fue realizado en cada uno de los espacios acad\u00e9micos y administrativos de la M\u00e1xima Casa de Estudios mexiquense, con el fin de fomentar una cultura de protecci\u00f3n civil y establecer los puntos de reuni\u00f3n en caso de emergencia o desastres naturales.<\/li>\n<\/ul>\n<p><img loading=\"lazy\" decoding=\"async\" class=\"alignnone wp-image-665601 size-large\" src=\"https:\/\/www.diarioimagen.net\/wp-content\/uploads\/2025\/04\/UAEM-02-9-405x270.jpg\" alt=\"\" width=\"405\" height=\"270\" srcset=\"https:\/\/www.diarioimagen.net\/wp-content\/uploads\/2025\/04\/UAEM-02-9-405x270.jpg 405w, https:\/\/www.diarioimagen.net\/wp-content\/uploads\/2025\/04\/UAEM-02-9-240x160.jpg 240w, https:\/\/www.diarioimagen.net\/wp-content\/uploads\/2025\/04\/UAEM-02-9-768x512.jpg 768w, https:\/\/www.diarioimagen.net\/wp-content\/uploads\/2025\/04\/UAEM-02-9.jpg 1333w\" sizes=\"auto, (max-width: 405px) 100vw, 405px\" \/><\/p>\n<p><strong>Toluca, M\u00e9x. <\/strong>Con una hip\u00f3tesis de sismo de 8.1 grados con epicentro en el Golfo de Tehuantepec, Oaxaca, la comunidad de la Universidad Aut\u00f3noma del Estado de M\u00e9xico (UAEM\u00e9x) particip\u00f3 en el Primer Simulacro Nacional 2025.<\/p>\n<p>Este ejercicio fue realizado en cada uno de los espacios acad\u00e9micos y administrativos de la M\u00e1xima Casa de Estudios mexiquense, con el fin de fomentar una cultura de protecci\u00f3n civil y establecer los puntos de reuni\u00f3n en caso de emergencia o desastres naturales.<\/p>\n<p>La UAEM\u00e9x report\u00f3 la participaci\u00f3n de m\u00e1s 110 mil integrantes, entre estudiantado, docentes y personas trabajadoras en 24 municipios mexiquenses: Axapusco, Acolman, Almoloya de Alquisiras, Amecameca, Atizap\u00e1n, Atlacomulco, Chimalhuac\u00e1n, Cuautitl\u00e1n Izcalli, Ecatepec, Huehuetoca, Malinalco, Metepec, Nezahualc\u00f3yotl, Temoaya, Tec\u00e1mac, Tejupilco, Temascaltepec, Tenancingo, Texcoco, Tianguistenco, Tlalnepantla, Toluca, Valle de Chalco, Zumpango.<\/p>\n<p>Asimismo, la comunidad auriverde evacu\u00f3 sus diferentes instalaciones en un tiempo aproximado de tres minutos, donde no se reportaron da\u00f1os a personas o espacios universitarios.<\/p>\n<p>La Aut\u00f3noma mexiquense cuenta con brigadas de seguridad y protecci\u00f3n civil perfectamente capacitadas para actuar en caso de emergencia y cuenta con\u00a0protocolos de actuaci\u00f3n, los cuales permiten ejecutar medidas de protecci\u00f3n adecuadas para la comunidad universitaria.<\/p>\n<p>&nbsp;<\/p>\n","protected":false},"excerpt":{"rendered":"<p>&nbsp; Este ejercicio fue realizado en cada uno de los espacios acad\u00e9micos y administrativos de la M\u00e1xima Casa de Estudios mexiquense, con el fin de fomentar una cultura de protecci\u00f3n civil y establecer los puntos de reuni\u00f3n en caso de emergencia o desastres naturales. Toluca, M\u00e9x. Con una hip\u00f3tesis de sismo de 8.1 grados con [&hellip;]<\/p>\n","protected":false},"author":14,"featured_media":665601,"comment_status":"open","ping_status":"open","sticky":false,"template":"","format":"standard","meta":{"_monsterinsights_skip_tracking":false,"_monsterinsights_sitenote_active":false,"_monsterinsights_sitenote_note":"","_monsterinsights_sitenote_category":0,"footnotes":""},"categories":[16,5],"tags":[],"class_list":["post-665600","post","type-post","status-publish","format-standard","has-post-thumbnail","hentry","category-destacadas","category-estado-de-mexico"],"_links":{"self":[{"href":"https:\/\/www.diarioimagen.net\/index.php?rest_route=\/wp\/v2\/posts\/665600","targetHints":{"allow":["GET"]}}],"collection":[{"href":"https:\/\/www.diarioimagen.net\/index.php?rest_route=\/wp\/v2\/posts"}],"about":[{"href":"https:\/\/www.diarioimagen.net\/index.php?rest_route=\/wp\/v2\/types\/post"}],"author":[{"embeddable":true,"href":"https:\/\/www.diarioimagen.net\/index.php?rest_route=\/wp\/v2\/users\/14"}],"replies":[{"embeddable":true,"href":"https:\/\/www.diarioimagen.net\/index.php?rest_route=%2Fwp%2Fv2%2Fcomments&post=665600"}],"version-history":[{"count":1,"href":"https:\/\/www.diarioimagen.net\/index.php?rest_route=\/wp\/v2\/posts\/665600\/revisions"}],"predecessor-version":[{"id":665602,"href":"https:\/\/www.diarioimagen.net\/index.php?rest_route=\/wp\/v2\/posts\/665600\/revisions\/665602"}],"wp:featuredmedia":[{"embeddable":true,"href":"https:\/\/www.diarioimagen.net\/index.php?rest_route=\/wp\/v2\/media\/665601"}],"wp:attachment":[{"href":"https:\/\/www.diarioimagen.net\/index.php?rest_route=%2Fwp%2Fv2%2Fmedia&parent=665600"}],"wp:term":[{"taxonomy":"category","embeddable":true,"href":"https:\/\/www.diarioimagen.net\/index.php?rest_route=%2Fwp%2Fv2%2Fcategories&post=665600"},{"taxonomy":"post_tag","embeddable":true,"href":"https:\/\/www.diarioimagen.net\/index.php?rest_route=%2Fwp%2Fv2%2Ftags&post=665600"}],"curies":[{"name":"wp","href":"https:\/\/api.w.org\/{rel}","templated":true}]}}