{"id":665719,"date":"2025-05-02T00:00:16","date_gmt":"2025-05-02T06:00:16","guid":{"rendered":"https:\/\/www.diarioimagen.net\/?p=665719"},"modified":"2025-05-01T19:50:11","modified_gmt":"2025-05-02T01:50:11","slug":"ucaranza-sanchez-la-scjn-debe-estar-al-nivel-de-necesidades-populares","status":"publish","type":"post","link":"https:\/\/www.diarioimagen.net\/?p=665719","title":{"rendered":"Ucaranza S\u00e1nchez: la SCJN debe  estar al nivel de\u00a0necesidades populares\u00a0"},"content":{"rendered":"<ul>\n<li><strong>Aspirante a ministra de la SCJN<\/strong><\/li>\n<\/ul>\n<div id=\"attachment_665720\" style=\"width: 226px\" class=\"wp-caption alignnone\"><img loading=\"lazy\" decoding=\"async\" aria-describedby=\"caption-attachment-665720\" class=\"wp-image-665720 size-large\" src=\"https:\/\/www.diarioimagen.net\/wp-content\/uploads\/2025\/05\/BAENA-2-OK-216x270.jpg\" alt=\"\" width=\"216\" height=\"270\" srcset=\"https:\/\/www.diarioimagen.net\/wp-content\/uploads\/2025\/05\/BAENA-2-OK-216x270.jpg 216w, https:\/\/www.diarioimagen.net\/wp-content\/uploads\/2025\/05\/BAENA-2-OK-192x240.jpg 192w, https:\/\/www.diarioimagen.net\/wp-content\/uploads\/2025\/05\/BAENA-2-OK-768x961.jpg 768w, https:\/\/www.diarioimagen.net\/wp-content\/uploads\/2025\/05\/BAENA-2-OK-1227x1536.jpg 1227w, https:\/\/www.diarioimagen.net\/wp-content\/uploads\/2025\/05\/BAENA-2-OK.jpg 1500w\" sizes=\"auto, (max-width: 216px) 100vw, 216px\" \/><p id=\"caption-attachment-665720\" class=\"wp-caption-text\">Ver\u00f3nica Elizabeth Ucaranza S\u00e1nchez indic\u00f3 que la SCJN necesita manejarse con un lenguaje sencillo y digerible para la poblaci\u00f3n y \u201cno guiarse por ocurrencias\u201d.<\/p><\/div>\n<p><strong>\u00a0<\/strong><\/p>\n<p>Por Arturo Baena<\/p>\n<p>Naucalpan, M\u00e9x.\u2013 \u201cDe ninguna manera y bajo ning\u00fan concepto, la Suprema Corte de Justicia de la Naci\u00f3n est\u00e1 para aventurarse. El m\u00e1ximo \u00f3rgano impartidor de justicia, debe ponerse a nivel de las necesidades de la poblaci\u00f3n\u201d.<\/p>\n<p>As\u00ed lo expres\u00f3 Ver\u00f3nica Elizabeth Ucaranza S\u00e1nchez, durante una invitaci\u00f3n de medios de comunicaci\u00f3n a platicar sobre su proyecto de llegar a Ministra de la Suprema Corte de Justicia de la Naci\u00f3n.<\/p>\n<p>Luego de dar a conocer su trayectoria, que data desde hace 3O a\u00f1os dentro del sistema de justicia en su natal estado de Jalisco, la doctora en derecho, Ver\u00f3nica Elizabeth Ucaranza S\u00e1nchez , indic\u00f3 que la SCJN necesita manejarse con un lenguaje sencillo y digerible para la poblaci\u00f3n y \u201cno guiarse por ocurrencias\u201d.<\/p>\n<p>Despu\u00e9s de se\u00f1alar que es la \u00fanica aspirante de Jalisco que compite en la boleta morada con el n\u00famero 32 para Ministra de la Suprema Corte de Justicia de la Naci\u00f3n, la doctora en derecho, se\u00f1al\u00f3 que tiene la experiencia y conocimientos con el que cubre el perfil que se requiere para llegar a ese m\u00e1ximo \u00f3rgano impartidor de justicia.<\/p>\n<p>\u201cEs necesario realizar un trabajo anteponiendo los derechos humanos y con perspectiva de g\u00e9nero\u201d, sostuvo la \u00fanica abogada de Jalisco que compite en la boleta morada con el n\u00famero 32 para Ministra de la SCJN.<\/p>\n<p>A la pregunta de que si era necesaria esta elecci\u00f3n en el Poder Judicial, manifest\u00f3 \u201cque el sistema (de justicia) siempre debe perfeccionarse.<\/p>\n<p>Sin embargo, se\u00f1al\u00f3 que los tiempos hacen la diferencia, con una curva de aprendizaje que permite que todos los involucrados de un universo participen.<\/p>\n<p>Ucaranza S\u00e1nchez, admiti\u00f3 que ahora ya se vive este proceso y existe el \u00e1nimo de que en M\u00e9xico las cosas sean mejores.<\/p>\n<p>Por otra parte, se pronunci\u00f3 porque la Suprema sea una instancia de puertas abiertas, \u201cpero no s\u00f3lo en lo f\u00edsico, sino en la atenci\u00f3n en las necesidades de la poblaci\u00f3n\u201d.<\/p>\n<p>&nbsp;<\/p>\n<p>&nbsp;<\/p>\n","protected":false},"excerpt":{"rendered":"<p>Aspirante a ministra de la SCJN \u00a0 Por Arturo Baena Naucalpan, M\u00e9x.\u2013 \u201cDe ninguna manera y bajo ning\u00fan concepto, la Suprema Corte de Justicia de la Naci\u00f3n est\u00e1 para aventurarse. El m\u00e1ximo \u00f3rgano impartidor de justicia, debe ponerse a nivel de las necesidades de la poblaci\u00f3n\u201d. As\u00ed lo expres\u00f3 Ver\u00f3nica Elizabeth Ucaranza S\u00e1nchez, durante una [&hellip;]<\/p>\n","protected":false},"author":14,"featured_media":665720,"comment_status":"open","ping_status":"open","sticky":false,"template":"","format":"standard","meta":{"_monsterinsights_skip_tracking":false,"_monsterinsights_sitenote_active":false,"_monsterinsights_sitenote_note":"","_monsterinsights_sitenote_category":0,"footnotes":""},"categories":[5],"tags":[],"class_list":["post-665719","post","type-post","status-publish","format-standard","has-post-thumbnail","hentry","category-estado-de-mexico"],"_links":{"self":[{"href":"https:\/\/www.diarioimagen.net\/index.php?rest_route=\/wp\/v2\/posts\/665719","targetHints":{"allow":["GET"]}}],"collection":[{"href":"https:\/\/www.diarioimagen.net\/index.php?rest_route=\/wp\/v2\/posts"}],"about":[{"href":"https:\/\/www.diarioimagen.net\/index.php?rest_route=\/wp\/v2\/types\/post"}],"author":[{"embeddable":true,"href":"https:\/\/www.diarioimagen.net\/index.php?rest_route=\/wp\/v2\/users\/14"}],"replies":[{"embeddable":true,"href":"https:\/\/www.diarioimagen.net\/index.php?rest_route=%2Fwp%2Fv2%2Fcomments&post=665719"}],"version-history":[{"count":1,"href":"https:\/\/www.diarioimagen.net\/index.php?rest_route=\/wp\/v2\/posts\/665719\/revisions"}],"predecessor-version":[{"id":665721,"href":"https:\/\/www.diarioimagen.net\/index.php?rest_route=\/wp\/v2\/posts\/665719\/revisions\/665721"}],"wp:featuredmedia":[{"embeddable":true,"href":"https:\/\/www.diarioimagen.net\/index.php?rest_route=\/wp\/v2\/media\/665720"}],"wp:attachment":[{"href":"https:\/\/www.diarioimagen.net\/index.php?rest_route=%2Fwp%2Fv2%2Fmedia&parent=665719"}],"wp:term":[{"taxonomy":"category","embeddable":true,"href":"https:\/\/www.diarioimagen.net\/index.php?rest_route=%2Fwp%2Fv2%2Fcategories&post=665719"},{"taxonomy":"post_tag","embeddable":true,"href":"https:\/\/www.diarioimagen.net\/index.php?rest_route=%2Fwp%2Fv2%2Ftags&post=665719"}],"curies":[{"name":"wp","href":"https:\/\/api.w.org\/{rel}","templated":true}]}}