{"id":665722,"date":"2025-05-02T00:00:23","date_gmt":"2025-05-02T06:00:23","guid":{"rendered":"https:\/\/www.diarioimagen.net\/?p=665722"},"modified":"2025-05-01T19:52:00","modified_gmt":"2025-05-02T01:52:00","slug":"urge-fortalecer-a-las-policias-municipales-dice-vargas-del-villar","status":"publish","type":"post","link":"https:\/\/www.diarioimagen.net\/?p=665722","title":{"rendered":"Urge fortalecer a las polic\u00edas  municipales, dice Vargas del Villar"},"content":{"rendered":"<p>&nbsp;<\/p>\n<ul>\n<li><strong>Comparecencia de Garc\u00eda Harfuch en el Senado<\/strong><\/li>\n<\/ul>\n<div id=\"attachment_665723\" style=\"width: 294px\" class=\"wp-caption alignnone\"><img loading=\"lazy\" decoding=\"async\" aria-describedby=\"caption-attachment-665723\" class=\"wp-image-665723 size-large\" src=\"https:\/\/www.diarioimagen.net\/wp-content\/uploads\/2025\/05\/BAENA-3-OK-284x270.jpg\" alt=\"\" width=\"284\" height=\"270\" srcset=\"https:\/\/www.diarioimagen.net\/wp-content\/uploads\/2025\/05\/BAENA-3-OK-284x270.jpg 284w, https:\/\/www.diarioimagen.net\/wp-content\/uploads\/2025\/05\/BAENA-3-OK-240x228.jpg 240w, https:\/\/www.diarioimagen.net\/wp-content\/uploads\/2025\/05\/BAENA-3-OK-768x731.jpg 768w, https:\/\/www.diarioimagen.net\/wp-content\/uploads\/2025\/05\/BAENA-3-OK.jpg 1500w\" sizes=\"auto, (max-width: 284px) 100vw, 284px\" \/><p id=\"caption-attachment-665723\" class=\"wp-caption-text\"><br \/>El senador Enrique Vargas del Villar hizo un llamado urgente a fortalecer las polic\u00edas municipales en el pa\u00eds, durante la comparecencia del titular de la SSPC, Omar Garc\u00eda Harfuch.<\/p><\/div>\n<p>&nbsp;<\/p>\n<p>Por Arturo Baena<\/p>\n<p>&nbsp;<\/p>\n<p>Valle de M\u00e9xico.- Durante la comparecencia del titular de la Secretar\u00eda de Seguridad y Protecci\u00f3n Ciudadana, Omar Garc\u00eda Harfuch, el senador Enrique Vargas del Villar hizo un llamado urgente a fortalecer las polic\u00edas municipales en todo el pa\u00eds.<\/p>\n<p>&nbsp;<\/p>\n<p>El vicecoordinador de los senadores del Partido Acci\u00f3n Nacional (PAN) subray\u00f3 que m\u00e1s de 600 municipios carecen de un solo elemento policiaco, situaci\u00f3n que calific\u00f3 como alarmante ante el clima creciente de violencia e inseguridad.<\/p>\n<p>&nbsp;<\/p>\n<p>\u201cEl FORTASEG (antes FORTASEM) s\u00f3lo llega a 50 municipios prioritarios. Debe ampliarse al menos a 100. Se necesita m\u00e1s presupuesto para armamento y capacitaci\u00f3n\u201d, advirti\u00f3 Vargas del Villar.<\/p>\n<p>&nbsp;<\/p>\n<p>El senador mexiquense enfatiz\u00f3 que las corporaciones municipales poseen informaci\u00f3n clave que muchas veces no tienen las fuerzas estatales o federales, lo que las convierte en piezas fundamentales en la estrategia nacional de seguridad.<\/p>\n<p>&nbsp;<\/p>\n<p>Vargas del Villar\u00a0 tambi\u00e9n alert\u00f3 que, sin una reducci\u00f3n real de la delincuencia, el pa\u00eds corre el riesgo de perder inversi\u00f3n nacional e internacional, algo que afectar\u00eda directamente al desarrollo econ\u00f3mico.<\/p>\n<p>&nbsp;<\/p>\n<p>La comparecencia se llev\u00f3 a cabo en un contexto especialmente delicado, tras los recientes asesinatos de candidatos en Veracruz, lo que refleja el deterioro de la seguridad en diversas regiones del pa\u00eds.<\/p>\n<p>&nbsp;<\/p>\n<p>&nbsp;<\/p>\n","protected":false},"excerpt":{"rendered":"<p>&nbsp; Comparecencia de Garc\u00eda Harfuch en el Senado &nbsp; Por Arturo Baena &nbsp; Valle de M\u00e9xico.- Durante la comparecencia del titular de la Secretar\u00eda de Seguridad y Protecci\u00f3n Ciudadana, Omar Garc\u00eda Harfuch, el senador Enrique Vargas del Villar hizo un llamado urgente a fortalecer las polic\u00edas municipales en todo el pa\u00eds. &nbsp; El vicecoordinador de [&hellip;]<\/p>\n","protected":false},"author":14,"featured_media":665723,"comment_status":"open","ping_status":"open","sticky":false,"template":"","format":"standard","meta":{"_monsterinsights_skip_tracking":false,"_monsterinsights_sitenote_active":false,"_monsterinsights_sitenote_note":"","_monsterinsights_sitenote_category":0,"footnotes":""},"categories":[5],"tags":[],"class_list":["post-665722","post","type-post","status-publish","format-standard","has-post-thumbnail","hentry","category-estado-de-mexico"],"_links":{"self":[{"href":"https:\/\/www.diarioimagen.net\/index.php?rest_route=\/wp\/v2\/posts\/665722","targetHints":{"allow":["GET"]}}],"collection":[{"href":"https:\/\/www.diarioimagen.net\/index.php?rest_route=\/wp\/v2\/posts"}],"about":[{"href":"https:\/\/www.diarioimagen.net\/index.php?rest_route=\/wp\/v2\/types\/post"}],"author":[{"embeddable":true,"href":"https:\/\/www.diarioimagen.net\/index.php?rest_route=\/wp\/v2\/users\/14"}],"replies":[{"embeddable":true,"href":"https:\/\/www.diarioimagen.net\/index.php?rest_route=%2Fwp%2Fv2%2Fcomments&post=665722"}],"version-history":[{"count":1,"href":"https:\/\/www.diarioimagen.net\/index.php?rest_route=\/wp\/v2\/posts\/665722\/revisions"}],"predecessor-version":[{"id":665724,"href":"https:\/\/www.diarioimagen.net\/index.php?rest_route=\/wp\/v2\/posts\/665722\/revisions\/665724"}],"wp:featuredmedia":[{"embeddable":true,"href":"https:\/\/www.diarioimagen.net\/index.php?rest_route=\/wp\/v2\/media\/665723"}],"wp:attachment":[{"href":"https:\/\/www.diarioimagen.net\/index.php?rest_route=%2Fwp%2Fv2%2Fmedia&parent=665722"}],"wp:term":[{"taxonomy":"category","embeddable":true,"href":"https:\/\/www.diarioimagen.net\/index.php?rest_route=%2Fwp%2Fv2%2Fcategories&post=665722"},{"taxonomy":"post_tag","embeddable":true,"href":"https:\/\/www.diarioimagen.net\/index.php?rest_route=%2Fwp%2Fv2%2Ftags&post=665722"}],"curies":[{"name":"wp","href":"https:\/\/api.w.org\/{rel}","templated":true}]}}