{"id":665866,"date":"2025-05-05T00:00:30","date_gmt":"2025-05-05T06:00:30","guid":{"rendered":"https:\/\/www.diarioimagen.net\/?p=665866"},"modified":"2025-05-04T19:42:20","modified_gmt":"2025-05-05T01:42:20","slug":"tomas-palomares-parra-refrenda-compromiso-de-seguir-luchando-en-favor-de-los-suteymistas","status":"publish","type":"post","link":"https:\/\/www.diarioimagen.net\/?p=665866","title":{"rendered":"Tom\u00e1s Palomares Parra refrenda compromiso  \u00a0de seguir luchando en favor de los suteymistas"},"content":{"rendered":"<p>&nbsp;<\/p>\n<ul>\n<li>\u201cRegresaremos con m\u00e1s fuerza\u201d<\/li>\n<\/ul>\n<p>&nbsp;<\/p>\n<div id=\"attachment_665867\" style=\"width: 415px\" class=\"wp-caption alignnone\"><img loading=\"lazy\" decoding=\"async\" aria-describedby=\"caption-attachment-665867\" class=\"wp-image-665867 size-large\" src=\"https:\/\/www.diarioimagen.net\/wp-content\/uploads\/2025\/05\/BAENA-1-ok-1-405x270.jpg\" alt=\"\" width=\"405\" height=\"270\" srcset=\"https:\/\/www.diarioimagen.net\/wp-content\/uploads\/2025\/05\/BAENA-1-ok-1-405x270.jpg 405w, https:\/\/www.diarioimagen.net\/wp-content\/uploads\/2025\/05\/BAENA-1-ok-1-240x160.jpg 240w, https:\/\/www.diarioimagen.net\/wp-content\/uploads\/2025\/05\/BAENA-1-ok-1-768x512.jpg 768w, https:\/\/www.diarioimagen.net\/wp-content\/uploads\/2025\/05\/BAENA-1-ok-1.jpg 1500w\" sizes=\"auto, (max-width: 405px) 100vw, 405px\" \/><p id=\"caption-attachment-665867\" class=\"wp-caption-text\">El l\u00edder sindical Tom\u00e1s Palomares Parra refrend\u00f3 su compromiso de seguir luchando en favor de las conquistas laborales de los suteymistas de Naucalpan.<\/p><\/div>\n<p>Por Arturo Baena<\/p>\n<p>&nbsp;<\/p>\n<p>Naucalpan, M\u00e9x.- Ante miles de trabajadores pertenecientes al Sindicato \u00danico de Trabajadores del Estado y sus Municipios (SUTEyM) secci\u00f3n Naucalpan, el secretario general de ese gremio sindical, Tom\u00e1s Palomares Parra, refrend\u00f3 su compromiso de seguir luchando en favor de las conquistas laborales de los suteymistas de este municipio.<\/p>\n<p>&nbsp;<\/p>\n<p>\u00abCon valent\u00eda y con vigor, regresaremos con m\u00e1s fuerza. Vamos\u00a0 a continuar\u00a0 trabajando por todos y cada de los suteymistas. Vamos a seguir haciendo lo que todos sabemos hacer mejor, que es favorecer a las familias naucalpenses\u00bb, dijo.<\/p>\n<p>&nbsp;<\/p>\n<p>En el marco del D\u00eda del Trabajo, el tambi\u00e9n Secretario de Exterior del SUTEyM mexiquense agradeci\u00f3 el apoyo del alcalde Isaac Montoya, del maestro Herminio Cahue, de David y Juanita Parra, as\u00ed como la del asesor general,\u00a0 Erick Palomares, pero sobre todo a los\u00a0 suteymistas que han dando lo mejor de s\u00ed en favor del municipio de Naucalpan.<\/p>\n<p>&nbsp;<\/p>\n<p>Al grito de \u00abTom\u00e1s&#8230;Tom\u00e1s.\u00bb y \u00aberes un guerrero\u00bb\u00a0 miles de trabajadores del SUTEyM refrendaron su apoyo y solidaridad a Tomas Palomares Parra, mismo que les reiter\u00f3 qu\u00e9 : \u00ab\u00a1Veo con mucho gusto a mis luchadores. Aqu\u00ed estamos para apoyarlos!\u00bb, dijo.<\/p>\n<p>&nbsp;<\/p>\n<p>El dirigente sindical insisti\u00f3: \u00abLos quiero y muy pronto ya estar\u00e9 con ustedes. Pronto,\u00a0 muy pronto retomaremos nuestro trabajo y recuerden que la unidad es nuestra principal fortaleza. Que viva el SUTEyM \u00ab.<\/p>\n<p>&nbsp;<\/p>\n<p><strong>\u00a0<\/strong><\/p>\n","protected":false},"excerpt":{"rendered":"<p>&nbsp; \u201cRegresaremos con m\u00e1s fuerza\u201d &nbsp; Por Arturo Baena &nbsp; Naucalpan, M\u00e9x.- Ante miles de trabajadores pertenecientes al Sindicato \u00danico de Trabajadores del Estado y sus Municipios (SUTEyM) secci\u00f3n Naucalpan, el secretario general de ese gremio sindical, Tom\u00e1s Palomares Parra, refrend\u00f3 su compromiso de seguir luchando en favor de las conquistas laborales de los suteymistas [&hellip;]<\/p>\n","protected":false},"author":14,"featured_media":665867,"comment_status":"open","ping_status":"open","sticky":false,"template":"","format":"standard","meta":{"_monsterinsights_skip_tracking":false,"_monsterinsights_sitenote_active":false,"_monsterinsights_sitenote_note":"","_monsterinsights_sitenote_category":0,"footnotes":""},"categories":[5],"tags":[],"class_list":["post-665866","post","type-post","status-publish","format-standard","has-post-thumbnail","hentry","category-estado-de-mexico"],"_links":{"self":[{"href":"https:\/\/www.diarioimagen.net\/index.php?rest_route=\/wp\/v2\/posts\/665866","targetHints":{"allow":["GET"]}}],"collection":[{"href":"https:\/\/www.diarioimagen.net\/index.php?rest_route=\/wp\/v2\/posts"}],"about":[{"href":"https:\/\/www.diarioimagen.net\/index.php?rest_route=\/wp\/v2\/types\/post"}],"author":[{"embeddable":true,"href":"https:\/\/www.diarioimagen.net\/index.php?rest_route=\/wp\/v2\/users\/14"}],"replies":[{"embeddable":true,"href":"https:\/\/www.diarioimagen.net\/index.php?rest_route=%2Fwp%2Fv2%2Fcomments&post=665866"}],"version-history":[{"count":1,"href":"https:\/\/www.diarioimagen.net\/index.php?rest_route=\/wp\/v2\/posts\/665866\/revisions"}],"predecessor-version":[{"id":665868,"href":"https:\/\/www.diarioimagen.net\/index.php?rest_route=\/wp\/v2\/posts\/665866\/revisions\/665868"}],"wp:featuredmedia":[{"embeddable":true,"href":"https:\/\/www.diarioimagen.net\/index.php?rest_route=\/wp\/v2\/media\/665867"}],"wp:attachment":[{"href":"https:\/\/www.diarioimagen.net\/index.php?rest_route=%2Fwp%2Fv2%2Fmedia&parent=665866"}],"wp:term":[{"taxonomy":"category","embeddable":true,"href":"https:\/\/www.diarioimagen.net\/index.php?rest_route=%2Fwp%2Fv2%2Fcategories&post=665866"},{"taxonomy":"post_tag","embeddable":true,"href":"https:\/\/www.diarioimagen.net\/index.php?rest_route=%2Fwp%2Fv2%2Ftags&post=665866"}],"curies":[{"name":"wp","href":"https:\/\/api.w.org\/{rel}","templated":true}]}}