{"id":665872,"date":"2025-05-05T00:00:29","date_gmt":"2025-05-05T06:00:29","guid":{"rendered":"https:\/\/www.diarioimagen.net\/?p=665872"},"modified":"2025-05-04T19:44:21","modified_gmt":"2025-05-05T01:44:21","slug":"se-rescatara-la-oda-de-hierro-una-escultura-caracteristica-de-naucalpan","status":"publish","type":"post","link":"https:\/\/www.diarioimagen.net\/?p=665872","title":{"rendered":"Se rescatar\u00e1 la Oda de Hierro, una  escultura caracter\u00edstica de Naucalpan"},"content":{"rendered":"<p>&nbsp;<\/p>\n<p>&nbsp;<\/p>\n<ul>\n<li><strong>S\u00edmbolo de la vocaci\u00f3n industrial<\/strong><\/li>\n<\/ul>\n<div id=\"attachment_665873\" style=\"width: 422px\" class=\"wp-caption alignnone\"><img loading=\"lazy\" decoding=\"async\" aria-describedby=\"caption-attachment-665873\" class=\"wp-image-665873 size-large\" src=\"https:\/\/www.diarioimagen.net\/wp-content\/uploads\/2025\/05\/BAENA-3-ok-1-412x270.jpg\" alt=\"\" width=\"412\" height=\"270\" srcset=\"https:\/\/www.diarioimagen.net\/wp-content\/uploads\/2025\/05\/BAENA-3-ok-1-412x270.jpg 412w, https:\/\/www.diarioimagen.net\/wp-content\/uploads\/2025\/05\/BAENA-3-ok-1-240x157.jpg 240w, https:\/\/www.diarioimagen.net\/wp-content\/uploads\/2025\/05\/BAENA-3-ok-1-768x503.jpg 768w, https:\/\/www.diarioimagen.net\/wp-content\/uploads\/2025\/05\/BAENA-3-ok-1.jpg 1500w\" sizes=\"auto, (max-width: 412px) 100vw, 412px\" \/><p id=\"caption-attachment-665873\" class=\"wp-caption-text\">El alcalde de Naucalpan, Isaac Montoya M\u00e1rquez, luego de recordar a los m\u00e1rtires de Chicago, anunci\u00f3 el rescate de la emblem\u00e1tica e ic\u00f3nica escultura la Oda de Hierro.<\/p><\/div>\n<p>&nbsp;<\/p>\n<p>Naucalpan. Mex.- En el marco del D\u00eda del Trabajo, el presidente municipal, Isaac Montoya M\u00e1rquez, anunci\u00f3 el rescate de la emblem\u00e1tica e ic\u00f3nica escultura la Oda de Hierro, una obra que marc\u00f3 la fundaci\u00f3n de un municipio con vocaci\u00f3n industrial, de hombres y mujeres trabajadoras que siguen aportando la mayor cantidad del PIB a nivel estatal con m\u00e1s del 17%.<\/p>\n<p>&nbsp;<\/p>\n<p>Justo a un costado de la escultura de 15 metros de altura, ubicada en la v\u00eda Gustavo Baz y Primero de Mayo, a la entrada de la zona industrial de Naucalpan, y luego de recordar a los m\u00e1rtires de Chicago, los trabajadores de Cananea y los m\u00e1rtires de R\u00edo Blanco, el alcalde afirm\u00f3 que se rehabilitar\u00e1 y elevar\u00e1 unos metros de tal forma que logre ser visible puesto que hoy d\u00eda queda obstruido por el puente vial que comunica a la avenida Luis Donaldo Colosio con las mencionadas v\u00edas.<\/p>\n<p>&nbsp;<\/p>\n<p>Ante vecinas y vecinos explic\u00f3 que, debajo de la estructura de la Oda de Hierro (com\u00fanmente conocido como el Mono de Fierro), escultura de 58 a\u00f1os de historia, que es un icono del patrimonio cultural e industrial de Naucalpan, as\u00ed como una referencia, se crear\u00e1 un centro cultural y comunitario de reuni\u00f3n social, que se destinar\u00e1 principalmente para la clase trabajadora, para realizar talleres de capacitaci\u00f3n laboral y de diversa \u00edndole.<\/p>\n<p>&nbsp;<\/p>\n<p>En esta zona a trav\u00e9s del programa Transformando mi Espacio, a cargo de la Direcci\u00f3n de Servicios P\u00fablicos, tambi\u00e9n se recuperar\u00e1 el entorno del lugar. Se propone construir en la parte baja de la estructura un centro formativo de artes y oficios, adem\u00e1s de recuperar el entorno con senderos seguros, iluminaci\u00f3n y jardineras.<\/p>\n<p>&nbsp;<\/p>\n<p>\u201cNo s\u00f3lo se rescatar\u00e1 la Oda de Hierro, sino el entorno, ya que tenemos un proyecto claro de c\u00f3mo va a quedar\u201d, pr\u00e1cticamente en un par de meses, tendremos este espacio con un mejor entorno y se lo devolveremos a la clase trabajadora que a diario camina por aqu\u00ed. Para que tambi\u00e9n sea un espacio de seguridad, liberado y rescatado para beneficio de todas y de todos los naucalpenses, apunt\u00f3 Montoya M\u00e1rquez.<\/p>\n<p>&nbsp;<\/p>\n<p>&nbsp;<\/p>\n<p>&nbsp;<\/p>\n","protected":false},"excerpt":{"rendered":"<p>&nbsp; &nbsp; S\u00edmbolo de la vocaci\u00f3n industrial &nbsp; Naucalpan. Mex.- En el marco del D\u00eda del Trabajo, el presidente municipal, Isaac Montoya M\u00e1rquez, anunci\u00f3 el rescate de la emblem\u00e1tica e ic\u00f3nica escultura la Oda de Hierro, una obra que marc\u00f3 la fundaci\u00f3n de un municipio con vocaci\u00f3n industrial, de hombres y mujeres trabajadoras que siguen [&hellip;]<\/p>\n","protected":false},"author":14,"featured_media":665873,"comment_status":"open","ping_status":"open","sticky":false,"template":"","format":"standard","meta":{"_monsterinsights_skip_tracking":false,"_monsterinsights_sitenote_active":false,"_monsterinsights_sitenote_note":"","_monsterinsights_sitenote_category":0,"footnotes":""},"categories":[5],"tags":[],"class_list":["post-665872","post","type-post","status-publish","format-standard","has-post-thumbnail","hentry","category-estado-de-mexico"],"_links":{"self":[{"href":"https:\/\/www.diarioimagen.net\/index.php?rest_route=\/wp\/v2\/posts\/665872","targetHints":{"allow":["GET"]}}],"collection":[{"href":"https:\/\/www.diarioimagen.net\/index.php?rest_route=\/wp\/v2\/posts"}],"about":[{"href":"https:\/\/www.diarioimagen.net\/index.php?rest_route=\/wp\/v2\/types\/post"}],"author":[{"embeddable":true,"href":"https:\/\/www.diarioimagen.net\/index.php?rest_route=\/wp\/v2\/users\/14"}],"replies":[{"embeddable":true,"href":"https:\/\/www.diarioimagen.net\/index.php?rest_route=%2Fwp%2Fv2%2Fcomments&post=665872"}],"version-history":[{"count":1,"href":"https:\/\/www.diarioimagen.net\/index.php?rest_route=\/wp\/v2\/posts\/665872\/revisions"}],"predecessor-version":[{"id":665874,"href":"https:\/\/www.diarioimagen.net\/index.php?rest_route=\/wp\/v2\/posts\/665872\/revisions\/665874"}],"wp:featuredmedia":[{"embeddable":true,"href":"https:\/\/www.diarioimagen.net\/index.php?rest_route=\/wp\/v2\/media\/665873"}],"wp:attachment":[{"href":"https:\/\/www.diarioimagen.net\/index.php?rest_route=%2Fwp%2Fv2%2Fmedia&parent=665872"}],"wp:term":[{"taxonomy":"category","embeddable":true,"href":"https:\/\/www.diarioimagen.net\/index.php?rest_route=%2Fwp%2Fv2%2Fcategories&post=665872"},{"taxonomy":"post_tag","embeddable":true,"href":"https:\/\/www.diarioimagen.net\/index.php?rest_route=%2Fwp%2Fv2%2Ftags&post=665872"}],"curies":[{"name":"wp","href":"https:\/\/api.w.org\/{rel}","templated":true}]}}