{"id":665875,"date":"2025-05-05T00:00:32","date_gmt":"2025-05-05T06:00:32","guid":{"rendered":"https:\/\/www.diarioimagen.net\/?p=665875"},"modified":"2025-05-04T19:45:35","modified_gmt":"2025-05-05T01:45:35","slug":"el-cetemista-janitzio-soto-se-pronuncia-contra-el-isr-a-trabajadores","status":"publish","type":"post","link":"https:\/\/www.diarioimagen.net\/?p=665875","title":{"rendered":"El cetemista Janitzio Soto se pronuncia contra el ISR a trabajadores"},"content":{"rendered":"<div id=\"attachment_665876\" style=\"width: 470px\" class=\"wp-caption alignnone\"><img loading=\"lazy\" decoding=\"async\" aria-describedby=\"caption-attachment-665876\" class=\"wp-image-665876 size-large\" src=\"https:\/\/www.diarioimagen.net\/wp-content\/uploads\/2025\/05\/BAENA-4-ok-1-460x246.jpg\" alt=\"\" width=\"460\" height=\"246\" srcset=\"https:\/\/www.diarioimagen.net\/wp-content\/uploads\/2025\/05\/BAENA-4-ok-1-460x246.jpg 460w, https:\/\/www.diarioimagen.net\/wp-content\/uploads\/2025\/05\/BAENA-4-ok-1-240x128.jpg 240w, https:\/\/www.diarioimagen.net\/wp-content\/uploads\/2025\/05\/BAENA-4-ok-1-768x410.jpg 768w, https:\/\/www.diarioimagen.net\/wp-content\/uploads\/2025\/05\/BAENA-4-ok-1-1536x820.jpg 1536w, https:\/\/www.diarioimagen.net\/wp-content\/uploads\/2025\/05\/BAENA-4-ok-1-2048x1093.jpg 2048w\" sizes=\"auto, (max-width: 460px) 100vw, 460px\" \/><p id=\"caption-attachment-665876\" class=\"wp-caption-text\">El cetemista Janitzio Soto se pronuncia contra el ISR a trabajadores<\/p><\/div>\n<p>Tlalnepantla, M\u00e9x.- En el marco del D\u00eda del Trabajo, el subsecretario de la Confederaci\u00f3n de Trabajadores de M\u00e9xico CTM, en el Estado de M\u00e9xico, Janitzio Soto Elguera, se manifest\u00f3 en contra del Impuesto Sobre la Renta al mismo tiempo de pedir su cancelaci\u00f3n, lo que fue bien visto por las organizaciones sindicales presentes\u00a0 en utilidades aguinaldo, pero sobre todo en tiempo extra. El tambi\u00e9n dirigente de la secci\u00f3n Tlalnepantla\u00a0 CTM convoc\u00f3 a las autoridades estatales y municipales a sumar esfuerzos para el bienestar de las familias trabajadores. Entre otros puntos y en\u00a0 presencia del Secretario del Trabajo del Gobierno del Estado de M\u00e9xico, Norberto Morales Poblete resalt\u00f3 la reducci\u00f3n de\u00a0 la jornada laboral de 48 a 40 horas que adem\u00e1s de transformar la vida de los trabajadores impulsar\u00e1 una mayor eficiencia y productividad en los centros de trabajo.<\/p>\n<p>&nbsp;<\/p>\n<p>&nbsp;<\/p>\n<p>&nbsp;<\/p>\n<p>Afirm\u00f3 Soto Elguera que los trabajadores y trabajadoras , son los que se matan trabajando y el gobierno se lleva el producto\u00a0 de nuestro esfuerzo y desgaste<\/p>\n","protected":false},"excerpt":{"rendered":"<p>Tlalnepantla, M\u00e9x.- En el marco del D\u00eda del Trabajo, el subsecretario de la Confederaci\u00f3n de Trabajadores de M\u00e9xico CTM, en el Estado de M\u00e9xico, Janitzio Soto Elguera, se manifest\u00f3 en contra del Impuesto Sobre la Renta al mismo tiempo de pedir su cancelaci\u00f3n, lo que fue bien visto por las organizaciones sindicales presentes\u00a0 en utilidades [&hellip;]<\/p>\n","protected":false},"author":14,"featured_media":665876,"comment_status":"open","ping_status":"open","sticky":false,"template":"","format":"standard","meta":{"_monsterinsights_skip_tracking":false,"_monsterinsights_sitenote_active":false,"_monsterinsights_sitenote_note":"","_monsterinsights_sitenote_category":0,"footnotes":""},"categories":[5],"tags":[],"class_list":["post-665875","post","type-post","status-publish","format-standard","has-post-thumbnail","hentry","category-estado-de-mexico"],"_links":{"self":[{"href":"https:\/\/www.diarioimagen.net\/index.php?rest_route=\/wp\/v2\/posts\/665875","targetHints":{"allow":["GET"]}}],"collection":[{"href":"https:\/\/www.diarioimagen.net\/index.php?rest_route=\/wp\/v2\/posts"}],"about":[{"href":"https:\/\/www.diarioimagen.net\/index.php?rest_route=\/wp\/v2\/types\/post"}],"author":[{"embeddable":true,"href":"https:\/\/www.diarioimagen.net\/index.php?rest_route=\/wp\/v2\/users\/14"}],"replies":[{"embeddable":true,"href":"https:\/\/www.diarioimagen.net\/index.php?rest_route=%2Fwp%2Fv2%2Fcomments&post=665875"}],"version-history":[{"count":1,"href":"https:\/\/www.diarioimagen.net\/index.php?rest_route=\/wp\/v2\/posts\/665875\/revisions"}],"predecessor-version":[{"id":665877,"href":"https:\/\/www.diarioimagen.net\/index.php?rest_route=\/wp\/v2\/posts\/665875\/revisions\/665877"}],"wp:featuredmedia":[{"embeddable":true,"href":"https:\/\/www.diarioimagen.net\/index.php?rest_route=\/wp\/v2\/media\/665876"}],"wp:attachment":[{"href":"https:\/\/www.diarioimagen.net\/index.php?rest_route=%2Fwp%2Fv2%2Fmedia&parent=665875"}],"wp:term":[{"taxonomy":"category","embeddable":true,"href":"https:\/\/www.diarioimagen.net\/index.php?rest_route=%2Fwp%2Fv2%2Fcategories&post=665875"},{"taxonomy":"post_tag","embeddable":true,"href":"https:\/\/www.diarioimagen.net\/index.php?rest_route=%2Fwp%2Fv2%2Ftags&post=665875"}],"curies":[{"name":"wp","href":"https:\/\/api.w.org\/{rel}","templated":true}]}}