{"id":665886,"date":"2025-05-05T00:00:36","date_gmt":"2025-05-05T06:00:36","guid":{"rendered":"https:\/\/www.diarioimagen.net\/?p=665886"},"modified":"2025-05-04T19:50:52","modified_gmt":"2025-05-05T01:50:52","slug":"caravanas-por-la-justicia-social-otorgan-mas-de-400-mil-servicios","status":"publish","type":"post","link":"https:\/\/www.diarioimagen.net\/?p=665886","title":{"rendered":"Caravanas por la Justicia Social otorgan m\u00e1s de 400 mil servicios"},"content":{"rendered":"<ul>\n<li><strong>Generan un ahorro de 124 mdp a las familias mexiquenses<\/strong><\/li>\n<\/ul>\n<div id=\"attachment_665891\" style=\"width: 415px\" class=\"wp-caption alignnone\"><img loading=\"lazy\" decoding=\"async\" aria-describedby=\"caption-attachment-665891\" class=\"wp-image-665891 size-large\" src=\"https:\/\/www.diarioimagen.net\/wp-content\/uploads\/2025\/05\/EDOMEX-2-ok-1-405x270.jpg\" alt=\"\" width=\"405\" height=\"270\" srcset=\"https:\/\/www.diarioimagen.net\/wp-content\/uploads\/2025\/05\/EDOMEX-2-ok-1-405x270.jpg 405w, https:\/\/www.diarioimagen.net\/wp-content\/uploads\/2025\/05\/EDOMEX-2-ok-1-240x160.jpg 240w, https:\/\/www.diarioimagen.net\/wp-content\/uploads\/2025\/05\/EDOMEX-2-ok-1-768x511.jpg 768w, https:\/\/www.diarioimagen.net\/wp-content\/uploads\/2025\/05\/EDOMEX-2-ok-1.jpg 1500w\" sizes=\"auto, (max-width: 405px) 100vw, 405px\" \/><p id=\"caption-attachment-665891\" class=\"wp-caption-text\">Las Caravanas por la Justicia Social, encabezadas por la Consejer\u00eda Jur\u00eddica, han alcanzado una cobertura del 96% del territorio estatal, en beneficio de m\u00e1s de 147 mil familias.<\/p><\/div>\n<p>&nbsp;<\/p>\n<p>&nbsp;<\/p>\n<p>Naucalpan, Estado de M\u00e9xico. \u2013 \u201cEl d\u00eda de hoy ya superamos los 400 mil tr\u00e1mites y servicios otorgados en estas Caravanas y esto ha beneficiado a m\u00e1s de 147 mil familias mexiquenses. Y no solo eso, no solo significa que ya salgan aqu\u00ed con un testamento gratuito, con un acta de nacimiento o con la resoluci\u00f3n pr\u00e1cticamente de un conflicto o una asesor\u00eda\u201d, afirm\u00f3 Jes\u00fas George Zamora, Consejero Jur\u00eddico del Gobierno del Estado de M\u00e9xico.<\/p>\n<p>&nbsp;<\/p>\n<p>&nbsp;<\/p>\n<p>&nbsp;<\/p>\n<p>El Gobierno de la Maestra Delfina G\u00f3mez \u00c1lvarez implement\u00f3 el programa Caravanas Itinerantes por la Justicia Social, con el prop\u00f3sito de disminuir el rezago jur\u00eddico y llevar soluciones directas a comunidades urbanas, rurales e ind\u00edgenas que hist\u00f3ricamente enfrentaron barreras de acceso a la justicia.<\/p>\n<p>&nbsp;<\/p>\n<p>El Consejero Jur\u00eddico destac\u00f3 que se ha dado acceso a 129 servicios gratuitos como regularizaci\u00f3n de propiedades, canalizaci\u00f3n a programas sociales, entre otros. Algunos servicios son gratuitos y otros con descuentos de hasta 65 por ciento, lo que ha beneficiado a 147 mil 136 familias.<\/p>\n<p>&nbsp;<\/p>\n<p>\u201cEs un ahorro significativo del costo que pudiera haber existido de estos tr\u00e1mites y servicios, fundamentalmente, porque la gran mayor\u00eda son gratuitos o tienen grandes descuentos. As\u00ed, estimamos un ahorro para las familias mexiquenses de aproximadamente 124 millones de pesos\u201d, inform\u00f3 Jes\u00fas George Zamora.<\/p>\n<p>&nbsp;<\/p>\n<p>Las Caravanas Itinerantes por la Justicia Social, programa prioritario contenido en el Plan de Desarrollo 2023\u20132029, han llegado a 120 municipios, logrando una cobertura del 96 por ciento del territorio mexiquense.<\/p>\n<p>&nbsp;<\/p>\n<p>Entre los muchos rostros satisfechos, est\u00e1 Mar\u00eda Fernanda Garc\u00eda, joven productora de tuna, \u201cmi esposo y yo nos dedicamos al campo, a la cosecha de la tuna, por eso me acerqu\u00e9. Somos un matrimonio joven y como apenas vamos empezando, estos apoyos, la verdad, nos fortalecen mucho. Nos apoyan en lo econ\u00f3mico porque el costo de recuperaci\u00f3n no se compara si lo compr\u00e1ramos afuera\u201d.<\/p>\n<p>&nbsp;<\/p>\n<p>&nbsp;<\/p>\n<p>&nbsp;<\/p>\n<p>Por ello, recibi\u00f3 orientaci\u00f3n jur\u00eddica que le permitir\u00e1 acceder a los programas de apoyo de la Secretar\u00eda del Campo, una de las 29 dependencias que participa activamente en estas jornadas.<\/p>\n<p>&nbsp;<\/p>\n<p>&nbsp;<\/p>\n<p>&nbsp;<\/p>\n<p><strong>\u00a0<\/strong><\/p>\n","protected":false},"excerpt":{"rendered":"<p>Generan un ahorro de 124 mdp a las familias mexiquenses &nbsp; &nbsp; Naucalpan, Estado de M\u00e9xico. \u2013 \u201cEl d\u00eda de hoy ya superamos los 400 mil tr\u00e1mites y servicios otorgados en estas Caravanas y esto ha beneficiado a m\u00e1s de 147 mil familias mexiquenses. Y no solo eso, no solo significa que ya salgan aqu\u00ed [&hellip;]<\/p>\n","protected":false},"author":14,"featured_media":665891,"comment_status":"open","ping_status":"open","sticky":false,"template":"","format":"standard","meta":{"_monsterinsights_skip_tracking":false,"_monsterinsights_sitenote_active":false,"_monsterinsights_sitenote_note":"","_monsterinsights_sitenote_category":0,"footnotes":""},"categories":[5],"tags":[],"class_list":["post-665886","post","type-post","status-publish","format-standard","has-post-thumbnail","hentry","category-estado-de-mexico"],"_links":{"self":[{"href":"https:\/\/www.diarioimagen.net\/index.php?rest_route=\/wp\/v2\/posts\/665886","targetHints":{"allow":["GET"]}}],"collection":[{"href":"https:\/\/www.diarioimagen.net\/index.php?rest_route=\/wp\/v2\/posts"}],"about":[{"href":"https:\/\/www.diarioimagen.net\/index.php?rest_route=\/wp\/v2\/types\/post"}],"author":[{"embeddable":true,"href":"https:\/\/www.diarioimagen.net\/index.php?rest_route=\/wp\/v2\/users\/14"}],"replies":[{"embeddable":true,"href":"https:\/\/www.diarioimagen.net\/index.php?rest_route=%2Fwp%2Fv2%2Fcomments&post=665886"}],"version-history":[{"count":1,"href":"https:\/\/www.diarioimagen.net\/index.php?rest_route=\/wp\/v2\/posts\/665886\/revisions"}],"predecessor-version":[{"id":665904,"href":"https:\/\/www.diarioimagen.net\/index.php?rest_route=\/wp\/v2\/posts\/665886\/revisions\/665904"}],"wp:featuredmedia":[{"embeddable":true,"href":"https:\/\/www.diarioimagen.net\/index.php?rest_route=\/wp\/v2\/media\/665891"}],"wp:attachment":[{"href":"https:\/\/www.diarioimagen.net\/index.php?rest_route=%2Fwp%2Fv2%2Fmedia&parent=665886"}],"wp:term":[{"taxonomy":"category","embeddable":true,"href":"https:\/\/www.diarioimagen.net\/index.php?rest_route=%2Fwp%2Fv2%2Fcategories&post=665886"},{"taxonomy":"post_tag","embeddable":true,"href":"https:\/\/www.diarioimagen.net\/index.php?rest_route=%2Fwp%2Fv2%2Ftags&post=665886"}],"curies":[{"name":"wp","href":"https:\/\/api.w.org\/{rel}","templated":true}]}}